{"id":17192,"date":"2015-07-01T13:25:04","date_gmt":"2015-07-01T10:25:04","guid":{"rendered":"http:\/\/www.bbyhaber.com\/bby\/?p=17192"},"modified":"2016-01-18T13:43:48","modified_gmt":"2016-01-18T11:43:48","slug":"izmir-bayraklida-12-kutuphane-hizmete-girdi","status":"publish","type":"post","link":"https:\/\/www.bbyhaber.com\/bby\/2015\/07\/01\/izmir-bayraklida-12-kutuphane-hizmete-girdi","title":{"rendered":"\u0130zmir-Bayrakl\u0131&#8217;da 12.k\u00fct\u00fcphane hizmete girdi"},"content":{"rendered":"<p style=\"text-align: justify;\"><img loading=\"lazy\" decoding=\"async\" class=\"alignleft\" src=\"http:\/\/bbyhaber.com\/bby\/wp-content\/uploads\/2015\/07\/bayrakli-kutuphane.jpg\" alt=\"\" width=\"263\" height=\"146\" \/>Bayrakl\u0131 Belediyesi 12. k\u00fct\u00fcphanesini So\u011fukkuyu Mahallesi&#8217;nde d\u00fczenlenen t\u00f6renle hizmete a\u00e7t\u0131. \u00c7ocuklara kitap da\u011f\u0131t\u0131p hat\u0131ra foto\u011fraf\u0131 \u00e7ektiren Bayrakl\u0131 Belediye Ba\u015fkan\u0131 Hasan Karaba\u011f, yaz tatilinde t\u00fcm \u00e7ocuklar\u0131 kitap okumas\u0131n\u0131 istedi. &#8220;Her mahalleye bir k\u00fct\u00fcphane&#8221; slogan\u0131yla yola \u00e7\u0131kan Bayrakl\u0131 Belediyesi, k\u00fct\u00fcphane say\u0131s\u0131n\u0131 art\u0131rmaya devam ediyor. K\u00fct\u00fcphane M\u00fcd\u00fcrl\u00fc\u011f\u00fc b\u00fcnyesinde Emek, Yamanlar, G\u00fcm\u00fc\u015fpala, Onur A\u00e7\u0131khava, \u0130hsan Alyanak, Bayrakl\u0131 Merkez, Muhittin Erener, Refik \u015eevket \u0130nce, Cengizhan, 75. Y\u0131l K\u00fclt\u00fcr Merkezi ve Osmangazi&#8217;den sonra 12. k\u00fct\u00fcphane So\u011fukkuyu Mahallesi&#8217;nde hizmete girdi. Bayrakl\u0131 Belediye Ba\u015fkan\u0131 Hasan Karaba\u011f, a\u00e7\u0131l\u0131\u015f kurdelesini \u00e7ocuklarla birlikte kesti.<!--more--><\/p>\n<p style=\"text-align: justify;\">&#8220;K\u00dcT\u00dcPHANELER\u0130M\u0130ZE BEKL\u0130YORUZ&#8221;<br \/>\nBayrakl\u0131&#8217;ya 12. k\u00fct\u00fcphaneyi kazand\u0131rman\u0131n mutlulu\u011funu ya\u015fad\u0131klar\u0131n\u0131 dile getiren Ba\u015fkan Karaba\u011f, &#8220;23 Mahallemizin 12&#8217;sinde k\u00fct\u00fcphanemiz var. \u00d6n\u00fcm\u00fczde her mahalleye bir k\u00fct\u00fcphane a\u00e7ma hedefimiz var. Buras\u0131 semt merkezi olarak kullan\u0131l\u0131yordu. Vatanda\u015flar taraf\u0131ndan al\u0131\u015f\u0131lm\u0131\u015f bir binay\u0131 k\u00fct\u00fcphaneye \u00e7evirdik. \u00c7ocuklar\u0131m\u0131z\u0131n kitap okumas\u0131, bilgisayar ortam\u0131nda ders \u00e7al\u0131\u015fabilmesini sa\u011flayan k\u00fct\u00fcphanemiz hay\u0131rl\u0131 u\u011furlu olsun. Yaz tatiline gelen \u00e7ocuklar\u0131m\u0131z\u0131 k\u00fct\u00fcphanelerimize bekliyoruz&#8221; dedi. K\u00fct\u00fcphanede a\u00e7\u0131l\u0131\u015f\u0131nda \u00e7ocuklara kitap hediye eden Ba\u015fkan Karaba\u011f, onlarla birlikte hat\u0131ra foto\u011fraf\u0131 \u00e7ektirdi.<\/p>\n<p style=\"text-align: justify;\">Kaynak: http:\/\/www.haberturk.com\/<\/p>\n","protected":false},"excerpt":{"rendered":"<p>Bayrakl\u0131 Belediyesi 12. k\u00fct\u00fcphanesini So\u011fukkuyu Mahallesi&#8217;nde d\u00fczenlenen t\u00f6renle hizmete a\u00e7t\u0131. \u00c7ocuklara kitap da\u011f\u0131t\u0131p hat\u0131ra foto\u011fraf\u0131 \u00e7ektiren Bayrakl\u0131 Belediye Ba\u015fkan\u0131 Hasan Karaba\u011f, yaz tatilinde t\u00fcm \u00e7ocuklar\u0131 kitap okumas\u0131n\u0131 istedi. &#8220;Her mahalleye bir k\u00fct\u00fcphane&#8221; slogan\u0131yla yola \u00e7\u0131kan Bayrakl\u0131 Belediyesi, k\u00fct\u00fcphane say\u0131s\u0131n\u0131 art\u0131rmaya devam ediyor. K\u00fct\u00fcphane M\u00fcd\u00fcrl\u00fc\u011f\u00fc b\u00fcnyesinde Emek, Yamanlar, G\u00fcm\u00fc\u015fpala, Onur A\u00e7\u0131khava, \u0130hsan Alyanak, Bayrakl\u0131 Merkez, Muhittin [&hellip;]<\/p>\n","protected":false},"author":1,"featured_media":0,"comment_status":"open","ping_status":"open","sticky":false,"template":"","format":"standard","meta":{"footnotes":""},"categories":[1],"tags":[820],"class_list":["post-17192","post","type-post","status-publish","format-standard","hentry","category-genel","tag-mahalle-kutuphaneleri"],"_links":{"self":[{"href":"https:\/\/www.bbyhaber.com\/bby\/wp-json\/wp\/v2\/posts\/17192"}],"collection":[{"href":"https:\/\/www.bbyhaber.com\/bby\/wp-json\/wp\/v2\/posts"}],"about":[{"href":"https:\/\/www.bbyhaber.com\/bby\/wp-json\/wp\/v2\/types\/post"}],"author":[{"embeddable":true,"href":"https:\/\/www.bbyhaber.com\/bby\/wp-json\/wp\/v2\/users\/1"}],"replies":[{"embeddable":true,"href":"https:\/\/www.bbyhaber.com\/bby\/wp-json\/wp\/v2\/comments?post=17192"}],"version-history":[{"count":0,"href":"https:\/\/www.bbyhaber.com\/bby\/wp-json\/wp\/v2\/posts\/17192\/revisions"}],"wp:attachment":[{"href":"https:\/\/www.bbyhaber.com\/bby\/wp-json\/wp\/v2\/media?parent=17192"}],"wp:term":[{"taxonomy":"category","embeddable":true,"href":"https:\/\/www.bbyhaber.com\/bby\/wp-json\/wp\/v2\/categories?post=17192"},{"taxonomy":"post_tag","embeddable":true,"href":"https:\/\/www.bbyhaber.com\/bby\/wp-json\/wp\/v2\/tags?post=17192"}],"curies":[{"name":"wp","href":"https:\/\/api.w.org\/{rel}","templated":true}]}}