{"id":17184,"date":"2015-07-01T07:01:43","date_gmt":"2015-07-01T04:01:43","guid":{"rendered":"http:\/\/www.bbyhaber.com\/bby\/?p=17184"},"modified":"2015-07-01T08:53:47","modified_gmt":"2015-07-01T05:53:47","slug":"atilim-universitesi-kadriye-zaim-kutuphanesi-e-bulten-38-sayisi-cikti","status":"publish","type":"post","link":"https:\/\/www.bbyhaber.com\/bby\/2015\/07\/01\/atilim-universitesi-kadriye-zaim-kutuphanesi-e-bulten-38-sayisi-cikti","title":{"rendered":"At\u0131l\u0131m \u00dcniversitesi Kadriye Zaim K\u00fct\u00fcphanesi E-B\u00fclten 38. Say\u0131s\u0131 \u00c7\u0131kt\u0131."},"content":{"rendered":"<div style=\"text-align: justify;\"><img loading=\"lazy\" decoding=\"async\" class=\"size-medium wp-image-17186 alignleft\" title=\"atilimeb\u00fclten\" src=\"http:\/\/www.bbyhaber.com\/bby\/wp-content\/uploads\/2015\/07\/atilimebulten.jpg\" alt=\"\" width=\"247\" height=\"113\" \/><a href=\"http:\/\/ebulten.library.atilim.edu.tr\/sayi\/2015-07\" target=\"_blank\">\u00a0At\u0131l\u0131m \u00dcniversitesi Kadriye Zaim K\u00fct\u00fcphanesi E-B\u00fclten&#8217;inin\u00a038. say\u0131s\u0131 <\/a>\u00e7\u0131kt\u0131. Bu say\u0131n\u0131n kapak konusu \u00dcniversiteye 18 y\u0131l hizmet eden ve 25 Haziran Per\u015fembe g\u00fcn\u00fc emekli olan Haz\u0131rl\u0131k Okulu M\u00fcd\u00fcr\u00fc Say\u0131n Aytuna Kocab\u0131y\u0131ko\u011flu\u2019na ayr\u0131lm\u0131\u015f durumda. SOHBET k\u00f6\u015fesinde; Aytuna Kocab\u0131y\u0131ko\u011flu ile\u00a0keyifli bir s\u00f6yle\u015fiye yer verilmi\u015f. MAKALELER k\u00f6\u015fesindeki makale ba\u015fl\u0131klar\u0131 \u015f\u00f6yle;<!--more--><\/div>\n<ul>\n<li><strong><em><a href=\"http:\/\/ebulten.library.atilim.edu.tr\/sayi\/2015-07?sayfa=3\" target=\"_blank\">At\u0131l\u0131m \u00dcniversitesi Kadriye Zaim K\u00fct\u00fcphanesi A\u00e7\u0131k ve Kurumsal Ar\u015fiv \u00c7al\u0131\u015fmalar\u0131<\/a><\/em><\/strong><\/li>\n<li><strong><em>\u00a0<a href=\"http:\/\/ebulten.library.atilim.edu.tr\/sayi\/2015-07?sayfa=4\" target=\"_blank\">Ba\u015farma \u0130ste\u011fi ve H\u0131rs<\/a>;\u00a0<\/em><\/strong><\/li>\n<li><strong><em><a href=\"http:\/\/ebulten.library.atilim.edu.tr\/sayi\/2015-07?sayfa=5\" target=\"_blank\">E-Devlet ve E-Hazirlik Durumu<\/a>;\u00a0\u00a0<\/em><\/strong><\/li>\n<li><strong><em><a href=\"http:\/\/ebulten.library.atilim.edu.tr\/sayi\/2015-07?sayfa=6\" target=\"_blank\">Floransa \u00dcniversitesi K\u00fct\u00fcphaneleri \u00dczerine \u0130nceleme<\/a>:\u00a0<\/em><\/strong><\/li>\n<li><strong><em><a href=\"http:\/\/ebulten.library.atilim.edu.tr\/sayi\/2015-07?sayfa=7\" target=\"_blank\">Hatiralar U\u00e7up Gitmesin (1)\u00a0<\/a><\/em><\/strong><strong><em><a href=\"http:\/\/ebulten.library.atilim.edu.tr\/sayi\/2015-07?sayfa=7\" target=\"_blank\">T\u00fcrk K\u00fct\u00fcphanecilerinin S\u00fcleyman Demirel\u2019le \u0130mtihan\u0131<\/a><\/em><\/strong><\/li>\n<\/ul>\n<p style=\"text-align: justify;\">YANSIMALAR k\u00f6\u015fesinde; Bo\u011fazi\u00e7i \u00dcniversitesi Mithat Alam Film Merkezi&#8217;nde, yak\u0131n bir zamanda aram\u0131zdan ayr\u0131lan ve 16 Kas\u0131m 2011 tarihinde ZEK\u0130 ALASYA ile yap\u0131lan bir s\u00f6yle\u015fiye yer verilmi\u015f.<\/p>\n<p style=\"text-align: justify;\">B\u0130L\u0130M D\u00dcNYASI k\u00f6\u015fesinde; BBC EARTH 16 Haziran 2015 say\u0131s\u0131nda yay\u0131nlanan \u201cADAM BECKER; EVREN\u0130N SONUNA DA\u0130R D\u00d6RT TEOR\u0130\u201d ba\u015fl\u0131kl\u0131 ara\u015ft\u0131rman\u0131n \u0130ngilizce ve T\u00fcrk\u00e7e metinlerine yer verilmi\u015f.<\/p>\n<p style=\"text-align: justify;\">Keyifli okumalar.<\/p>\n<p style=\"text-align: justify;\">Dergiye <a href=\"http:\/\/ebulten.library.atilim.edu.tr\/ a\" target=\"_blank\">http:\/\/ebulten.library.atilim.edu.tr<\/a>\u00a0adresinden ula\u015fabilirsiniz.<\/p>\n","protected":false},"excerpt":{"rendered":"<p>\u00a0At\u0131l\u0131m \u00dcniversitesi Kadriye Zaim K\u00fct\u00fcphanesi E-B\u00fclten&#8217;inin\u00a038. say\u0131s\u0131 \u00e7\u0131kt\u0131. Bu say\u0131n\u0131n kapak konusu \u00dcniversiteye 18 y\u0131l hizmet eden ve 25 Haziran Per\u015fembe g\u00fcn\u00fc emekli olan Haz\u0131rl\u0131k Okulu M\u00fcd\u00fcr\u00fc Say\u0131n Aytuna Kocab\u0131y\u0131ko\u011flu\u2019na ayr\u0131lm\u0131\u015f durumda. SOHBET k\u00f6\u015fesinde; Aytuna Kocab\u0131y\u0131ko\u011flu ile\u00a0keyifli bir s\u00f6yle\u015fiye yer verilmi\u015f. MAKALELER k\u00f6\u015fesindeki makale ba\u015fl\u0131klar\u0131 \u015f\u00f6yle;<\/p>\n","protected":false},"author":129,"featured_media":0,"comment_status":"open","ping_status":"open","sticky":false,"template":"","format":"standard","meta":{"footnotes":""},"categories":[1542,1],"tags":[758,1437],"class_list":["post-17184","post","type-post","status-publish","format-standard","hentry","category-atilim-universitesi-kadriye-zaim-kutuphanesi","category-genel","tag-atilim-universitesi-kadriye-zaim-kutuphanesi-e-bulten","tag-univ-arastirma-kutuphaneleri"],"_links":{"self":[{"href":"https:\/\/www.bbyhaber.com\/bby\/wp-json\/wp\/v2\/posts\/17184"}],"collection":[{"href":"https:\/\/www.bbyhaber.com\/bby\/wp-json\/wp\/v2\/posts"}],"about":[{"href":"https:\/\/www.bbyhaber.com\/bby\/wp-json\/wp\/v2\/types\/post"}],"author":[{"embeddable":true,"href":"https:\/\/www.bbyhaber.com\/bby\/wp-json\/wp\/v2\/users\/129"}],"replies":[{"embeddable":true,"href":"https:\/\/www.bbyhaber.com\/bby\/wp-json\/wp\/v2\/comments?post=17184"}],"version-history":[{"count":0,"href":"https:\/\/www.bbyhaber.com\/bby\/wp-json\/wp\/v2\/posts\/17184\/revisions"}],"wp:attachment":[{"href":"https:\/\/www.bbyhaber.com\/bby\/wp-json\/wp\/v2\/media?parent=17184"}],"wp:term":[{"taxonomy":"category","embeddable":true,"href":"https:\/\/www.bbyhaber.com\/bby\/wp-json\/wp\/v2\/categories?post=17184"},{"taxonomy":"post_tag","embeddable":true,"href":"https:\/\/www.bbyhaber.com\/bby\/wp-json\/wp\/v2\/tags?post=17184"}],"curies":[{"name":"wp","href":"https:\/\/api.w.org\/{rel}","templated":true}]}}