{"id":17177,"date":"2015-06-30T02:17:54","date_gmt":"2015-06-29T23:17:54","guid":{"rendered":"http:\/\/www.bbyhaber.com\/bby\/?p=17177"},"modified":"2015-06-30T09:55:18","modified_gmt":"2015-06-30T06:55:18","slug":"sungurlu-ilce-halk-kutuphanesi%e2%80%99nin-durumu-icler-acisi","status":"publish","type":"post","link":"https:\/\/www.bbyhaber.com\/bby\/2015\/06\/30\/sungurlu-ilce-halk-kutuphanesi%e2%80%99nin-durumu-icler-acisi","title":{"rendered":"Sungurlu \u0130l\u00e7e Halk K\u00fct\u00fcphanesi\u2019nin Durumu \u0130\u00e7ler Ac\u0131s\u0131"},"content":{"rendered":"<p style=\"text-align: justify;\"><img loading=\"lazy\" decoding=\"async\" class=\"alignleft\" src=\"http:\/\/www.bbyhaber.com\/bby\/wp-content\/uploads\/2015\/06\/corum_sungurlu_halk_kutuphanesinin_durumu_icler_acisi.jpg\" alt=\"\" width=\"222\" height=\"134\" \/>\u0130l\u00e7e \u00d6zel \u0130dare binas\u0131n\u0131n \u00fcst kat\u0131nda bulunan Halk K\u00fct\u00fcphanesinin tavan\u0131n\u0131n ya\u011fmur ya\u011fd\u0131\u011f\u0131nda su s\u0131zd\u0131rmas\u0131 k\u00fct\u00fcphaneyi kullanan vatanda\u015flar\u0131 rahats\u0131z ediyor. Halk K\u00fct\u00fcphanesi, 1995 y\u0131l\u0131nda d\u00f6nemin \u00c7orum Valisi Mustafa Y\u0131ld\u0131r\u0131m taraf\u0131ndan hizmete a\u00e7\u0131lan \u00d6zel \u0130dare binas\u0131n\u0131n \u00fcst kat\u0131nda hizmet veriyor. K\u00fct\u00fcphanenin \u00fcst\u00fcn\u00fcn teras olmas\u0131 ve bu teras\u0131n zamanla y\u0131pranmas\u0131 sonucu ya\u011f\u0131\u015fl\u0131 g\u00fcnlerde su s\u0131zmas\u0131na neden oluyor. Uzun zamand\u0131r K\u00fct\u00fcphanenin tavan\u0131n\u0131n su s\u0131zd\u0131rmas\u0131 binan\u0131n s\u0131vas\u0131n\u0131n d\u00f6k\u00fclmesine de neden olmu\u015f. <!--more--><br \/>\nEski binas\u0131nda s\u0131cakl\u0131\u011f\u0131 ile bilinen K\u00fct\u00fcphanede b\u00fcy\u00fck pencereleri nedeniyle k\u0131\u015f\u0131n \u0131s\u0131nma sorununun da ya\u015fand\u0131\u011f\u0131 bildirildi. K\u00fct\u00fcphaneyi kullanan \u00f6\u011frenciler ve vatanda\u015flar binan\u0131n fiziki yap\u0131s\u0131n\u0131n d\u00fczeltilmesini ve \u0131s\u0131nma sorunun biran evvel \u00e7\u00f6z\u00fclmesini istiyor. 24 bin kitab\u0131n bulundu\u011fu K\u00fct\u00fcphaneyi ge\u00e7en y\u0131l 32 bin 800 ki\u015fi ziyaret etmi\u015f. 1960 ki\u015finin \u00fcye oldu\u011fu K\u00fct\u00fcphaneden y\u0131ll\u0131k 8 bin 900 \u00f6d\u00fcn\u00e7 kitap \u00fcyelerin kullan\u0131lmas\u0131na sunulmu\u015f.<\/p>\n<p>(Sungurlu G\u00fcndem)<\/p>\n","protected":false},"excerpt":{"rendered":"<p>\u0130l\u00e7e \u00d6zel \u0130dare binas\u0131n\u0131n \u00fcst kat\u0131nda bulunan Halk K\u00fct\u00fcphanesinin tavan\u0131n\u0131n ya\u011fmur ya\u011fd\u0131\u011f\u0131nda su s\u0131zd\u0131rmas\u0131 k\u00fct\u00fcphaneyi kullanan vatanda\u015flar\u0131 rahats\u0131z ediyor. Halk K\u00fct\u00fcphanesi, 1995 y\u0131l\u0131nda d\u00f6nemin \u00c7orum Valisi Mustafa Y\u0131ld\u0131r\u0131m taraf\u0131ndan hizmete a\u00e7\u0131lan \u00d6zel \u0130dare binas\u0131n\u0131n \u00fcst kat\u0131nda hizmet veriyor. K\u00fct\u00fcphanenin \u00fcst\u00fcn\u00fcn teras olmas\u0131 ve bu teras\u0131n zamanla y\u0131pranmas\u0131 sonucu ya\u011f\u0131\u015fl\u0131 g\u00fcnlerde su s\u0131zmas\u0131na neden oluyor. Uzun [&hellip;]<\/p>\n","protected":false},"author":129,"featured_media":0,"comment_status":"open","ping_status":"open","sticky":false,"template":"","format":"standard","meta":{"footnotes":""},"categories":[1],"tags":[1436,757],"class_list":["post-17177","post","type-post","status-publish","format-standard","hentry","category-genel","tag-kutuphaneler","tag-sungurlu-ilce-halk-kutuphanesi"],"_links":{"self":[{"href":"https:\/\/www.bbyhaber.com\/bby\/wp-json\/wp\/v2\/posts\/17177"}],"collection":[{"href":"https:\/\/www.bbyhaber.com\/bby\/wp-json\/wp\/v2\/posts"}],"about":[{"href":"https:\/\/www.bbyhaber.com\/bby\/wp-json\/wp\/v2\/types\/post"}],"author":[{"embeddable":true,"href":"https:\/\/www.bbyhaber.com\/bby\/wp-json\/wp\/v2\/users\/129"}],"replies":[{"embeddable":true,"href":"https:\/\/www.bbyhaber.com\/bby\/wp-json\/wp\/v2\/comments?post=17177"}],"version-history":[{"count":0,"href":"https:\/\/www.bbyhaber.com\/bby\/wp-json\/wp\/v2\/posts\/17177\/revisions"}],"wp:attachment":[{"href":"https:\/\/www.bbyhaber.com\/bby\/wp-json\/wp\/v2\/media?parent=17177"}],"wp:term":[{"taxonomy":"category","embeddable":true,"href":"https:\/\/www.bbyhaber.com\/bby\/wp-json\/wp\/v2\/categories?post=17177"},{"taxonomy":"post_tag","embeddable":true,"href":"https:\/\/www.bbyhaber.com\/bby\/wp-json\/wp\/v2\/tags?post=17177"}],"curies":[{"name":"wp","href":"https:\/\/api.w.org\/{rel}","templated":true}]}}