{"id":17162,"date":"2015-06-29T13:09:33","date_gmt":"2015-06-29T10:09:33","guid":{"rendered":"http:\/\/www.bbyhaber.com\/bby\/?p=17162"},"modified":"2018-10-15T12:52:25","modified_gmt":"2018-10-15T09:52:25","slug":"kutuphane-konsorsiyum-sistemleri-teknoloji-ve-inovasyon-kongresi-gerceklestirildi","status":"publish","type":"post","link":"https:\/\/www.bbyhaber.com\/bby\/2015\/06\/29\/kutuphane-konsorsiyum-sistemleri-teknoloji-ve-inovasyon-kongresi-gerceklestirildi","title":{"rendered":"K\u00fct\u00fcphane Konsorsiyum Sistemleri Teknoloji ve \u0130novasyon Kongresi Ger\u00e7ekle\u015ftirildi"},"content":{"rendered":"<p style=\"text-align: justify;\"><a href=\"http:\/\/www.istanbul.edu.tr\/wp-content\/gallery\/kutuphane-konsorsiyum-sistemleri-15\/DSC_5805.JPG\"><img loading=\"lazy\" decoding=\"async\" class=\"alignleft\" src=\"http:\/\/www.istanbul.edu.tr\/wp-content\/gallery\/kutuphane-konsorsiyum-sistemleri-15\/DSC_5805.JPG\" alt=\"\" width=\"267\" height=\"163\" \/><\/a>ARLICON 14. Uluslararas\u0131 K\u00fct\u00fcphane Konsorsiyum Sistemleri Teknoloji ve \u0130novasyon Kongresi, \u0130\u00dc Eczac\u0131l\u0131k Fak\u00fcltesi ev sahipli\u011finde 25-26 Haziran 2015 tarihleri aras\u0131nda iki oturumda ger\u00e7ekle\u015ftirildi. Kongre, T\u00fcrkiye ile Rusya aras\u0131nda k\u00fct\u00fcphanecilik ve bilgiye eri\u015fim alan\u0131ndaki farkl\u0131 uygulamalar\u0131, projeler ile ilgili\u00a0deneyimleri, k\u00fct\u00fcphane hizmetlerinde i\u015fbirli\u011fini, k\u00fct\u00fcphane kaynaklar\u0131n\u0131 payla\u015fmay\u0131 ve Rusya\u2019daki k\u00fct\u00fcphane\u00a0hizmetleri i\u00e7in\u00a0yeni kalite\u00a0standartlar\u0131n\u0131 geli\u015ftirmeyi ama\u00e7l\u0131yor. Yeni\u00a0a\u011flar ve\u00a0bili\u015fim\u00a0tabanl\u0131 teknolojilerin\u00a0tan\u0131t\u0131lmas\u0131 misyonunu \u00fcstlenen\u00a0ARLICON, k\u00fct\u00fcphanelerde ortak projeler geli\u015ftiriyor.<!--more--><\/p>\n<p style=\"text-align: justify;\">\u0130ki g\u00fcn boyunca devam eden kongrenin ilk oturumuna, ANKOS \u0130dare Koordinat\u00f6r\u00fc ve Ko\u00e7 \u00dcniversitesi Suna K\u0131ra\u00e7 K\u00fct\u00fcphanesi Y\u00f6neticisi Tuba Akbayt\u00fcrk \u00c7anak, ULAKB\u0130M Ba\u015fkan\u0131 Mehmet Mirat Sato\u011flu, ANKOS OA Koordinat\u00f6r\u00fc ve \u0130zmir Teknoloji Enstit\u00fcs\u00fc K\u00fct\u00fcphanesi IR \u00c7al\u0131\u015fma Grubu Direkt\u00f6r\u00fc G\u00fcltekin G\u00fcrdal, ANKOS Eski Ba\u015fkan\u0131 ve MEF \u00dcniversitesi K\u00fct\u00fcphanesi Y\u00f6neticisi Ertu\u011frul \u00c7imen, Peter the Great St. Petersburg Polytechnic \u00dcniversitesi K\u00fct\u00fcphane Kompleksi Bilgi Direkt\u00f6r\u00fc ve Birle\u015fik Dini K\u00fct\u00fcphane Konsorsiyum Ortakl\u0131\u011f\u0131 Y\u00f6netici Direkt\u00f6r\u00fc (ARLICON) Alexander Plemnek kat\u0131ld\u0131.<\/p>\n<p style=\"text-align: justify;\">Kongrenin ikinci oturumuna ise, \u0130\u00dc K\u00fct\u00fcphane ve D\u00f6k\u00fcmantasyon B\u00f6l\u00fcm\u00fc Ba\u015fkan\u0131 Dr. Pervin Bezirci, Atat\u00fcrk K\u00fct\u00fcphanesi Say\u0131sal Ar\u015fivler ve E-kaynaklar Koordinat\u00f6r\u00fc Sel\u00e7uk Ayd\u0131n, Milli K\u00fct\u00fcphane Kaynaklar\u0131 Y\u00f6netici Direkt\u00f6r Vekili Elena Bun, El Yazmas\u0131 B\u00f6l\u00fcm\u00fc, Ar\u015fiv B\u00f6l\u00fcm\u00fc ve Kitap Restorasyon B\u00f6l\u00fcm\u00fc Ba\u015fkan\u0131 Dr. Nil Bayraktar, Osmanl\u0131 Ar\u015fivleri B\u00f6l\u00fcm\u00fc Dr. Mehmet G\u00fcne\u015f kat\u0131ld\u0131.<\/p>\n<p style=\"text-align: justify;\">Oturumlar, kat\u0131l\u0131mc\u0131lara plaket takdim edilmesiyle sona erdi.<\/p>\n<p style=\"text-align: justify;\">Kaynak: http:\/\/www.istanbul.edu.tr\/<\/p>\n<p style=\"text-align: justify;\"><a href=\"http:\/\/www.istanbul.edu.tr\/wp-content\/gallery\/kutuphane-konsorsiyum-sistemleri-15\/DSC_5775.JPG\"><img loading=\"lazy\" decoding=\"async\" class=\"alignnone\" src=\"http:\/\/www.istanbul.edu.tr\/wp-content\/gallery\/kutuphane-konsorsiyum-sistemleri-15\/DSC_5775.JPG\" alt=\"\" width=\"160\" height=\"183\" \/><\/a><\/p>\n","protected":false},"excerpt":{"rendered":"<p>ARLICON 14. Uluslararas\u0131 K\u00fct\u00fcphane Konsorsiyum Sistemleri Teknoloji ve \u0130novasyon Kongresi, \u0130\u00dc Eczac\u0131l\u0131k Fak\u00fcltesi ev sahipli\u011finde 25-26 Haziran 2015 tarihleri aras\u0131nda iki oturumda ger\u00e7ekle\u015ftirildi. Kongre, T\u00fcrkiye ile Rusya aras\u0131nda k\u00fct\u00fcphanecilik ve bilgiye eri\u015fim alan\u0131ndaki farkl\u0131 uygulamalar\u0131, projeler ile ilgili\u00a0deneyimleri, k\u00fct\u00fcphane hizmetlerinde i\u015fbirli\u011fini, k\u00fct\u00fcphane kaynaklar\u0131n\u0131 payla\u015fmay\u0131 ve Rusya\u2019daki k\u00fct\u00fcphane\u00a0hizmetleri i\u00e7in\u00a0yeni kalite\u00a0standartlar\u0131n\u0131 geli\u015ftirmeyi ama\u00e7l\u0131yor. Yeni\u00a0a\u011flar ve\u00a0bili\u015fim\u00a0tabanl\u0131 teknolojilerin\u00a0tan\u0131t\u0131lmas\u0131 misyonunu [&hellip;]<\/p>\n","protected":false},"author":1,"featured_media":0,"comment_status":"open","ping_status":"open","sticky":false,"template":"","format":"standard","meta":{"footnotes":""},"categories":[1],"tags":[1088,1436],"class_list":["post-17162","post","type-post","status-publish","format-standard","hentry","category-genel","tag-gultekin-gurdal","tag-kutuphaneler"],"_links":{"self":[{"href":"https:\/\/www.bbyhaber.com\/bby\/wp-json\/wp\/v2\/posts\/17162"}],"collection":[{"href":"https:\/\/www.bbyhaber.com\/bby\/wp-json\/wp\/v2\/posts"}],"about":[{"href":"https:\/\/www.bbyhaber.com\/bby\/wp-json\/wp\/v2\/types\/post"}],"author":[{"embeddable":true,"href":"https:\/\/www.bbyhaber.com\/bby\/wp-json\/wp\/v2\/users\/1"}],"replies":[{"embeddable":true,"href":"https:\/\/www.bbyhaber.com\/bby\/wp-json\/wp\/v2\/comments?post=17162"}],"version-history":[{"count":1,"href":"https:\/\/www.bbyhaber.com\/bby\/wp-json\/wp\/v2\/posts\/17162\/revisions"}],"predecessor-version":[{"id":25275,"href":"https:\/\/www.bbyhaber.com\/bby\/wp-json\/wp\/v2\/posts\/17162\/revisions\/25275"}],"wp:attachment":[{"href":"https:\/\/www.bbyhaber.com\/bby\/wp-json\/wp\/v2\/media?parent=17162"}],"wp:term":[{"taxonomy":"category","embeddable":true,"href":"https:\/\/www.bbyhaber.com\/bby\/wp-json\/wp\/v2\/categories?post=17162"},{"taxonomy":"post_tag","embeddable":true,"href":"https:\/\/www.bbyhaber.com\/bby\/wp-json\/wp\/v2\/tags?post=17162"}],"curies":[{"name":"wp","href":"https:\/\/api.w.org\/{rel}","templated":true}]}}