{"id":17152,"date":"2015-06-29T01:24:49","date_gmt":"2015-06-28T22:24:49","guid":{"rendered":"http:\/\/www.bbyhaber.com\/bby\/?p=17152"},"modified":"2015-06-29T09:45:59","modified_gmt":"2015-06-29T06:45:59","slug":"seka-arsivi-arastirmacilarin-hizmetinde","status":"publish","type":"post","link":"https:\/\/www.bbyhaber.com\/bby\/2015\/06\/29\/seka-arsivi-arastirmacilarin-hizmetinde","title":{"rendered":"SEKA Ar\u015fivi Ara\u015ft\u0131rmac\u0131lar\u0131n Hizmetinde"},"content":{"rendered":"<p style=\"text-align: justify;\"><img loading=\"lazy\" decoding=\"async\" class=\"alignleft\" src=\"http:\/\/www.bbyhaber.com\/bby\/wp-content\/uploads\/2015\/06\/seka-arsivi-arastirmacilarin-hizmetinde.jpg\" alt=\"SEKA Ar\u015fivi Ara\u015ft\u0131rmac\u0131lar\u0131n Hizmetinde\" width=\"298\" height=\"157\" \/>Kocaeli B\u00fcy\u00fck\u015fehir Belediyesi taraf\u0131ndan eski Seka Ka\u011f\u0131t fabrikas\u0131n\u0131n restore edilmesiyle kurulan ve \u00f6n\u00fcm\u00fczdeki aylarda a\u00e7\u0131lmas\u0131 planlanan T\u00fcrkiye\u2019nin en b\u00fcy\u00fck ka\u011f\u0131t m\u00fczesi olan Seka Ka\u011f\u0131t M\u00fczesi\u2019nin ar\u015fivinde bulunan bilgi ve belgeler ara\u015ft\u0131rmac\u0131lar\u0131n hizmetine sunuldu. Seka Ka\u011f\u0131t Fabrikalar\u0131 ve fabrika kurucusu Mehmet Ali Ka\u011f\u0131t\u00e7\u0131\u2019ya ait ar\u015fiv ka\u011f\u0131t\u00e7\u0131l\u0131k ve Kocaeli tarihi merakl\u0131lar\u0131 i\u00e7in \u00f6nemli bilgiler i\u00e7eriyor.<!--more--><\/p>\n<p style=\"text-align: justify;\">Seka Ka\u011f\u0131t M\u00fczesi taraf\u0131ndan olu\u015fturulan D\u00f6k\u00fcmantasyon Merkezi\u2019nde SEKA ka\u011f\u0131t fabrikalar\u0131n\u0131n kurucusu Mehmet Ali Ka\u011f\u0131t\u00e7\u0131\u2019ya ait \u00e7o\u011funlu\u011fu \u0130ngilizce, Almanca ve Frans\u0131zca kitaplar ve s\u00fcreli yay\u0131nlar yer al\u0131yor. Ka\u011f\u0131t\u00e7\u0131\u2019ya ait diploma, berat, sertifika, yaz\u0131 makinesi, ka\u011f\u0131t \u00f6rnekleri, \u00f6l\u00e7\u00fcm aletleri ve foto\u011fraflarda ar\u015fivde bulunuyor. Ayr\u0131ca k\u00e2\u011f\u0131t\u00e7\u0131l\u0131kla ve Mehmet Ali Ka\u011f\u0131t\u00e7\u0131\u2019n\u0131n kendisiyle ilgili gazete kup\u00fcrleri ve d\u00fczensiz de olsa gazete ve dergi koleksiyonlar\u0131 da ar\u015fivde bulunuyor.<\/p>\n<p style=\"text-align: justify;\">Seka Ka\u011f\u0131t Fabrikas\u0131 personel lojman\u0131 olarak kullan\u0131lan ve Seka K\u00fclt\u00fcr Alan\u0131 i\u00e7inde yer alan bina restore edilerek Seka Ka\u011f\u0131t M\u00fczesi Dok\u00fcmantasyon Merkezine d\u00f6n\u00fc\u015ft\u00fcr\u00fcld\u00fc. Dok\u00fcmantasyon Merkezi i\u00e7erisinde SEKA Ka\u011f\u0131t Fabrikalar\u0131 kurucu m\u00fcd\u00fcr\u00fc Mehmet Ali Ka\u011f\u0131t\u00e7\u0131\u2019ya ait eserlerden olu\u015fturulmu\u015f k\u00fc\u00e7\u00fck bir Ka\u011f\u0131t\u00e7\u0131l\u0131k \u0130htisas K\u00fct\u00fcphanesi de yer al\u0131rken, k\u00fct\u00fcphanede 4 bin 392 kitap, 4 bin 481 dergi ve belge ile toplam 8 bin 873 adet eser yer al\u0131yor.<\/p>\n<p style=\"text-align: justify;\">Kocaeli B\u00fcy\u00fck\u015fehir Belediyesi K\u00fclt\u00fcr ve Sosyal \u0130\u015fler Dairesi Ba\u015fkanl\u0131\u011f\u0131 M\u00fczeler \u015eube M\u00fcd\u00fcrl\u00fc\u011f\u00fc\u2019ne ba\u011fl\u0131 olarak hizmet veren SEKA Ka\u011f\u0131t M\u00fczesi Dok\u00fcmantasyon Merkezi\u2019nde SEKA Ka\u011f\u0131t Fabrikalar\u0131\u2019ndan kalma ve SEKA Ka\u011f\u0131t M\u00fczesi koleksiyonuna ait evrak, foto\u011fraf, dergi, dok\u00fcman ve multimedya t\u00fcr\u00fc materyaller bulunuyor. Ka\u011f\u0131t Fabrikas\u0131ndan kalan 10 bin civar\u0131nda foto\u011fraf orijinal ve dijital haliyle korunuyor. Ayr\u0131ca olu\u015fturulan SEKA Ka\u011f\u0131t M\u00fczesi M\u00fcze Y\u00f6netim Sistemi yard\u0131m\u0131yla ara\u015ft\u0131rmac\u0131lar istedikleri bilgi ve belgeye dijital ortamda kolayl\u0131kla ula\u015fabiliyor.<\/p>\n<p style=\"text-align: justify;\">Dok\u00fcmantasyon Merkezi\u2019nde kitap ve dergiler i\u00e7in k\u00fct\u00fcphane olu\u015fturuldu. Kompakt raf sistemli ar\u015fivde de\u011ferli ve korunmaya muhta\u00e7 evrak, foto\u011fraf ve dok\u00fcmanlar asitsiz g\u00f6mlek, asitsiz zarf ve asitsiz kutularda k\u00fcnye ve envanter bilgilerine g\u00f6re muhafaza ediliyor.<\/p>\n<p>Kaynak:\u00a0http:\/\/beyazgazete.com<\/p>\n","protected":false},"excerpt":{"rendered":"<p>Kocaeli B\u00fcy\u00fck\u015fehir Belediyesi taraf\u0131ndan eski Seka Ka\u011f\u0131t fabrikas\u0131n\u0131n restore edilmesiyle kurulan ve \u00f6n\u00fcm\u00fczdeki aylarda a\u00e7\u0131lmas\u0131 planlanan T\u00fcrkiye\u2019nin en b\u00fcy\u00fck ka\u011f\u0131t m\u00fczesi olan Seka Ka\u011f\u0131t M\u00fczesi\u2019nin ar\u015fivinde bulunan bilgi ve belgeler ara\u015ft\u0131rmac\u0131lar\u0131n hizmetine sunuldu. Seka Ka\u011f\u0131t Fabrikalar\u0131 ve fabrika kurucusu Mehmet Ali Ka\u011f\u0131t\u00e7\u0131\u2019ya ait ar\u015fiv ka\u011f\u0131t\u00e7\u0131l\u0131k ve Kocaeli tarihi merakl\u0131lar\u0131 i\u00e7in \u00f6nemli bilgiler i\u00e7eriyor.<\/p>\n","protected":false},"author":129,"featured_media":0,"comment_status":"open","ping_status":"open","sticky":false,"template":"","format":"standard","meta":{"footnotes":""},"categories":[1],"tags":[1407,1449,1436,756,611],"class_list":["post-17152","post","type-post","status-publish","format-standard","hentry","category-genel","tag-dokumantasyon-ve-enformasyon","tag-ihtisas-kutuphaneleri","tag-kutuphaneler","tag-seka-arsivi","tag-seka-kagit-fabrikasi"],"_links":{"self":[{"href":"https:\/\/www.bbyhaber.com\/bby\/wp-json\/wp\/v2\/posts\/17152"}],"collection":[{"href":"https:\/\/www.bbyhaber.com\/bby\/wp-json\/wp\/v2\/posts"}],"about":[{"href":"https:\/\/www.bbyhaber.com\/bby\/wp-json\/wp\/v2\/types\/post"}],"author":[{"embeddable":true,"href":"https:\/\/www.bbyhaber.com\/bby\/wp-json\/wp\/v2\/users\/129"}],"replies":[{"embeddable":true,"href":"https:\/\/www.bbyhaber.com\/bby\/wp-json\/wp\/v2\/comments?post=17152"}],"version-history":[{"count":0,"href":"https:\/\/www.bbyhaber.com\/bby\/wp-json\/wp\/v2\/posts\/17152\/revisions"}],"wp:attachment":[{"href":"https:\/\/www.bbyhaber.com\/bby\/wp-json\/wp\/v2\/media?parent=17152"}],"wp:term":[{"taxonomy":"category","embeddable":true,"href":"https:\/\/www.bbyhaber.com\/bby\/wp-json\/wp\/v2\/categories?post=17152"},{"taxonomy":"post_tag","embeddable":true,"href":"https:\/\/www.bbyhaber.com\/bby\/wp-json\/wp\/v2\/tags?post=17152"}],"curies":[{"name":"wp","href":"https:\/\/api.w.org\/{rel}","templated":true}]}}