{"id":17145,"date":"2015-06-27T18:54:13","date_gmt":"2015-06-27T15:54:13","guid":{"rendered":"http:\/\/www.bbyhaber.com\/bby\/?p=17145"},"modified":"2015-06-27T18:55:06","modified_gmt":"2015-06-27T15:55:06","slug":"izmir-katip-celebi-universitesi-ogretim-gorevlisi-ilani-icin-on-degerlendirme-sonuclarini-acikladi","status":"publish","type":"post","link":"https:\/\/www.bbyhaber.com\/bby\/2015\/06\/27\/izmir-katip-celebi-universitesi-ogretim-gorevlisi-ilani-icin-on-degerlendirme-sonuclarini-acikladi","title":{"rendered":"\u0130zmir Katip \u00c7elebi \u00dcniversitesi, \u00d6\u011fretim G\u00f6revlisi ilan\u0131 i\u00e7in \u00f6n de\u011ferlendirme sonu\u00e7lar\u0131n\u0131 a\u00e7\u0131klad\u0131"},"content":{"rendered":"<p style=\"text-align: justify;\"><img loading=\"lazy\" decoding=\"async\" class=\"alignleft\" src=\"http:\/\/www.izmirde.biz\/FileUpload\/ds31586\/File\/izmir_katip_celebi_universitesi_logosu_.jpg\" alt=\"\" width=\"167\" height=\"125\" \/>\u0130zmir Katip \u00c7elebi \u00dcniversitesi, BBY B\u00f6l\u00fcm\u00fc\u2019nde g\u00f6revlendirmek \u00fczere a\u015fa\u011f\u0131daki \u00f6zelliklere uygun 2 \u00d6\u011fretim G\u00f6revlisi ilan\u0131 a\u00e7m\u0131\u015ft\u0131 (<span style=\"color: #0000ff;\"><a href=\"http:\/\/www.bbyhaber.com\/bby\/2015\/06\/11\/izmir-katip-celebi-universitesi-ogretim-gorevlisi-ilani-son-basvuru-24-haziran-2015\/\" target=\"_blank\"><span style=\"color: #0000ff;\">Son ba\u015fvuru tarihi 24 Haziran 2015\u2019di<\/span><\/a><\/span>). Bu ilana ba\u015fvuranlar\u0131n \u00f6n de\u011ferlendirme sonu\u00e7lar\u0131 26 Haziran 2015 tarihinde a\u00e7\u0131kland\u0131.<!--more--><\/p>\n<p style=\"text-align: justify;\">\u0130lan \u00f6zellikleri a\u015fa\u011f\u0131daki gibi a\u00e7\u0131klanm\u0131\u015ft\u0131:<\/p>\n<p style=\"text-align: justify;\">1-Bilgi ve Belge Y\u00f6netimi B\u00f6l\u00fcm\u00fc mezunu olmak<br \/>\n2-Bilgi ve Belge Y\u00f6netimi B\u00f6l\u00fcm\u00fc alan\u0131nda Y\u00fcksek Lisans yapm\u0131\u015f olmak<br \/>\n3- Bilgi ve Belge Y\u00f6netimi Alan\u0131nda en az 5 y\u0131ll\u0131k tecr\u00fcbesi olmak<\/p>\n<p style=\"text-align: justify;\">\u00d6\u011fretim G\u00f6revlisi \u00d6n De\u011ferlendirme Sonu\u00e7lar\u0131:<\/p>\n<p style=\"text-align: justify;\"><a href=\"http:\/\/sbbf.ikc.edu.tr\/files\/164\/Oretim%20Eleman%20Alm%20Sonuc\/3-1%20BLG%20BELGE%20YNETM%20RETM%20GREVLS%20N%20DEERLENDRME.pdf\" target=\"_blank\"><span style=\"color: #0000ff;\">Kadro 3\/1<\/span><\/a><\/p>\n<p style=\"text-align: justify;\"><a href=\"http:\/\/sbbf.ikc.edu.tr\/files\/164\/Oretim%20Eleman%20Alm%20Sonuc\/5-1%20BLG%20VE%20BELGE%20YNETM%20N%20DEERLENDRME.pdf\" target=\"_blank\"><span style=\"color: #0000ff;\">Kadro 5\/1<\/span><\/a><\/p>\n<p style=\"text-align: justify;\">\n","protected":false},"excerpt":{"rendered":"<p>\u0130zmir Katip \u00c7elebi \u00dcniversitesi, BBY B\u00f6l\u00fcm\u00fc\u2019nde g\u00f6revlendirmek \u00fczere a\u015fa\u011f\u0131daki \u00f6zelliklere uygun 2 \u00d6\u011fretim G\u00f6revlisi ilan\u0131 a\u00e7m\u0131\u015ft\u0131 (Son ba\u015fvuru tarihi 24 Haziran 2015\u2019di). Bu ilana ba\u015fvuranlar\u0131n \u00f6n de\u011ferlendirme sonu\u00e7lar\u0131 26 Haziran 2015 tarihinde a\u00e7\u0131kland\u0131.<\/p>\n","protected":false},"author":1,"featured_media":0,"comment_status":"open","ping_status":"open","sticky":false,"template":"","format":"standard","meta":{"footnotes":""},"categories":[1],"tags":[],"class_list":["post-17145","post","type-post","status-publish","format-standard","hentry","category-genel"],"_links":{"self":[{"href":"https:\/\/www.bbyhaber.com\/bby\/wp-json\/wp\/v2\/posts\/17145"}],"collection":[{"href":"https:\/\/www.bbyhaber.com\/bby\/wp-json\/wp\/v2\/posts"}],"about":[{"href":"https:\/\/www.bbyhaber.com\/bby\/wp-json\/wp\/v2\/types\/post"}],"author":[{"embeddable":true,"href":"https:\/\/www.bbyhaber.com\/bby\/wp-json\/wp\/v2\/users\/1"}],"replies":[{"embeddable":true,"href":"https:\/\/www.bbyhaber.com\/bby\/wp-json\/wp\/v2\/comments?post=17145"}],"version-history":[{"count":0,"href":"https:\/\/www.bbyhaber.com\/bby\/wp-json\/wp\/v2\/posts\/17145\/revisions"}],"wp:attachment":[{"href":"https:\/\/www.bbyhaber.com\/bby\/wp-json\/wp\/v2\/media?parent=17145"}],"wp:term":[{"taxonomy":"category","embeddable":true,"href":"https:\/\/www.bbyhaber.com\/bby\/wp-json\/wp\/v2\/categories?post=17145"},{"taxonomy":"post_tag","embeddable":true,"href":"https:\/\/www.bbyhaber.com\/bby\/wp-json\/wp\/v2\/tags?post=17145"}],"curies":[{"name":"wp","href":"https:\/\/api.w.org\/{rel}","templated":true}]}}