{"id":17131,"date":"2015-06-26T22:49:09","date_gmt":"2015-06-26T19:49:09","guid":{"rendered":"http:\/\/www.bbyhaber.com\/bby\/?p=17131"},"modified":"2015-07-03T17:30:00","modified_gmt":"2015-07-03T14:30:00","slug":"bogazici-universitesinde-bilimmetri-ve-enformasyon-birligi-konferansi-29-haziran-03-temmuz-2015","status":"publish","type":"post","link":"https:\/\/www.bbyhaber.com\/bby\/2015\/06\/26\/bogazici-universitesinde-bilimmetri-ve-enformasyon-birligi-konferansi-29-haziran-03-temmuz-2015","title":{"rendered":"Bo\u011fazi\u00e7i \u00dcniversitesi&#8217;nde Bilimmetri ve Enformasyon Birli\u011fi Konferans\u0131-29 Haziran-03 Temmuz  2015"},"content":{"rendered":"<p style=\"text-align: justify;\"><img loading=\"lazy\" decoding=\"async\" class=\"alignleft\" src=\"http:\/\/www.bbyhaber.com\/bby\/wp-content\/uploads\/2015\/06\/scientometrics-gelecegi.jpg\" alt=\"\" width=\"324\" height=\"180\" \/>Bu y\u0131l 15.\u2019si d\u00fczenlenen International Society for Scientometrics and Informetrics\u00a0 \u2013 ISSI (Uluslararas\u0131 Bilimmetri ve Enformasyon Birli\u011fi) 2015 Konferans\u0131, Bo\u011fazi\u00e7i \u00dcniversitesi, T\u00dcB\u0130TAK ULAKB\u0130M, Hacettepe \u00dcniversitesi ve ISSI i\u015fbirli\u011fi ile 29 Haziran-03 Temmuz tarihleri aras\u0131nda, Bo\u011fazi\u00e7i \u00dcniversitesi Albert Long Hall\u2019de ger\u00e7ekle\u015ftirilecek. Konferans kapsam\u0131nda ayr\u0131ca 10 y\u0131lda haz\u0131rlanm\u0131\u015f 100 bilim haritas\u0131ndan olu\u015fan Places &amp; Spaces sergisi gezilebilecek.<!--more--><\/p>\n<p style=\"text-align: justify;\">Bilimsel ara\u015ft\u0131rma ve de\u011ferlendirme y\u00f6ntemlerindeki son e\u011filimler alanlar\u0131nda d\u00fcnyaca sayg\u0131n isimlerle ISSI 2015 Konferans\u0131\u2019nda tart\u0131\u015fmaya a\u00e7\u0131lacak. 45 \u00fclkeden 250 \u00fczerinde kat\u0131l\u0131mc\u0131n\u0131n yer alaca\u011f\u0131 konferansa Avrupa, Kuzey ve G\u00fcney Amerika, Asya, Afrika ve Avusturalya\u2019n\u0131n yan\u0131 s\u0131ra \u00c7in\u2019den y\u00fcksek bir kat\u0131l\u0131m bekleniyor.<\/p>\n<p style=\"text-align: justify;\"><strong>D\u00fcnyaca \u00fcnl\u00fc bilim insanlar\u0131 Bo\u011fazi\u00e7i\u2019nde<\/strong><br \/>\nSociety for Scientometrics and Informetrics<strong>\u00a0 \u2013 ISSI (Uluslararas\u0131 Bilimmetri ve Enformasyon Birli\u011fi) 2015 Konferans\u0131<\/strong>\u2019nda bu sene ana tema \u2018\u2019<strong>Scientometrics\u2019 in Gelece\u011fi\u2019\u2019<\/strong>\u00a0olarak belirlendi. Akademik ve bilimsel yay\u0131nlar\u0131n \u00f6l\u00e7\u00fcm ve de\u011ferlendirilmesinde kullan\u0131lan ara\u00e7 ve metotlar\u0131n sosyal ve toplumsal boyutlar\u0131yla ele al\u0131naca\u011f\u0131 konferans\u0131n misafir konu\u015fmac\u0131lar\u0131 aras\u0131nda, Amsterdam \u00dcniversitesi\u2019nde Bilim ve Teknolojide \u0130leti\u015fim ve Inovasyon alan\u0131nda \u00e7al\u0131\u015fmalar yapan, Thomson Reuters\u2019in hakk\u0131nda en \u00e7ok al\u0131nt\u0131 yap\u0131lan bilim insanlar\u0131 listesinde yer alan sosyolog ve sibernetik\u00e7i\u00a0<strong>Loet Leydesdorff<\/strong>\u00a0ve SciTech Strategies Ba\u015fkan\u0131\u00a0<strong>Kevin W. Boyack<\/strong>\u00a0yer al\u0131yor.<\/p>\n<p style=\"text-align: justify;\"><strong>Webometrics\u2019i bulan Mike Thelwall\u2019a ISSI 2015\u2019te \u00f6d\u00fcl<\/strong><br \/>\nKonferans kapsam\u0131nda ISSI 2015 \u2018<strong>\u2019Derek de Solla Price \u00d6d\u00fcl\u00fc\u2019\u2019,<\/strong>\u00a0\u00a0bilimsel geli\u015fmeleri sadece bilim insanlar\u0131n\u0131n kulland\u0131\u011f\u0131 geleneksel yollarla de\u011fil, Internet \u00fczerinden toplanan veriler ile de\u011ferlendirme metodu olan\u00a0<strong>Webometrics\u2019i bulan ara\u015ft\u0131rmac\u0131<\/strong>\u00a0<strong>Mike Thelwall<\/strong>\u2019a verilecek. Konferans\u0131n D\u00fczenleme Kurulu\u2019nda Yrd. Do\u00e7. Dr.\u00a0<strong>Albert Ali Salah<\/strong>\u00a0(Bo\u011fazi\u00e7i \u00dcniversitesi),\u00a0<strong>Prof. Dr.<\/strong>\u00a0<strong>Ya\u015far Tonta\u00a0<\/strong>(Hacettepe \u00dcniversitesi) ve\u00a0<strong>M. Mirat Sato\u011flu<\/strong>\u00a0(T\u00dcB\u0130TAK Ulakbim) bulunuyor.<\/p>\n<p style=\"text-align: justify;\">\u0130ki y\u0131lda bir ger\u00e7ekle\u015ftirilen ve d\u00fcnyada bu konuda \u00e7al\u0131\u015fan b\u00fct\u00fcn \u00f6nemli ara\u015ft\u0131rmac\u0131lar\u0131 bulu\u015fturan ISSI2015\u2019te bu y\u0131l geni\u015f bir konu yelpazesi yer al\u0131yor. Konferansta ele al\u0131nacak ba\u015fl\u0131ca konular aras\u0131nda, Science Citation Index ve Scopus gibi bilimsel endeksler, ara\u015ft\u0131rmac\u0131lar\u0131n ve \u00fcniversitelerin bilimsel \u00fcretimlerini say\u0131salla\u015ft\u0131ran ve s\u0131ralayan yakla\u015f\u0131mlar, patent veri tabanlar\u0131 \u00fczerinde y\u00fcr\u00fct\u00fclen ve \u00fclkelerin ara\u015ft\u0131rma politikalar\u0131na y\u00f6n veren \u00e7al\u0131\u015fmalar, intihal ve etik-d\u0131\u015f\u0131 davran\u0131\u015flar\u0131n sosyal a\u011f ve metin analiz y\u00f6ntemleri ile ortaya \u00e7\u0131kart\u0131lmas\u0131, bilimsel \u00e7al\u0131\u015fmalar\u0131n hangi problemlerde yo\u011funla\u015f\u0131p nereleri ihmal etti\u011fine dair analizler bulunuyor. Konferansta ayr\u0131ca bilimsel, yay\u0131n endeksleri, bu endekslerin haz\u0131rlanmas\u0131 ve g\u00fcncellenmesinde kullan\u0131lan kriterler ve \u00fcniversite s\u0131ralamalar\u0131 gibi konular da uzmanlarca ele al\u0131nacak.<\/p>\n<p style=\"text-align: justify;\"><strong>T\u00fcrkiye\u2019de bilim ve inovasyona y\u00f6n veren kurumlar kat\u0131l\u0131yor<\/strong><br \/>\nT\u00fcrkiye\u2019de endeksleme ve s\u0131ralama \u00e7al\u0131\u015fmalar\u0131 y\u00fcr\u00fcten; bu \u00e7er\u00e7evede bilim ve inovasyon politikalar\u0131n\u0131n belirlenmesinde \u00f6nemli rol oynayan T\u00dcB\u0130TAK ULAKBIM, Hacettepe \u00dcniversitesi Bilgi ve Belge Y\u00f6netimi B\u00f6l\u00fcm\u00fc ve ODT\u00dc\u2019de kurulmu\u015f olan URAP (University Ranking by Academic Performance) gibi kurumlardan temsilciler de bu konferansta T\u00fcrkiye\u2019deki bilimsel yay\u0131nlara y\u00f6nelik y\u00fcr\u00fct\u00fclen \u00e7al\u0131\u015fmalar\u0131 payla\u015facaklar.<\/p>\n<p style=\"text-align: justify;\"><strong>10 Y\u0131lda 100 Bilim Haritas\u0131 Sergisi; Places&amp;Spaces<\/strong><br \/>\nKonferans s\u0131ras\u0131nda 10 y\u0131ll\u0131k bir s\u00fcrede haz\u0131rlanm\u0131\u015f 100 bilim haritas\u0131ndan olu\u015fan\u00a0<strong>Places &amp; Spaces: Mapping Science Sergisi\u00a0<\/strong>29 Haziran \u2013 3 Temmuz tarihleri aras\u0131nda Albert Long Hall\u2019da gezilebilecek. Bilim haritalar\u0131 b\u00fcy\u00fck miktarda verinin g\u00f6rselle\u015ftirilmesini sa\u011flayarak verideki gruplar\u0131, trendleri, beklenmeyen durumlar\u0131 g\u00f6zlemlemeyi sa\u011flamalar\u0131 a\u00e7\u0131s\u0131ndan son derece \u00f6nemli \u00e7al\u0131\u015fmalar.\u00a0<strong>Places &amp; Spaces: Mapping Science<\/strong>\u00a0Sergisi bir yandan veri g\u00f6rselle\u015ftirme tekniklerini tan\u0131t\u0131rken, di\u011fer yandan e\u011fitimde, bilimde ve pratik konularda bilim haritalar\u0131n\u0131n kullan\u0131mlar\u0131n\u0131 g\u00f6stererek bilimsel ara\u015ft\u0131rmalar\u0131 b\u00fcy\u00fck \u00f6l\u00e7ekte izleme olana\u011f\u0131n\u0131 herkese sa\u011flamay\u0131 ba\u015far\u0131yor.<\/p>\n<p style=\"text-align: justify;\">\u0130lgilenen herkese a\u00e7\u0131k ve \u00fccretsiz olan serginin k\u00fcrat\u00f6rl\u00fc\u011f\u00fcn\u00fc\u00a0<strong>Indiana \u00dcniversitesi\u2019nden Atlas of Science, Visual Insights ve Atlas of Knowledge kitaplar\u0131n\u0131n yazar\u0131 Dr. Katy B\u00f6rner<\/strong>\u00a0\u00fcstleniyor. Dr. Katy B\u00f6rner ayr\u0131ca 29 Haziran g\u00fcn\u00fc 14:30 \u2013 15:30 saatleri aras\u0131nda Rekt\u00f6rl\u00fck Konferans\u00a0<strong>Salonu\u2019nda \u201cMaps of Science: Drawing Actionable Insights from Science and Technology Data\u201d<\/strong>\u00a0ba\u015fl\u0131kl\u0131, yine dileyen herkesin kat\u0131l\u0131m\u0131na a\u00e7\u0131k bir konu\u015fma yapacak.<\/p>\n<p style=\"text-align: justify;\">Kaynak: http:\/\/www.techinside.com\/<\/p>\n","protected":false},"excerpt":{"rendered":"<p>Bu y\u0131l 15.\u2019si d\u00fczenlenen International Society for Scientometrics and Informetrics\u00a0 \u2013 ISSI (Uluslararas\u0131 Bilimmetri ve Enformasyon Birli\u011fi) 2015 Konferans\u0131, Bo\u011fazi\u00e7i \u00dcniversitesi, T\u00dcB\u0130TAK ULAKB\u0130M, Hacettepe \u00dcniversitesi ve ISSI i\u015fbirli\u011fi ile 29 Haziran-03 Temmuz tarihleri aras\u0131nda, Bo\u011fazi\u00e7i \u00dcniversitesi Albert Long Hall\u2019de ger\u00e7ekle\u015ftirilecek. Konferans kapsam\u0131nda ayr\u0131ca 10 y\u0131lda haz\u0131rlanm\u0131\u015f 100 bilim haritas\u0131ndan olu\u015fan Places &amp; Spaces sergisi gezilebilecek.<\/p>\n","protected":false},"author":1,"featured_media":0,"comment_status":"open","ping_status":"open","sticky":false,"template":"","format":"standard","meta":{"footnotes":""},"categories":[],"tags":[1395,751,752,753],"class_list":["post-17131","post","type-post","status-publish","format-standard","hentry","tag-bby-mesleki-etkinlikler-arsivi","tag-bilimmetri","tag-issi","tag-webometrics"],"_links":{"self":[{"href":"https:\/\/www.bbyhaber.com\/bby\/wp-json\/wp\/v2\/posts\/17131"}],"collection":[{"href":"https:\/\/www.bbyhaber.com\/bby\/wp-json\/wp\/v2\/posts"}],"about":[{"href":"https:\/\/www.bbyhaber.com\/bby\/wp-json\/wp\/v2\/types\/post"}],"author":[{"embeddable":true,"href":"https:\/\/www.bbyhaber.com\/bby\/wp-json\/wp\/v2\/users\/1"}],"replies":[{"embeddable":true,"href":"https:\/\/www.bbyhaber.com\/bby\/wp-json\/wp\/v2\/comments?post=17131"}],"version-history":[{"count":0,"href":"https:\/\/www.bbyhaber.com\/bby\/wp-json\/wp\/v2\/posts\/17131\/revisions"}],"wp:attachment":[{"href":"https:\/\/www.bbyhaber.com\/bby\/wp-json\/wp\/v2\/media?parent=17131"}],"wp:term":[{"taxonomy":"category","embeddable":true,"href":"https:\/\/www.bbyhaber.com\/bby\/wp-json\/wp\/v2\/categories?post=17131"},{"taxonomy":"post_tag","embeddable":true,"href":"https:\/\/www.bbyhaber.com\/bby\/wp-json\/wp\/v2\/tags?post=17131"}],"curies":[{"name":"wp","href":"https:\/\/api.w.org\/{rel}","templated":true}]}}