{"id":17111,"date":"2015-06-26T13:33:15","date_gmt":"2015-06-26T10:33:15","guid":{"rendered":"http:\/\/www.bbyhaber.com\/bby\/?p=17111"},"modified":"2015-06-26T13:33:15","modified_gmt":"2015-06-26T10:33:15","slug":"dileyen-sahuru-bu-kutuphanede-yapabilir","status":"publish","type":"post","link":"https:\/\/www.bbyhaber.com\/bby\/2015\/06\/26\/dileyen-sahuru-bu-kutuphanede-yapabilir","title":{"rendered":"Dileyen sahuru bu k\u00fct\u00fcphanede yapabilir"},"content":{"rendered":"<p style=\"text-align: justify;\"><img loading=\"lazy\" decoding=\"async\" class=\"alignleft\" src=\"http:\/\/www.bbyhaber.com\/bby\/wp-content\/uploads\/2015\/06\/sahurkutuphane.jpg\" alt=\"\" width=\"314\" height=\"174\" \/>&#8220;T\u00fcrkiye\u2019de neden 24 saat a\u00e7\u0131k bir k\u00fct\u00fcphane yok?\u201d sorusundan yola \u00e7\u0131karak 24 saat hizmet vermeye ba\u015flayan Atat\u00fcrk kitapl\u0131\u011f\u0131 Ramazan boyunca da okuyucular\u0131n\u0131 a\u011f\u0131rlamaya devam ediyor. Y\u0131llard\u0131r \u201c\u0130stanbul&#8217;da ve T\u00fcrkiye&#8217;de neden 24 saat a\u00e7\u0131k bir k\u00fct\u00fcphane yok\u201d deyip duruluyordu. Bu talebe ilk cevab\u0131 veren \u0130stanbul B\u00fcy\u00fck\u015fehir Belediyesi&#8217;ne ba\u011fl\u0131 Atat\u00fcrk kitapl\u0131\u011f\u0131 bu y\u0131l ilk kez Ramazan&#8217;da da hizmet vermeye ba\u015flad\u0131.\u00a0\u0130steyen herkes sahuru k\u00fct\u00fcphanede kitap okuyarak bekleyebilir.<!--more--> 24 saat hizmet vermeye ba\u015flad\u0131klar\u0131ndan beri giderek artan taleplerle kar\u015f\u0131la\u015ft\u0131klar\u0131n\u0131 s\u00f6yleyen \u0130BB K\u00fct\u00fcphane ve M\u00fczeler M\u00fcd\u00fcr\u00fc Ramazan Minder, \u201cAtat\u00fcrk kitapl\u0131\u011f\u0131 7 g\u00fcn 24 saat a\u00e7\u0131k. Ramazan dolay\u0131s\u0131yla da okurlar\u0131m\u0131z\u0131 sahura kadar bekliyoruz&#8221; dedi.<\/p>\n<p style=\"text-align: justify;\">Hem bir ara\u015ft\u0131rma merkezi, hem de halk k\u00fct\u00fcphanesi olarak hizmet veren Atat\u00fcrk kitapl\u0131\u011f\u0131n\u0131n; Osmanl\u0131 d\u00f6nemi gazete ve dergiler, el yazmalar\u0131, haritalar, takvimler, ki\u015fi ar\u015fivlerinden olu\u015fan \u00e7ok g\u00fc\u00e7l\u00fc bir koleksiyonu var ve her y\u0131l yeni nadir eserler kitapl\u0131\u011fa ekleniyor.<\/p>\n<p style=\"text-align: justify;\">Kaynak:http:\/\/www.istanbulajansi.com\/<\/p>\n","protected":false},"excerpt":{"rendered":"<p>&#8220;T\u00fcrkiye\u2019de neden 24 saat a\u00e7\u0131k bir k\u00fct\u00fcphane yok?\u201d sorusundan yola \u00e7\u0131karak 24 saat hizmet vermeye ba\u015flayan Atat\u00fcrk kitapl\u0131\u011f\u0131 Ramazan boyunca da okuyucular\u0131n\u0131 a\u011f\u0131rlamaya devam ediyor. Y\u0131llard\u0131r \u201c\u0130stanbul&#8217;da ve T\u00fcrkiye&#8217;de neden 24 saat a\u00e7\u0131k bir k\u00fct\u00fcphane yok\u201d deyip duruluyordu. Bu talebe ilk cevab\u0131 veren \u0130stanbul B\u00fcy\u00fck\u015fehir Belediyesi&#8217;ne ba\u011fl\u0131 Atat\u00fcrk kitapl\u0131\u011f\u0131 bu y\u0131l ilk kez Ramazan&#8217;da da [&hellip;]<\/p>\n","protected":false},"author":1,"featured_media":0,"comment_status":"open","ping_status":"open","sticky":false,"template":"","format":"standard","meta":{"footnotes":""},"categories":[1],"tags":[1436],"class_list":["post-17111","post","type-post","status-publish","format-standard","hentry","category-genel","tag-kutuphaneler"],"_links":{"self":[{"href":"https:\/\/www.bbyhaber.com\/bby\/wp-json\/wp\/v2\/posts\/17111"}],"collection":[{"href":"https:\/\/www.bbyhaber.com\/bby\/wp-json\/wp\/v2\/posts"}],"about":[{"href":"https:\/\/www.bbyhaber.com\/bby\/wp-json\/wp\/v2\/types\/post"}],"author":[{"embeddable":true,"href":"https:\/\/www.bbyhaber.com\/bby\/wp-json\/wp\/v2\/users\/1"}],"replies":[{"embeddable":true,"href":"https:\/\/www.bbyhaber.com\/bby\/wp-json\/wp\/v2\/comments?post=17111"}],"version-history":[{"count":0,"href":"https:\/\/www.bbyhaber.com\/bby\/wp-json\/wp\/v2\/posts\/17111\/revisions"}],"wp:attachment":[{"href":"https:\/\/www.bbyhaber.com\/bby\/wp-json\/wp\/v2\/media?parent=17111"}],"wp:term":[{"taxonomy":"category","embeddable":true,"href":"https:\/\/www.bbyhaber.com\/bby\/wp-json\/wp\/v2\/categories?post=17111"},{"taxonomy":"post_tag","embeddable":true,"href":"https:\/\/www.bbyhaber.com\/bby\/wp-json\/wp\/v2\/tags?post=17111"}],"curies":[{"name":"wp","href":"https:\/\/api.w.org\/{rel}","templated":true}]}}