{"id":17106,"date":"2015-06-24T15:55:58","date_gmt":"2015-06-24T12:55:58","guid":{"rendered":"http:\/\/www.bbyhaber.com\/bby\/?p=17106"},"modified":"2015-06-24T15:56:37","modified_gmt":"2015-06-24T12:56:37","slug":"kutuphane-yeni-yerine-tasiniyor","status":"publish","type":"post","link":"https:\/\/www.bbyhaber.com\/bby\/2015\/06\/24\/kutuphane-yeni-yerine-tasiniyor","title":{"rendered":"K\u00fct\u00fcphane yeni yerine ta\u015f\u0131n\u0131yor"},"content":{"rendered":"<p style=\"text-align: justify;\"><img loading=\"lazy\" decoding=\"async\" class=\"alignleft\" src=\"http:\/\/www.bbyhaber.com\/bby\/wp-content\/uploads\/2015\/06\/cerkezkoy.jpg\" alt=\"\" width=\"314\" height=\"174\" \/>\u00c7erkezk\u00f6y \u0130l\u00e7e Halk K\u00fct\u00fcphanesi, Kaymakam Metin Kubilay\u2019\u0131n uzun s\u00fcreden beri ba\u015flatt\u0131\u011f\u0131 giri\u015fimler sonucunda yeni binas\u0131na ta\u015f\u0131nmaya ba\u015flad\u0131. Kaymakam Kubilay, Halk K\u00fct\u00fcphanesi ile Halk E\u011fitimi Merkezi\u2019nin ayn\u0131 binada olmas\u0131n\u0131n \u00f6nemine vurgu yapt\u0131. Nam\u0131k Kemal \u00dcniversitesi \u00c7erkezk\u00f6y Meslek Y\u00fcksek Okulu\u2019nun (\u00c7EMYO) Velik\u00f6y\u2019deki yeni binas\u0131na ta\u015f\u0131nmas\u0131 ile birlikte bo\u015falan binaya Kaymakam Metin Kubilay Halk E\u011fitimi Merkezi,<!--more--> Rehberlik Ara\u015ft\u0131rma Merkezi ve Halk K\u00fct\u00fcphanesi yap\u0131laca\u011f\u0131n\u0131 a\u00e7\u0131klam\u0131\u015ft\u0131. Bu kapsamda \u00e7al\u0131\u015fmalarda vakit ge\u00e7irilmeden ba\u015flat\u0131lm\u0131\u015ft\u0131. Binaya k\u0131sa s\u00fcre i\u00e7erisinde Halk E\u011fitimi Merkezi ve Rehberlik Ara\u015ft\u0131rma Merkezi ta\u015f\u0131narak, hizmet vermeye ba\u015flad\u0131. K\u00fct\u00fcphane\u2019nin de ta\u015f\u0131nma haberi geldi.<\/p>\n<p style=\"text-align: justify;\">K\u00dcT\u00dcPHANE TA\u015eINIYOR<\/p>\n<p style=\"text-align: justify;\">\u00c7erkezk\u00f6y Kaymakam\u0131 Metin Kubilay, k\u00fct\u00fcphanenin de yeni binaya ta\u015f\u0131nmas\u0131 i\u00e7in talimat\u0131 verdi. Aylar \u00f6nce K\u00fclt\u00fcr Bakanl\u0131\u011f\u0131 ve \u0130l K\u00fclt\u00fcr Turizm M\u00fcd\u00fcrl\u00fc\u011f\u00fc nezdinde y\u00fcr\u00fctt\u00fc\u011f\u00fc giri\u015fimler sonucunda K\u00fct\u00fcphane olu\u015fturulmas\u0131 \u00e7al\u0131\u015fmalar\u0131na h\u0131z veren Kaymakam Kubilay, yak\u0131ndan ilgilendi\u011fi k\u00fct\u00fcphane binas\u0131n\u0131 da olu\u015fturmaya ba\u015flad\u0131. K\u0131sa s\u00fcre \u00f6nce K\u00fclt\u00fcr Bakanl\u0131\u011f\u0131ndan bir heyet gelerek projelendirme \u00e7al\u0131\u015fmalar\u0131 ba\u015flatt\u0131\u011f\u0131 \u00c7EMYO binas\u0131ndaki k\u00fct\u00fcphane i\u00e7in haz\u0131rl\u0131klar tamamland\u0131. Kaymakam Kubilay\u2019\u0131n ge\u00e7ti\u011fimiz g\u00fcnlerde verdi\u011fi talimat do\u011frultusunda \u0130l\u00e7e Milli E\u011fitim M\u00fcd\u00fcr\u00fc H\u00fcseyin Erdo\u011fan koordinesinde ta\u015f\u0131nma i\u015flemleri ba\u015flad\u0131.<\/p>\n<p style=\"text-align: justify;\">VEL\u0130LER \u00c7OCUKLARINI K\u00dcT\u00dcPHANEYE GET\u0130R\u0130RKEN AYNI ZAMANDA KURSA YAZILMA FIRSATI DA OLACAK<\/p>\n<p style=\"text-align: justify;\">\u00c7al\u0131\u015fmalar\u0131 yak\u0131ndan takip etmek i\u00e7in incelemelerde Kaymakam Metin Kubilay, \u201cK\u00fct\u00fcphanemizin yeni yerine ta\u015f\u0131nmas\u0131 bizim i\u00e7in \u00e7ok \u00f6nemli. \u00c7al\u0131\u015fmalar\u0131 bizzat yak\u0131ndan takip ediyorum. K\u00fct\u00fcphanenin ta\u015f\u0131nmas\u0131 ile vatanda\u015flar\u0131m\u0131z fiziki \u015fartlar\u0131 d\u00fczg\u00fcn, ferah bir ortamda kitap okuma f\u0131rsat\u0131 bulacak. Ayr\u0131ca K\u00fct\u00fcphanenin Halk E\u011fitim Merkezi ile ayn\u0131 binada olmas\u0131n\u0131n verdi\u011fi avantaj ile velilerimizin \u00e7ocuklar\u0131n\u0131 k\u00fct\u00fcphaneye getirirken ayn\u0131 zamanda bir kursa yaz\u0131lma f\u0131rsat\u0131 da olacak. K\u00fct\u00fcphanemizin i\u015f ve i\u015flemlerinin bir an \u00f6nce tamamlan\u0131p faaliyete girmesini umuyor eme\u011fi ge\u00e7en herkese te\u015fekk\u00fcrlerimi sunuyorum\u201d ifadelerini kulland\u0131.<\/p>\n<p style=\"text-align: justify;\">Kaynak: http:\/\/www.cerkezkoyhaber.com.tr\/<\/p>\n","protected":false},"excerpt":{"rendered":"<p>\u00c7erkezk\u00f6y \u0130l\u00e7e Halk K\u00fct\u00fcphanesi, Kaymakam Metin Kubilay\u2019\u0131n uzun s\u00fcreden beri ba\u015flatt\u0131\u011f\u0131 giri\u015fimler sonucunda yeni binas\u0131na ta\u015f\u0131nmaya ba\u015flad\u0131. Kaymakam Kubilay, Halk K\u00fct\u00fcphanesi ile Halk E\u011fitimi Merkezi\u2019nin ayn\u0131 binada olmas\u0131n\u0131n \u00f6nemine vurgu yapt\u0131. Nam\u0131k Kemal \u00dcniversitesi \u00c7erkezk\u00f6y Meslek Y\u00fcksek Okulu\u2019nun (\u00c7EMYO) Velik\u00f6y\u2019deki yeni binas\u0131na ta\u015f\u0131nmas\u0131 ile birlikte bo\u015falan binaya Kaymakam Metin Kubilay Halk E\u011fitimi Merkezi,<\/p>\n","protected":false},"author":1,"featured_media":0,"comment_status":"open","ping_status":"open","sticky":false,"template":"","format":"standard","meta":{"footnotes":""},"categories":[1],"tags":[1436],"class_list":["post-17106","post","type-post","status-publish","format-standard","hentry","category-genel","tag-kutuphaneler"],"_links":{"self":[{"href":"https:\/\/www.bbyhaber.com\/bby\/wp-json\/wp\/v2\/posts\/17106"}],"collection":[{"href":"https:\/\/www.bbyhaber.com\/bby\/wp-json\/wp\/v2\/posts"}],"about":[{"href":"https:\/\/www.bbyhaber.com\/bby\/wp-json\/wp\/v2\/types\/post"}],"author":[{"embeddable":true,"href":"https:\/\/www.bbyhaber.com\/bby\/wp-json\/wp\/v2\/users\/1"}],"replies":[{"embeddable":true,"href":"https:\/\/www.bbyhaber.com\/bby\/wp-json\/wp\/v2\/comments?post=17106"}],"version-history":[{"count":0,"href":"https:\/\/www.bbyhaber.com\/bby\/wp-json\/wp\/v2\/posts\/17106\/revisions"}],"wp:attachment":[{"href":"https:\/\/www.bbyhaber.com\/bby\/wp-json\/wp\/v2\/media?parent=17106"}],"wp:term":[{"taxonomy":"category","embeddable":true,"href":"https:\/\/www.bbyhaber.com\/bby\/wp-json\/wp\/v2\/categories?post=17106"},{"taxonomy":"post_tag","embeddable":true,"href":"https:\/\/www.bbyhaber.com\/bby\/wp-json\/wp\/v2\/tags?post=17106"}],"curies":[{"name":"wp","href":"https:\/\/api.w.org\/{rel}","templated":true}]}}