{"id":17097,"date":"2015-06-23T10:13:21","date_gmt":"2015-06-23T07:13:21","guid":{"rendered":"http:\/\/www.bbyhaber.com\/bby\/?p=17097"},"modified":"2015-10-21T16:04:06","modified_gmt":"2015-10-21T13:04:06","slug":"acik-erisim-calistayi-2015-19-21-ekim-2015-ankara","status":"publish","type":"post","link":"https:\/\/www.bbyhaber.com\/bby\/2015\/06\/23\/acik-erisim-calistayi-2015-19-21-ekim-2015-ankara","title":{"rendered":"4.Ulusal A\u00e7\u0131k Eri\u015fim \u00c7al\u0131\u015ftay\u0131 2015, 19-21 Ekim 2015, Ankara"},"content":{"rendered":"<p style=\"text-align: justify;\"><img loading=\"lazy\" decoding=\"async\" class=\"alignleft\" src=\"http:\/\/www.bbyhaber.com\/bby\/wp-content\/uploads\/2015\/06\/acikerisim-calistayi4.jpg\" alt=\"\" width=\"313\" height=\"163\" \/>T\u00fcm d\u00fcnyadaki geli\u015fmeler ve kazan\u0131mlar do\u011frultusunda <strong>4.Ulusal A\u00e7\u0131k Eri\u015fim \u00c7al\u0131\u015ftay\u0131 (AE2015)<\/strong> Anadolu \u00dcniversite K\u00fct\u00fcphaneleri Konsorsiyumu (ANKOS), Hacettepe \u00dcniversitesi, \u0130zmir Y\u00fcksek Teknoloji Enstit\u00fcs\u00fc (\u0130YTE) ve T\u00dcB\u0130TAK i\u015fbirli\u011fi ile <span style=\"color: #0000ff;\"><strong>19-21 Ekim 2015<\/strong><\/span> tarihlerinde <strong><span style=\"color: #0000ff;\">T\u00dcB\u0130TAK<\/span><\/strong>\u2019\u0131n ev sahipli\u011finde <strong><span style=\"color: #0000ff;\">Ankara<\/span><\/strong>\u2019da ger\u00e7ekle\u015ftirilecektir. Kamu kaynaklar\u0131yla desteklenen bilimsel yay\u0131n ve veriye herkesin \u00fccretsiz olarak eri\u015febilmesi; bu yay\u0131n ve verinin kurumsal dijital ar\u015fivler arac\u0131l\u0131\u011f\u0131yla eri\u015fime a\u00e7\u0131lmas\u0131; a\u00e7\u0131k eri\u015fim uygulamalar\u0131 i\u00e7in gereken politika, strateji, mevzuat, standart ve yaz\u0131l\u0131m alt yap\u0131lar\u0131n\u0131n tart\u0131\u015f\u0131lmas\u0131 amac\u0131yla d\u00fczenlenen AE2015\u2019e b\u00fcy\u00fck kat\u0131l\u0131m beklenmektedir.<!--more--><\/p>\n<p style=\"text-align: justify;\">Bilindi\u011fi gibi, 3. A\u00e7\u0131k Eri\u015fim \u00c7al\u0131\u015ftay\u0131 (AE2014), 20-21 Ekim 2014 tarihlerinde ANKOS, Y\u00d6K, Hacettepe \u00dcniversitesi ve \u0130YTE i\u015fbirli\u011fi ile Y\u00d6K\u2019\u00fcn ev sahipli\u011finde yap\u0131lm\u0131\u015ft\u0131r. AE2014\u2019e; \u00fcniversiteler, kamu kurulu\u015flar\u0131, mesleki dernekler ve yay\u0131nc\u0131l\u0131k sekt\u00f6r\u00fcnden 350 civar\u0131nda delege kat\u0131lm\u0131\u015ft\u0131r. Bu \u00c7al\u0131\u015ftay, Say\u0131n Ba\u015fbakan Prof. Dr. Ahmet Davuto\u011flu, Eski Y\u00d6K Ba\u015fkan\u0131 Prof. Dr. G\u00f6khan \u00c7etinsaya ve \u00fcniversite rekt\u00f6rlerinin kat\u0131l\u0131m\u0131yla ger\u00e7ekle\u015fmi\u015f ve \u00c7al\u0131\u015ftay\u0131n Sonu\u00e7 Bildirgesi kamuoyu ile payla\u015f\u0131lm\u0131\u015ft\u0131r.<\/p>\n<p style=\"text-align: justify;\">AE2015 \u00c7al\u0131\u015ftay\u0131nda konusunda uzman\u00a0 yerli ve yabanc\u0131 davetli konu\u015fmac\u0131lara yer verilecek ve a\u015fa\u011f\u0131daki ba\u015fl\u0131klar \u00fczerinde durulacakt\u0131r:<\/p>\n<p style=\"text-align: justify;\">Avrupa Birli\u011fi Komisyonunun bak\u0131\u015f a\u00e7\u0131\u015f\u0131 ile a\u00e7\u0131k eri\u015fim ve a\u00e7\u0131k veri<br \/>\nAra\u015ft\u0131rma alt yap\u0131lar\u0131 ve birlikte \u00e7al\u0131\u015fabilirlik standartlar\u0131<br \/>\nG\u00f6m\u00fcl\u00fc a\u00e7\u0131k ar\u015fivler<br \/>\nDOAJ ve SPARC Europe neler yap\u0131yor?<br \/>\nAra\u015ft\u0131rma bilgi sistemleri i\u00e7in standart veri modeli: euroCRIS<br \/>\nAra\u015ft\u0131rmac\u0131lar i\u00e7in uluslararas\u0131 bir kimlik numaras\u0131: ORCID<br \/>\n\u00d6nemli yay\u0131nevlerinin a\u00e7\u0131k eri\u015fim konusundaki stratejileri ve yapt\u0131\u011f\u0131 \u00e7al\u0131\u015fmalar<br \/>\nAra\u015ft\u0131rma verisi, a\u00e7\u0131k veri ve veri y\u00f6netimi<br \/>\nT\u00dcB\u0130TAK ve a\u00e7\u0131k eri\u015fim<br \/>\nKurumsal ar\u015fivlerde son geli\u015fmeler ve iyi uygulamalar<br \/>\nDSpace yaz\u0131l\u0131m\u0131 ve etkili kullan\u0131m\u0131<\/p>\n<p style=\"text-align: justify;\">AE2015\u2019in ger\u00e7ekle\u015fece\u011fi tarihleri de i\u00e7eren 19-23 Ekim 2015 haftas\u0131, ayn\u0131 zamanda t\u00fcm d\u00fcnyada A\u00e7\u0131k Eri\u015fim Haftas\u0131 kapsam\u0131nda \u00e7e\u015fitli etkinliklerle kutlanacakt\u0131r. T\u00fcm ara\u015ft\u0131rmac\u0131lar, akademisyenler, yay\u0131nc\u0131lar, k\u00fct\u00fcphaneciler, dergi edit\u00f6rleri, ara\u015ft\u0131rma ofisi \u00e7al\u0131\u015fanlar\u0131 ve fon sa\u011flay\u0131c\u0131 kurumlar\u0131n temsilcilerini AE2015 \u00c7al\u0131\u015ftay\u0131na kat\u0131lmaya davet ediyoruz.<\/p>\n<p><em>Mehmet Mirat Sato\u011flu<\/em><br \/>\n<em>T\u00dcB\u0130TAK ULAKB\u0130M M\u00dcD\u00dcR\u00dc<\/em><\/p>\n<p style=\"text-align: justify;\"><span style=\"color: #ff0000;\"><a href=\"http:\/\/calistay.acikerisim.org\/\" target=\"_blank\"><span style=\"color: #ff0000;\"><strong>\u00c7al\u0131\u015ftay Web Sitesi ve Kay\u0131t i\u00e7in t\u0131klay\u0131n\u0131z<\/strong><\/span><\/a><\/span><\/p>\n<p><strong>Ulusal A\u00e7\u0131k Eri\u015fim \u00c7al\u0131\u015ftaylar\u0131 Sonu\u00e7 Bildirgeleri:<\/strong><\/p>\n<p><a href=\"http:\/\/www.bbyhaber.com\/bby\/wp-content\/uploads\/dosyalar\/acikerisim\/belgeler\/1-ulusal-acik-erisim-calistayi-sonuc-bildirgesi-tr.pdf\" target=\"_blank\">1.Ulusal A\u00e7\u0131k Eri\u015fim \u00c7al\u0131\u015ftay\u0131 Sonu\u00e7 Bildirgesi<\/a>\u00a0(9 Kas\u0131m 2012)<\/p>\n<p><a href=\"http:\/\/www.bbyhaber.com\/bby\/wp-content\/uploads\/dosyalar\/acikerisim\/belgeler\/2-ulusal-acik-erisim-calistayi-sonuc-bildirgesi-tr.pdf\" target=\"_blank\">2.Ulusal A\u00e7\u0131k Eri\u015fim \u00c7al\u0131\u015ftay\u0131 Sonu\u00e7 Bildirgesi<\/a>\u00a0(22 Ekim 2013)<\/p>\n<p><a href=\"http:\/\/www.bbyhaber.com\/bby\/wp-content\/uploads\/dosyalar\/acikerisim\/belgeler\/3-ulusal-acik-erisim-calistayi-sonuc-bildirgesi-tr.pdf\" target=\"_blank\">3.Ulusal A\u00e7\u0131k Eri\u015fim \u00c7al\u0131\u015ftay\u0131 Sonu\u00e7 Bildirgesi<\/a>\u00a0(21 Ekim 2014)<\/p>\n","protected":false},"excerpt":{"rendered":"<p>T\u00fcm d\u00fcnyadaki geli\u015fmeler ve kazan\u0131mlar do\u011frultusunda 4.Ulusal A\u00e7\u0131k Eri\u015fim \u00c7al\u0131\u015ftay\u0131 (AE2015) Anadolu \u00dcniversite K\u00fct\u00fcphaneleri Konsorsiyumu (ANKOS), Hacettepe \u00dcniversitesi, \u0130zmir Y\u00fcksek Teknoloji Enstit\u00fcs\u00fc (\u0130YTE) ve T\u00dcB\u0130TAK i\u015fbirli\u011fi ile 19-21 Ekim 2015 tarihlerinde T\u00dcB\u0130TAK\u2019\u0131n ev sahipli\u011finde Ankara\u2019da ger\u00e7ekle\u015ftirilecektir. Kamu kaynaklar\u0131yla desteklenen bilimsel yay\u0131n ve veriye herkesin \u00fccretsiz olarak eri\u015febilmesi; bu yay\u0131n ve verinin kurumsal dijital ar\u015fivler arac\u0131l\u0131\u011f\u0131yla [&hellip;]<\/p>\n","protected":false},"author":1,"featured_media":0,"comment_status":"open","ping_status":"open","sticky":false,"template":"","format":"standard","meta":{"footnotes":""},"categories":[1472,1473,1501,1591,1592],"tags":[1395],"class_list":["post-17097","post","type-post","status-publish","format-standard","hentry","category-acik-arsiv","category-acik-erisim","category-open-access","category-openaire","category-opendoar","tag-bby-mesleki-etkinlikler-arsivi"],"_links":{"self":[{"href":"https:\/\/www.bbyhaber.com\/bby\/wp-json\/wp\/v2\/posts\/17097"}],"collection":[{"href":"https:\/\/www.bbyhaber.com\/bby\/wp-json\/wp\/v2\/posts"}],"about":[{"href":"https:\/\/www.bbyhaber.com\/bby\/wp-json\/wp\/v2\/types\/post"}],"author":[{"embeddable":true,"href":"https:\/\/www.bbyhaber.com\/bby\/wp-json\/wp\/v2\/users\/1"}],"replies":[{"embeddable":true,"href":"https:\/\/www.bbyhaber.com\/bby\/wp-json\/wp\/v2\/comments?post=17097"}],"version-history":[{"count":0,"href":"https:\/\/www.bbyhaber.com\/bby\/wp-json\/wp\/v2\/posts\/17097\/revisions"}],"wp:attachment":[{"href":"https:\/\/www.bbyhaber.com\/bby\/wp-json\/wp\/v2\/media?parent=17097"}],"wp:term":[{"taxonomy":"category","embeddable":true,"href":"https:\/\/www.bbyhaber.com\/bby\/wp-json\/wp\/v2\/categories?post=17097"},{"taxonomy":"post_tag","embeddable":true,"href":"https:\/\/www.bbyhaber.com\/bby\/wp-json\/wp\/v2\/tags?post=17097"}],"curies":[{"name":"wp","href":"https:\/\/api.w.org\/{rel}","templated":true}]}}