{"id":17062,"date":"2015-06-20T03:34:11","date_gmt":"2015-06-20T00:34:11","guid":{"rendered":"http:\/\/www.bbyhaber.com\/bby\/?p=17062"},"modified":"2015-06-21T20:01:51","modified_gmt":"2015-06-21T17:01:51","slug":"kutuphaneden-okuyuculara-mektup-var","status":"publish","type":"post","link":"https:\/\/www.bbyhaber.com\/bby\/2015\/06\/20\/kutuphaneden-okuyuculara-mektup-var","title":{"rendered":"K\u00fct\u00fcphaneden Okuyuculara Mektup Var"},"content":{"rendered":"<p style=\"text-align: justify;\"><img loading=\"lazy\" decoding=\"async\" class=\"alignleft\" src=\"http:\/\/www.manisakulishaber.com\/Assets\/Images\/News\/Detail_19-06-2015-Id.45314.jpg\" alt=\"K\u00dcT\u00dcPHANEDEN OKUYUCULARA MEKTUP VAR\" width=\"306\" height=\"176\" \/>Manisa \u0130l Halk K\u00fct\u00fcphanesi yetkilileri, okumak i\u00e7in \u00f6d\u00fcn\u00e7 ald\u0131\u011f\u0131 kitaplar\u0131 unutarak geri getirmeyen okuyucular\u0131na mektup g\u00f6nderdi. <strong>2015 y\u0131l\u0131 i\u00e7erisinde 3 bin kitab\u0131n geri getirilmemesi<\/strong> \u00fczerine bu uygulamay\u0131 ba\u015flatt\u0131klar\u0131n\u0131 a\u00e7\u0131klayan Manisa \u0130l Halk K\u00fct\u00fcphanesi M\u00fcd\u00fcr Vekili Sami \u015ei\u015fecio\u011flu, ald\u0131klar\u0131 kitab\u0131 geri getirmeyen okuyucular\u0131n kitaplar\u0131 en k\u0131sa s\u00fcre zarf\u0131nda k\u00fct\u00fcphaneye iade etmesini istedi.<!--more--><\/p>\n<p style=\"text-align: justify;\">K\u00fct\u00fcphanede yakla\u015f\u0131k 45 bin adet kitap bulundu\u011funu kaydeden \u015ei\u015fecio\u011flu, k\u00fct\u00fcphanedeki kitaplar\u0131 s\u00fcrekli yenilediklerini belirterek, &#8220;Manisa halk\u0131 di\u011fer illerdeki k\u00fct\u00fcphane okuyucular\u0131na g\u00f6re \u00f6d\u00fcn\u00e7 kitap konusunda duyarl\u0131. 2015 y\u0131l\u0131 ba\u015f\u0131ndan \u015fuana kadar 3 bin adet \u00f6d\u00fcn\u00e7 kitap alarak getirmeyen yakla\u015f\u0131k 1000 okuyucumuza mektup g\u00f6nderdik. Okudu\u011fu kitab\u0131 ge\u00e7 getiren okuyucular\u0131m\u0131z, ya \u00fcniversiteyi kazanarak ba\u015fka bir ilde ya\u015famaya ba\u015flayan gen\u00e7ler ya da unutkan vatanda\u015flar\u0131m\u0131z oluyor&#8221; dedi.<\/p>\n<p style=\"text-align: justify;\">K\u00fct\u00fcphane olarak okuyuculardan ald\u0131klar\u0131 her kitab\u0131 sterilizasyon makinesinden ge\u00e7irdiklerini s\u00f6yleyen \u015ei\u015fecio\u011flu, her kitab\u0131 okuyuculara temiz ve d\u00fczenli bir \u015fekilde sunmaya \u00e7al\u0131\u015ft\u0131klar\u0131n\u0131 hat\u0131rlatt\u0131. Emanet olarak verdikleri kitaplarda y\u0131rtma, y\u0131pratma, karalama \u015feklinde geri d\u00fczelmeyecek hasarlar olu\u015fabildi\u011fini dile getiren \u015ei\u015fecio\u011flu, &#8220;Okuyucular\u0131m\u0131z kitaplar\u0131n\u0131 y\u0131rtm\u0131\u015f ve y\u0131pratm\u0131\u015f dahi olsa ellerinde kitab\u0131n bir sayfas\u0131 bile kalsa, mutlaka k\u00fct\u00fcphanemize getirsinler.<\/p>\n<p style=\"text-align: justify;\">Bizler k\u00fct\u00fcphane yetkilileri olarak okuyucumuza verdi\u011fimiz bir kitab\u0131n zarar g\u00f6rmesinden kayg\u0131 duymuyoruz. Okuyucumuzun tamamen aya\u011f\u0131n\u0131 kesmesi bizi daha \u00e7ok \u00fczer&#8221; diye konu\u015ftu.<\/p>\n<p>Kaynak:\u00a0http:\/\/www.manisakulishaber.com\/<\/p>\n","protected":false},"excerpt":{"rendered":"<p>Manisa \u0130l Halk K\u00fct\u00fcphanesi yetkilileri, okumak i\u00e7in \u00f6d\u00fcn\u00e7 ald\u0131\u011f\u0131 kitaplar\u0131 unutarak geri getirmeyen okuyucular\u0131na mektup g\u00f6nderdi. 2015 y\u0131l\u0131 i\u00e7erisinde 3 bin kitab\u0131n geri getirilmemesi \u00fczerine bu uygulamay\u0131 ba\u015flatt\u0131klar\u0131n\u0131 a\u00e7\u0131klayan Manisa \u0130l Halk K\u00fct\u00fcphanesi M\u00fcd\u00fcr Vekili Sami \u015ei\u015fecio\u011flu, ald\u0131klar\u0131 kitab\u0131 geri getirmeyen okuyucular\u0131n kitaplar\u0131 en k\u0131sa s\u00fcre zarf\u0131nda k\u00fct\u00fcphaneye iade etmesini istedi.<\/p>\n","protected":false},"author":129,"featured_media":0,"comment_status":"open","ping_status":"open","sticky":false,"template":"","format":"standard","meta":{"footnotes":""},"categories":[1],"tags":[1436],"class_list":["post-17062","post","type-post","status-publish","format-standard","hentry","category-genel","tag-kutuphaneler"],"_links":{"self":[{"href":"https:\/\/www.bbyhaber.com\/bby\/wp-json\/wp\/v2\/posts\/17062"}],"collection":[{"href":"https:\/\/www.bbyhaber.com\/bby\/wp-json\/wp\/v2\/posts"}],"about":[{"href":"https:\/\/www.bbyhaber.com\/bby\/wp-json\/wp\/v2\/types\/post"}],"author":[{"embeddable":true,"href":"https:\/\/www.bbyhaber.com\/bby\/wp-json\/wp\/v2\/users\/129"}],"replies":[{"embeddable":true,"href":"https:\/\/www.bbyhaber.com\/bby\/wp-json\/wp\/v2\/comments?post=17062"}],"version-history":[{"count":0,"href":"https:\/\/www.bbyhaber.com\/bby\/wp-json\/wp\/v2\/posts\/17062\/revisions"}],"wp:attachment":[{"href":"https:\/\/www.bbyhaber.com\/bby\/wp-json\/wp\/v2\/media?parent=17062"}],"wp:term":[{"taxonomy":"category","embeddable":true,"href":"https:\/\/www.bbyhaber.com\/bby\/wp-json\/wp\/v2\/categories?post=17062"},{"taxonomy":"post_tag","embeddable":true,"href":"https:\/\/www.bbyhaber.com\/bby\/wp-json\/wp\/v2\/tags?post=17062"}],"curies":[{"name":"wp","href":"https:\/\/api.w.org\/{rel}","templated":true}]}}