{"id":17034,"date":"2015-06-12T09:30:27","date_gmt":"2015-06-12T06:30:27","guid":{"rendered":"http:\/\/www.bbyhaber.com\/bby\/?p=17034"},"modified":"2015-06-12T09:30:27","modified_gmt":"2015-06-12T06:30:27","slug":"baris-gazeteciligi-kutuphanesi-acildi","status":"publish","type":"post","link":"https:\/\/www.bbyhaber.com\/bby\/2015\/06\/12\/baris-gazeteciligi-kutuphanesi-acildi","title":{"rendered":"Bar\u0131\u015f Gazetecili\u011fi K\u00fct\u00fcphanesi a\u00e7\u0131ld\u0131"},"content":{"rendered":"<p style=\"text-align: justify;\"><img loading=\"lazy\" decoding=\"async\" class=\"alignleft\" src=\"http:\/\/www.bbyhaber.com\/bby\/wp-content\/uploads\/2015\/06\/baris-gazeteciligi.jpg\" alt=\"\" width=\"253\" height=\"140\" \/>K\u00fct\u00fcphane d\u00fcnyada ve T\u00fcrkiye\u2019de bar\u0131\u015f gazetecili\u011fi yakla\u015f\u0131m\u0131nda kavramsal\/kuramsal ve pratik \u00e7al\u0131\u015fmalardan \u00f6rneklerle habercilik yakla\u015f\u0131m\u0131 ve prati\u011fini kolayla\u015ft\u0131r\u0131c\u0131 katk\u0131lar sunmay\u0131 ama\u00e7l\u0131yor. K\u00fct\u00fcphane IPS \u0130leti\u015fim Vakf\u0131\u2019n\u0131n \u201cBar\u0131\u015f Gazetecili\u011fi El Kitab\u0131 ve Sanal K\u00fct\u00fcphanesi\u201d \u00a0ba\u015fl\u0131kl\u0131 projesinin bir par\u00e7as\u0131. Proje Hollanda \u0130stanbul Ba\u015fkonsoloslu\u011fu Matra-\u0130nsan Haklar\u0131 Program\u0131 mali deste\u011fiyle ger\u00e7ekle\u015fiyor.<!--more--><\/p>\n<p style=\"text-align: justify;\">K\u00fct\u00fcphanemizde yer alan \u00e7al\u0131\u015fmalar bar\u0131\u015f gazetecili\u011finin ne oldu\u011fu kadar ne olmad\u0131\u011f\u0131n\u0131n da ipu\u00e7lar\u0131n\u0131 g\u00f6steriyor; silahl\u0131 \u00e7at\u0131\u015fma\/kriz durumlar\u0131yla hayattaki her t\u00fcrl\u00fc ikili ve \u00e7oklu kar\u015f\u0131tl\u0131klar\u0131n haberle\u015ftirilmesinde bar\u0131\u015f gazetecili\u011fi perspektifini i\u015faret ediyor.<\/p>\n<p style=\"text-align: justify;\">Bu se\u00e7ki, gazeteciler ile \u00fcniversitelerin ileti\u015fim fak\u00fcltelerinde ara\u015ft\u0131rmac\u0131, \u00f6\u011fretim g\u00f6revlisi \u00f6\u011frencilere bar\u0131\u015f gazetecili\u011fi alan\u0131nda akademik tart\u0131\u015fmalar ve pratikten \u00f6rnekleri sunuyor.<\/p>\n<p style=\"text-align: justify;\">K\u00fct\u00fcphanemizde bulaca\u011f\u0131n\u0131z \u00e7al\u0131\u015fmalar makale, analiz, s\u00f6yle\u015fi ve haber raflar\u0131nda grupland\u0131. T\u00fcrkiye ve K\u0131br\u0131s\u2019ta T\u00fcrk\u00e7e yap\u0131lan \u00e7al\u0131\u015fmalar\u0131n yan\u0131s\u0131ra konuyla ilgilenenlere ufuk a\u00e7\u0131c\u0131 olmas\u0131 i\u00e7in baz\u0131 \u0130ngilizce makalelerden \u00e7eviriler yapt\u0131k ve literat\u00fcrden hareketle kendimizin kaleme ald\u0131\u011f\u0131 anlat\u0131lara yer verdik. bianet\u2019in daha \u00f6nce yay\u0131nlad\u0131\u011f\u0131 konuyla ilgili metinleri de ilgili raflara yerle\u015ftirdik. \u0130lgili yeni \u00e7al\u0131\u015fmalar geldik\u00e7e k\u00fct\u00fcphanemizde yerini alacak.<\/p>\n<p style=\"text-align: justify;\">K\u00fct\u00fcphaneye giri\u015f i\u00e7in\u00a0<a href=\"http:\/\/www.bianet.org\/bianet\/ifade-ozgurlugu\/165262-baris-gazeteciligi-kutuphanesi\" target=\"_blank\">t\u0131klay\u0131n.<\/a><\/p>\n","protected":false},"excerpt":{"rendered":"<p>K\u00fct\u00fcphane d\u00fcnyada ve T\u00fcrkiye\u2019de bar\u0131\u015f gazetecili\u011fi yakla\u015f\u0131m\u0131nda kavramsal\/kuramsal ve pratik \u00e7al\u0131\u015fmalardan \u00f6rneklerle habercilik yakla\u015f\u0131m\u0131 ve prati\u011fini kolayla\u015ft\u0131r\u0131c\u0131 katk\u0131lar sunmay\u0131 ama\u00e7l\u0131yor. K\u00fct\u00fcphane IPS \u0130leti\u015fim Vakf\u0131\u2019n\u0131n \u201cBar\u0131\u015f Gazetecili\u011fi El Kitab\u0131 ve Sanal K\u00fct\u00fcphanesi\u201d \u00a0ba\u015fl\u0131kl\u0131 projesinin bir par\u00e7as\u0131. Proje Hollanda \u0130stanbul Ba\u015fkonsoloslu\u011fu Matra-\u0130nsan Haklar\u0131 Program\u0131 mali deste\u011fiyle ger\u00e7ekle\u015fiyor.<\/p>\n","protected":false},"author":1,"featured_media":0,"comment_status":"open","ping_status":"open","sticky":false,"template":"","format":"standard","meta":{"footnotes":""},"categories":[1],"tags":[],"class_list":["post-17034","post","type-post","status-publish","format-standard","hentry","category-genel"],"_links":{"self":[{"href":"https:\/\/www.bbyhaber.com\/bby\/wp-json\/wp\/v2\/posts\/17034"}],"collection":[{"href":"https:\/\/www.bbyhaber.com\/bby\/wp-json\/wp\/v2\/posts"}],"about":[{"href":"https:\/\/www.bbyhaber.com\/bby\/wp-json\/wp\/v2\/types\/post"}],"author":[{"embeddable":true,"href":"https:\/\/www.bbyhaber.com\/bby\/wp-json\/wp\/v2\/users\/1"}],"replies":[{"embeddable":true,"href":"https:\/\/www.bbyhaber.com\/bby\/wp-json\/wp\/v2\/comments?post=17034"}],"version-history":[{"count":0,"href":"https:\/\/www.bbyhaber.com\/bby\/wp-json\/wp\/v2\/posts\/17034\/revisions"}],"wp:attachment":[{"href":"https:\/\/www.bbyhaber.com\/bby\/wp-json\/wp\/v2\/media?parent=17034"}],"wp:term":[{"taxonomy":"category","embeddable":true,"href":"https:\/\/www.bbyhaber.com\/bby\/wp-json\/wp\/v2\/categories?post=17034"},{"taxonomy":"post_tag","embeddable":true,"href":"https:\/\/www.bbyhaber.com\/bby\/wp-json\/wp\/v2\/tags?post=17034"}],"curies":[{"name":"wp","href":"https:\/\/api.w.org\/{rel}","templated":true}]}}