{"id":16946,"date":"2015-05-26T09:34:59","date_gmt":"2015-05-26T06:34:59","guid":{"rendered":"http:\/\/www.bbyhaber.com\/bby\/?p=16946"},"modified":"2015-05-26T09:57:07","modified_gmt":"2015-05-26T06:57:07","slug":"istabul-universitesi-bby-arastirma-gorevlisi-ilani-icin-on-degerlendirme-sonuclarini-acikladi","status":"publish","type":"post","link":"https:\/\/www.bbyhaber.com\/bby\/2015\/05\/26\/istabul-universitesi-bby-arastirma-gorevlisi-ilani-icin-on-degerlendirme-sonuclarini-acikladi","title":{"rendered":"\u0130stabul \u00dcniversitesi BBY-Ara\u015ft\u0131rma G\u00f6revlisi ilan\u0131 i\u00e7in \u00f6n de\u011ferlendirme sonu\u00e7lar\u0131n\u0131 a\u00e7\u0131klad\u0131"},"content":{"rendered":"<p style=\"text-align: justify;\"><a href=\"http:\/\/www.bbyhaber.com\/bby\/2015\/05\/01\/istanbul-universitesi-bby-arastirma-gorevlisi-ilani-son-basvuru-14-mayis-2015\/\" target=\"_blank\"><span style=\"color: #0000ff;\">14 May\u0131s 2015 son ba\u015fvuru tarihli<\/span><\/a> &#8220;\u0130STANBUL \u00dcN\u0130VERS\u0130TES\u0130\u2014&gt;EDEB\u0130YAT FAK\u00dcLTES\u0130\u2014&gt;B\u0130LG\u0130 VE BELGE Y\u00d6NET\u0130M\u0130 B\u00d6L\u00dcM\u00dc\u2014&gt;AR\u015e\u0130V ANAB\u0130L\u0130M DALI\u2019na; 2547 Say\u0131l\u0131 Kanunun 33\/a Maddesi uyar\u0131nca Bilgi ve Belge Y\u00f6netimi program\u0131nda Y\u00fcksek Lisans yap\u0131yor olmak \u00f6zel \u015fart\u0131 ile 1 adet Ara\u015ft\u0131rma G\u00f6revlisi&#8221; al\u0131m\u0131 i\u00e7in ilan a\u00e7\u0131lm\u0131\u015ft\u0131. Bu ilana yap\u0131lan ba\u015fvurular sonras\u0131 \u00f6n de\u011ferlendirme sonucu a\u00e7\u0131kland\u0131 ve a\u015fa\u011f\u0131daki adaylar\u0131n de\u011ferlendirmeye al\u0131nd\u0131\u011f\u0131 bildirildi. Bu adaylar\u0131n s\u0131nava giri\u015f tarihi, yeri ve saati a\u015fa\u011f\u0131daki tabloda belirtilmi\u015ftir.<!--more--><\/p>\n<p style=\"text-align: justify;\"><a href=\"http:\/\/edebiyat.istanbul.edu.tr\/wp-content\/uploads\/2015\/05\/bilgi_belge_on_degerlendirme_formu.png\"><img loading=\"lazy\" decoding=\"async\" class=\"alignnone\" src=\"http:\/\/edebiyat.istanbul.edu.tr\/wp-content\/uploads\/2015\/05\/bilgi_belge_on_degerlendirme_formu-539x363.png\" alt=\"\" width=\"352\" height=\"237\" \/><\/a><\/p>\n<p style=\"text-align: justify;\">Kaynak:http:\/\/edebiyat.istanbul.edu.tr\/<\/p>\n","protected":false},"excerpt":{"rendered":"<p>14 May\u0131s 2015 son ba\u015fvuru tarihli &#8220;\u0130STANBUL \u00dcN\u0130VERS\u0130TES\u0130\u2014&gt;EDEB\u0130YAT FAK\u00dcLTES\u0130\u2014&gt;B\u0130LG\u0130 VE BELGE Y\u00d6NET\u0130M\u0130 B\u00d6L\u00dcM\u00dc\u2014&gt;AR\u015e\u0130V ANAB\u0130L\u0130M DALI\u2019na; 2547 Say\u0131l\u0131 Kanunun 33\/a Maddesi uyar\u0131nca Bilgi ve Belge Y\u00f6netimi program\u0131nda Y\u00fcksek Lisans yap\u0131yor olmak \u00f6zel \u015fart\u0131 ile 1 adet Ara\u015ft\u0131rma G\u00f6revlisi&#8221; al\u0131m\u0131 i\u00e7in ilan a\u00e7\u0131lm\u0131\u015ft\u0131. Bu ilana yap\u0131lan ba\u015fvurular sonras\u0131 \u00f6n de\u011ferlendirme sonucu a\u00e7\u0131kland\u0131 ve a\u015fa\u011f\u0131daki adaylar\u0131n de\u011ferlendirmeye al\u0131nd\u0131\u011f\u0131 [&hellip;]<\/p>\n","protected":false},"author":1,"featured_media":0,"comment_status":"open","ping_status":"open","sticky":false,"template":"","format":"standard","meta":{"footnotes":""},"categories":[1],"tags":[],"class_list":["post-16946","post","type-post","status-publish","format-standard","hentry","category-genel"],"_links":{"self":[{"href":"https:\/\/www.bbyhaber.com\/bby\/wp-json\/wp\/v2\/posts\/16946"}],"collection":[{"href":"https:\/\/www.bbyhaber.com\/bby\/wp-json\/wp\/v2\/posts"}],"about":[{"href":"https:\/\/www.bbyhaber.com\/bby\/wp-json\/wp\/v2\/types\/post"}],"author":[{"embeddable":true,"href":"https:\/\/www.bbyhaber.com\/bby\/wp-json\/wp\/v2\/users\/1"}],"replies":[{"embeddable":true,"href":"https:\/\/www.bbyhaber.com\/bby\/wp-json\/wp\/v2\/comments?post=16946"}],"version-history":[{"count":0,"href":"https:\/\/www.bbyhaber.com\/bby\/wp-json\/wp\/v2\/posts\/16946\/revisions"}],"wp:attachment":[{"href":"https:\/\/www.bbyhaber.com\/bby\/wp-json\/wp\/v2\/media?parent=16946"}],"wp:term":[{"taxonomy":"category","embeddable":true,"href":"https:\/\/www.bbyhaber.com\/bby\/wp-json\/wp\/v2\/categories?post=16946"},{"taxonomy":"post_tag","embeddable":true,"href":"https:\/\/www.bbyhaber.com\/bby\/wp-json\/wp\/v2\/tags?post=16946"}],"curies":[{"name":"wp","href":"https:\/\/api.w.org\/{rel}","templated":true}]}}