{"id":16938,"date":"2015-05-23T11:31:22","date_gmt":"2015-05-23T08:31:22","guid":{"rendered":"http:\/\/www.bbyhaber.com\/bby\/?p=16938"},"modified":"2015-05-23T11:31:22","modified_gmt":"2015-05-23T08:31:22","slug":"kardesi-seref-eker-icin-kutuphane-yaptirdi","status":"publish","type":"post","link":"https:\/\/www.bbyhaber.com\/bby\/2015\/05\/23\/kardesi-seref-eker-icin-kutuphane-yaptirdi","title":{"rendered":"Karde\u015fi \u015eeref Eker i\u00e7in k\u00fct\u00fcphane yapt\u0131rd\u0131"},"content":{"rendered":"<p style=\"text-align: justify;\"><img loading=\"lazy\" decoding=\"async\" class=\"alignleft\" src=\"http:\/\/www.bbyhaber.com\/bby\/wp-content\/uploads\/2015\/05\/mustafaseref-eker.jpg\" alt=\"\" width=\"247\" height=\"137\" \/>Antalya&#8217;daki Dr. Cahit \u00dcnver \u0130lk\u00f6\u011fretim- Ortaokulu&#8217;nda beden e\u011fitimi \u00f6\u011fretmenli\u011fi yapan Mustafa Eker, ge\u00e7en y\u0131l kanser nedeniyle hayat\u0131n\u0131 kaybeden karde\u015fi \u015eeref Eker&#8217;in ad\u0131na k\u00fct\u00fcphane yapt\u0131rd\u0131.\u00a0Karde\u015fi \u015eeref Eker&#8217;in uzun y\u0131llar K\u00fclt\u00fcr Bakanl\u0131\u011f\u0131 K\u00fct\u00fcphaneler Genel M\u00fcd\u00fcrl\u00fc\u011f\u00fc&#8217;nde y\u00f6netici olarak g\u00f6rev yapt\u0131\u011f\u0131n\u0131 hayat\u0131n\u0131 k\u00fct\u00fcphanelere ve kitaplara adad\u0131\u011f\u0131n\u0131 belirten vefal\u0131 Mustafa Eker, \u00e7o\u011funlu\u011fu karde\u015fi Eker&#8217;e ait 3 bin kitapl\u0131 k\u00fct\u00fcphane kurdu. Kendisinin de beden e\u011fitimi \u00f6\u011fretmeni olarak \u00e7al\u0131\u015ft\u0131\u011f\u0131 Dr. Cahit \u00dcnver \u0130lk\u00f6\u011fretim-Ortaokulu i\u00e7inde kurulan k\u00fct\u00fcphane 1700 \u00f6\u011frenciye hizmet edecek.<!--more--><\/p>\n<p style=\"text-align: justify;\">Her kategoride kitaplar\u0131n bulundu\u011fu k\u00fct\u00fcphaneyi olu\u015ftururken \u00e7ocuklar\u0131n e\u011fitim ve \u00f6\u011frenimlerine katk\u0131da bulunacak kitaplar\u0131 se\u00e7meye gayret ettiklerini vurgulayan Mustafa Eker, &#8220;Karde\u015fim hayat\u0131n\u0131 kitaplar aras\u0131nda ge\u00e7irdi. Gen\u00e7 ya\u015fta kaybetmi\u015f olmam\u0131z aile olarak bizi \u00e7ok \u00fczd\u00fc. An\u0131s\u0131n\u0131 y\u0131lar\u0131n\u0131 verdi\u011fi kitaplarla ya\u015fatmak istedik. Bundan sonra okulumuzun \u00f6\u011frencileri \u015eeref Eker K\u00fct\u00fcphanesi&#8217;nde ders \u00e7al\u0131\u015facak, karde\u015fimin okudu\u011fu kitaplar\u0131 okuyacak&#8221; dedi.<\/p>\n<p style=\"text-align: justify;\">Kaynak: http:\/\/www.antalyaburada.com\/<\/p>\n","protected":false},"excerpt":{"rendered":"<p>Antalya&#8217;daki Dr. Cahit \u00dcnver \u0130lk\u00f6\u011fretim- Ortaokulu&#8217;nda beden e\u011fitimi \u00f6\u011fretmenli\u011fi yapan Mustafa Eker, ge\u00e7en y\u0131l kanser nedeniyle hayat\u0131n\u0131 kaybeden karde\u015fi \u015eeref Eker&#8217;in ad\u0131na k\u00fct\u00fcphane yapt\u0131rd\u0131.\u00a0Karde\u015fi \u015eeref Eker&#8217;in uzun y\u0131llar K\u00fclt\u00fcr Bakanl\u0131\u011f\u0131 K\u00fct\u00fcphaneler Genel M\u00fcd\u00fcrl\u00fc\u011f\u00fc&#8217;nde y\u00f6netici olarak g\u00f6rev yapt\u0131\u011f\u0131n\u0131 hayat\u0131n\u0131 k\u00fct\u00fcphanelere ve kitaplara adad\u0131\u011f\u0131n\u0131 belirten vefal\u0131 Mustafa Eker, \u00e7o\u011funlu\u011fu karde\u015fi Eker&#8217;e ait 3 bin kitapl\u0131 k\u00fct\u00fcphane kurdu. [&hellip;]<\/p>\n","protected":false},"author":1,"featured_media":0,"comment_status":"open","ping_status":"open","sticky":false,"template":"","format":"standard","meta":{"footnotes":""},"categories":[1],"tags":[],"class_list":["post-16938","post","type-post","status-publish","format-standard","hentry","category-genel"],"_links":{"self":[{"href":"https:\/\/www.bbyhaber.com\/bby\/wp-json\/wp\/v2\/posts\/16938"}],"collection":[{"href":"https:\/\/www.bbyhaber.com\/bby\/wp-json\/wp\/v2\/posts"}],"about":[{"href":"https:\/\/www.bbyhaber.com\/bby\/wp-json\/wp\/v2\/types\/post"}],"author":[{"embeddable":true,"href":"https:\/\/www.bbyhaber.com\/bby\/wp-json\/wp\/v2\/users\/1"}],"replies":[{"embeddable":true,"href":"https:\/\/www.bbyhaber.com\/bby\/wp-json\/wp\/v2\/comments?post=16938"}],"version-history":[{"count":0,"href":"https:\/\/www.bbyhaber.com\/bby\/wp-json\/wp\/v2\/posts\/16938\/revisions"}],"wp:attachment":[{"href":"https:\/\/www.bbyhaber.com\/bby\/wp-json\/wp\/v2\/media?parent=16938"}],"wp:term":[{"taxonomy":"category","embeddable":true,"href":"https:\/\/www.bbyhaber.com\/bby\/wp-json\/wp\/v2\/categories?post=16938"},{"taxonomy":"post_tag","embeddable":true,"href":"https:\/\/www.bbyhaber.com\/bby\/wp-json\/wp\/v2\/tags?post=16938"}],"curies":[{"name":"wp","href":"https:\/\/api.w.org\/{rel}","templated":true}]}}