{"id":16934,"date":"2015-05-22T18:08:06","date_gmt":"2015-05-22T15:08:06","guid":{"rendered":"http:\/\/www.bbyhaber.com\/bby\/?p=16934"},"modified":"2015-05-23T11:28:30","modified_gmt":"2015-05-23T08:28:30","slug":"musta-yeni-bir-kutuphane-daha-kuruluyor","status":"publish","type":"post","link":"https:\/\/www.bbyhaber.com\/bby\/2015\/05\/22\/musta-yeni-bir-kutuphane-daha-kuruluyor","title":{"rendered":"Mu\u015f&#8217;ta Yeni Bir K\u00fct\u00fcphane Daha Kuruluyor"},"content":{"rendered":"<p style=\"text-align: justify;\"><img loading=\"lazy\" decoding=\"async\" class=\"alignleft\" src=\"http:\/\/www.bbyhaber.com\/bby\/wp-content\/uploads\/2015\/05\/musta-yeni-bir-kutuphane.jpg\" alt=\"\" width=\"214\" height=\"140\" \/>Mu\u015f K\u00fclt\u00fcr ve Turizm M\u00fcd\u00fcrl\u00fc\u011f\u00fc, yeni halk k\u00fct\u00fcphanesi i\u00e7in \u00e7al\u0131\u015fmalar\u0131na ba\u015flad\u0131. Mu\u015f K\u00fclt\u00fcr ve Turizm M\u00fcd\u00fcr\u00fc Hayrettin \u00c7etin, yeni k\u00fct\u00fcphanenin yap\u0131m\u0131 i\u00e7in \u0130l \u00d6zel \u0130daresi hizmet binas\u0131 yan\u0131nda bulunan eski \u0130l G\u0131da Tar\u0131m ve Hayvanc\u0131l\u0131k M\u00fcd\u00fcrl\u00fc\u011f\u00fc ek hizmet binas\u0131n\u0131n y\u0131k\u0131larak yerine k\u00fct\u00fcphane yap\u0131laca\u011f\u0131n\u0131 belirtti.<!--more--><\/p>\n<p style=\"text-align: justify;\">26 May\u0131s 2015 tarihinde bina yap\u0131m ihalesinin yap\u0131laca\u011f\u0131n\u0131 ifade eden \u00c7etin, &#8220;Yeni yap\u0131lacak bina bodrum, zemin ve art\u0131 iki kat olmak \u00fczere toplam 3 bin 150 metrekare kapal\u0131 alana sahip olacakt\u0131r. Mu\u015f&#8217;umuza hay\u0131rl\u0131 olsun&#8221; dedi.<\/p>\n<p>&nbsp;<\/p>\n<p>(\u0130HA)<\/p>\n","protected":false},"excerpt":{"rendered":"<p>Mu\u015f K\u00fclt\u00fcr ve Turizm M\u00fcd\u00fcrl\u00fc\u011f\u00fc, yeni halk k\u00fct\u00fcphanesi i\u00e7in \u00e7al\u0131\u015fmalar\u0131na ba\u015flad\u0131. Mu\u015f K\u00fclt\u00fcr ve Turizm M\u00fcd\u00fcr\u00fc Hayrettin \u00c7etin, yeni k\u00fct\u00fcphanenin yap\u0131m\u0131 i\u00e7in \u0130l \u00d6zel \u0130daresi hizmet binas\u0131 yan\u0131nda bulunan eski \u0130l G\u0131da Tar\u0131m ve Hayvanc\u0131l\u0131k M\u00fcd\u00fcrl\u00fc\u011f\u00fc ek hizmet binas\u0131n\u0131n y\u0131k\u0131larak yerine k\u00fct\u00fcphane yap\u0131laca\u011f\u0131n\u0131 belirtti.<\/p>\n","protected":false},"author":129,"featured_media":0,"comment_status":"open","ping_status":"open","sticky":false,"template":"","format":"standard","meta":{"footnotes":""},"categories":[1],"tags":[],"class_list":["post-16934","post","type-post","status-publish","format-standard","hentry","category-genel"],"_links":{"self":[{"href":"https:\/\/www.bbyhaber.com\/bby\/wp-json\/wp\/v2\/posts\/16934"}],"collection":[{"href":"https:\/\/www.bbyhaber.com\/bby\/wp-json\/wp\/v2\/posts"}],"about":[{"href":"https:\/\/www.bbyhaber.com\/bby\/wp-json\/wp\/v2\/types\/post"}],"author":[{"embeddable":true,"href":"https:\/\/www.bbyhaber.com\/bby\/wp-json\/wp\/v2\/users\/129"}],"replies":[{"embeddable":true,"href":"https:\/\/www.bbyhaber.com\/bby\/wp-json\/wp\/v2\/comments?post=16934"}],"version-history":[{"count":0,"href":"https:\/\/www.bbyhaber.com\/bby\/wp-json\/wp\/v2\/posts\/16934\/revisions"}],"wp:attachment":[{"href":"https:\/\/www.bbyhaber.com\/bby\/wp-json\/wp\/v2\/media?parent=16934"}],"wp:term":[{"taxonomy":"category","embeddable":true,"href":"https:\/\/www.bbyhaber.com\/bby\/wp-json\/wp\/v2\/categories?post=16934"},{"taxonomy":"post_tag","embeddable":true,"href":"https:\/\/www.bbyhaber.com\/bby\/wp-json\/wp\/v2\/tags?post=16934"}],"curies":[{"name":"wp","href":"https:\/\/api.w.org\/{rel}","templated":true}]}}