{"id":16890,"date":"2015-05-18T16:33:17","date_gmt":"2015-05-18T14:33:17","guid":{"rendered":"http:\/\/www.bbyhaber.com\/bby\/?p=16890"},"modified":"2017-07-11T15:44:20","modified_gmt":"2017-07-11T12:44:20","slug":"imcw2015-konferansi-buyuk-veri-devrinde-bilgi-yonetimi-daha-iyi-bir-dunya-icin-25-27-kasim-2015","status":"publish","type":"post","link":"https:\/\/www.bbyhaber.com\/bby\/2015\/05\/18\/imcw2015-konferansi-buyuk-veri-devrinde-bilgi-yonetimi-daha-iyi-bir-dunya-icin-25-27-kasim-2015","title":{"rendered":"IMCW2015 Konferans\u0131-B\u00fcy\u00fck Veri Devrinde Bilgi Y\u00f6netimi: Daha \u0130yi Bir D\u00fcnya i\u00e7in-25-27 Kas\u0131m 2015"},"content":{"rendered":"<p style=\"text-align: justify;\">Bu y\u0131l alt\u0131nc\u0131s\u0131 <strong><span style=\"color: #0000ff;\">25-27 Kas\u0131m 2015<\/span><\/strong> tarihleri aras\u0131nda \u00c7in&#8217;in Guangzhou \u015fehrinde d\u00fczenlenecek\u00a0<strong>De\u011fi\u015fen D\u00fcnyada Bilgi Y\u00f6netimi Konferans\u0131na (IMCW2015) geni\u015fletilmi\u015f\u00a0<\/strong><strong>bildiri \u00f6zeti, poster ve \u00e7al\u0131\u015ftay \u00f6neri<\/strong><strong>si<\/strong>\u00a0g\u00f6nderme tarihi\u00a0<span style=\"color: #ff0000;\"><strong>1 Haziran 2015<\/strong><\/span>\u00a0tarihine uzat\u0131lm\u0131\u015ft\u0131r.\u00a0<!--more--><\/p>\n<p style=\"text-align: justify;\"><strong>Tema: &#8220;<\/strong><strong>B\u00fcy\u00fck Veri Devrinde Bilgi Y\u00f6netimi: Daha \u0130yi Bir D\u00fcnya i\u00e7in<\/strong><strong>\u00a0&#8220;<\/strong><\/p>\n<p style=\"text-align: justify;\">\u00a0<strong>Daha ayr\u0131nt\u0131l\u0131 bilgi i\u00e7in:\u00a0<\/strong><a href=\"http:\/\/imcw2015.bilgiyonetimi.net\" target=\"_blank\" rel=\"noopener noreferrer\">http:\/\/imcw2015.<\/a><wbr \/><a href=\"http:\/\/imcw2015.bilgiyonetimi.net\" target=\"_blank\" rel=\"noopener noreferrer\">bilgiyonetimi.net<\/a><\/p>\n<p style=\"text-align: justify;\"><strong>***Bildiri g\u00f6ndermek i\u00e7in:\u00a0<\/strong><strong><span style=\"text-decoration: underline;\"><a href=\"http:\/\/openconf.bilgiyonetimi.net\/\" target=\"_blank\" rel=\"noopener noreferrer\">http:\/\/openconf.<wbr \/>bilgiyonetimi.net<\/a><\/span><\/strong><\/p>\n<p style=\"text-align: justify;\">\u00c7evrimi\u00e7i kay\u0131t k\u0131sa bir s\u00fcre i\u00e7erisinde a\u00e7\u0131lacakt\u0131r.<\/p>\n<p style=\"text-align: justify;\"><em><strong>Ya\u015far Tonta, Serap Kurbano\u011flu,\u00a0<\/strong><strong>Changzhu Huang and Feichang Ma<\/strong><\/em><\/p>\n<p style=\"text-align: justify;\"><strong><em>Genel E\u015f-Ba\u015fkanlar,\u00a0IMCW2015<\/em><br \/>\n<\/strong><\/p>\n","protected":false},"excerpt":{"rendered":"<p>Bu y\u0131l alt\u0131nc\u0131s\u0131 25-27 Kas\u0131m 2015 tarihleri aras\u0131nda \u00c7in&#8217;in Guangzhou \u015fehrinde d\u00fczenlenecek\u00a0De\u011fi\u015fen D\u00fcnyada Bilgi Y\u00f6netimi Konferans\u0131na (IMCW2015) geni\u015fletilmi\u015f\u00a0bildiri \u00f6zeti, poster ve \u00e7al\u0131\u015ftay \u00f6nerisi\u00a0g\u00f6nderme tarihi\u00a01 Haziran 2015\u00a0tarihine uzat\u0131lm\u0131\u015ft\u0131r.\u00a0<\/p>\n","protected":false},"author":1,"featured_media":0,"comment_status":"open","ping_status":"open","sticky":false,"template":"","format":"standard","meta":{"footnotes":""},"categories":[],"tags":[1395,378,823],"class_list":["post-16890","post","type-post","status-publish","format-standard","hentry","tag-bby-mesleki-etkinlikler-arsivi","tag-bilgi-yonetimi-sempozyumu","tag-imcw"],"_links":{"self":[{"href":"https:\/\/www.bbyhaber.com\/bby\/wp-json\/wp\/v2\/posts\/16890"}],"collection":[{"href":"https:\/\/www.bbyhaber.com\/bby\/wp-json\/wp\/v2\/posts"}],"about":[{"href":"https:\/\/www.bbyhaber.com\/bby\/wp-json\/wp\/v2\/types\/post"}],"author":[{"embeddable":true,"href":"https:\/\/www.bbyhaber.com\/bby\/wp-json\/wp\/v2\/users\/1"}],"replies":[{"embeddable":true,"href":"https:\/\/www.bbyhaber.com\/bby\/wp-json\/wp\/v2\/comments?post=16890"}],"version-history":[{"count":1,"href":"https:\/\/www.bbyhaber.com\/bby\/wp-json\/wp\/v2\/posts\/16890\/revisions"}],"predecessor-version":[{"id":22279,"href":"https:\/\/www.bbyhaber.com\/bby\/wp-json\/wp\/v2\/posts\/16890\/revisions\/22279"}],"wp:attachment":[{"href":"https:\/\/www.bbyhaber.com\/bby\/wp-json\/wp\/v2\/media?parent=16890"}],"wp:term":[{"taxonomy":"category","embeddable":true,"href":"https:\/\/www.bbyhaber.com\/bby\/wp-json\/wp\/v2\/categories?post=16890"},{"taxonomy":"post_tag","embeddable":true,"href":"https:\/\/www.bbyhaber.com\/bby\/wp-json\/wp\/v2\/tags?post=16890"}],"curies":[{"name":"wp","href":"https:\/\/api.w.org\/{rel}","templated":true}]}}