{"id":1689,"date":"2006-08-09T19:03:45","date_gmt":"2006-08-09T19:03:45","guid":{"rendered":"http:\/\/www.bbyhaber.com\/bby\/?p=1689"},"modified":"2013-03-07T12:52:01","modified_gmt":"2013-03-07T10:52:01","slug":"seyyar-kitap-kutuphanesi-buyuyor","status":"publish","type":"post","link":"https:\/\/www.bbyhaber.com\/bby\/2006\/08\/09\/seyyar-kitap-kutuphanesi-buyuyor","title":{"rendered":"Seyyar kitap k\u00fct\u00fcphanesi b\u00fcy\u00fcyor"},"content":{"rendered":"<p style=\"text-align: justify;\">\u0130stanbul B\u00fcy\u00fck\u015fehir Belediyesi K\u00fclt\u00fcr A.\u015e.`nin `Okuyan Bir Toplum \u0130\u00e7in` ba\u015fl\u0131\u011f\u0131yla ba\u015flatt\u0131\u011f\u0131 Seyyar Kitap Projesi`nin yeni kitaplar\u0131 \u0130stanbullu kitapseverler ile bulu\u015ftu. Yaz\u0131 boyutunu b\u00fcy\u00fctmek i\u00e7in \u0130stanbul`umuzu bir A\u00e7\u0131khava K\u00fct\u00fcphanesi`ne d\u00f6n\u00fc\u015ft\u00fcren ve halk\u0131m\u0131z\u0131n \u00fccretsiz olarak al\u0131p okuyabildi\u011fi Seyyar Kitap`lar, \u0130stanbul`un \u0130l\u00e7e ve Semt \u0130simleri 1, D\u00fcnya Miras\u0131na Katk\u0131 Sa\u011flamakta olan \u0130nsanlar\u0131m\u0131z 3 ve Yabanc\u0131 Gazetecilerin G\u00f6z\u00fcyle \u0130stanbul ba\u015fl\u0131kl\u0131 \u00fc\u00e7 kitapla yolculu\u011funa devam ediyor. \u0130stanbul`un \u0130l\u00e7e ve Semt \u0130simleri, \u0130stanbul`da ya\u015fayanlar\u0131 \u0130stanbul`da bir anlam yolculu\u011funa \u00e7\u0131kar\u0131yor.<!--more--><\/p>\n<p style=\"text-align: justify;\">Her birimiz g\u00fczel yurdumuzun farkl\u0131 k\u00f6\u015felerinden gelip, \u0130stanbul`da bulu\u015ftuk. \u0130stanbul, daveti engin, ziyafeti rengin, tema\u015fas\u0131 zengin bir d\u00fcnya kentidir. Ku\u015fkusuz bu davetin, ziyafetin ve tema\u015fan\u0131n tutkunu olan bir\u00e7o\u011fumuz, ya\u015fad\u0131\u011f\u0131m\u0131z diyarlar\u0131 b\u0131rak\u0131p, \u0130stanbul`un sinesine ana kuca\u011f\u0131 gibi s\u0131\u011f\u0131nd\u0131k. Bu yolculu\u011fumuzu, ger\u00e7ekle\u015ftirdi\u011fimiz bir mana yolculu\u011fu ile peki\u015ftirme gereksinimi hissediyoruz. \u0130stanbul`un her semtinin anlam\u0131n\u0131 anlatan \u0130stanbul`un Semt ve \u0130simleri 1 kitab\u0131, \u0130stanbul`u anlamam\u0131z\u0131 ve ona anlay\u0131\u015f g\u00f6sterip, sevmemizi sa\u011flayacak bilgileri Seyyar Kitap okuru ile payla\u015f\u0131yor.<\/p>\n<p style=\"text-align: justify;\">Herkesin \u0130stanbul ile ilgili mutlaka bir an\u0131s\u0131 vard\u0131r. Daha do\u011frusu her an\u0131m\u0131z\u0131n ba\u015fk\u00f6\u015fesinde mutlaka bir \u0130stanbul vard\u0131r. Yabanc\u0131 Gazetecilerin G\u00f6z\u00fcyle \u0130stanbul, \u0130stanbul`da meslek icab\u0131 bulunan fakat bu bulunmu\u015fluklar\u0131n\u0131 k\u00f6kl\u00fc bir \u0130stanbul sevgisi ile s\u00fcsleyen yabanc\u0131 gazetecilerin izlenimlerini aktar\u0131yor. Asude Abdul Ko\u00e7an(Makedonya Denes Gazetesi), Bert W. Sch\u00f6nborn(Almanya ZDF TV), Bashar Fehmi(Associated Press Tv Nevs), David Judson(Referans Gazetesi), Fekri Shaban(Filistin Al Jazeera Muhabiri), G\u00fclara Yenisey(Azerbaycan Assa-\u0130rada Haber Ajans\u0131), H\u00fcsn\u00fc Mahalli(Suriye Al Khaleej ve Suriye Haber Ajans\u0131), Indra&amp;Jusco Bojadzic, Jerome Bastion(Fransa, TV5 Channel), Kim Sang\u2013Jin(G\u00fcney Kore Chosun Dergisi), Mohammed Adal(\u0130ngiltere, A\u015f\u015fharg Al Awsat Gazetesi), Muratali Umarov(Tacikistan, Hovar Milli Enformasyon Ajans\u0131), Nazile Abbasl\u0131(Azerbaycan, Respublika Gazetesi), Niinomi Makoto(Freelance Correspondent), Watanabe Masayuki(Freelance Correspondent), Yoray Liberman(\u0130srail, Forbes Dergisi ve Editing Server), ve Amer Lafi(Katar, Al Jazeera Channel) Yabanc\u0131 Gazetecilerin G\u00f6z\u00fcyle \u0130stanbul`a \u0130stanbul izlenimlerini ve sevdalar\u0131n\u0131 aktard\u0131.<\/p>\n<p style=\"text-align: justify;\">Kaynak: http:\/\/www.haber7.com<\/p>\n","protected":false},"excerpt":{"rendered":"<p>\u0130stanbul B\u00fcy\u00fck\u015fehir Belediyesi K\u00fclt\u00fcr A.\u015e.`nin `Okuyan Bir Toplum \u0130\u00e7in` ba\u015fl\u0131\u011f\u0131yla ba\u015flatt\u0131\u011f\u0131 Seyyar Kitap Projesi`nin yeni kitaplar\u0131 \u0130stanbullu kitapseverler ile bulu\u015ftu. Yaz\u0131 boyutunu b\u00fcy\u00fctmek i\u00e7in \u0130stanbul`umuzu bir A\u00e7\u0131khava K\u00fct\u00fcphanesi`ne d\u00f6n\u00fc\u015ft\u00fcren ve halk\u0131m\u0131z\u0131n \u00fccretsiz olarak al\u0131p okuyabildi\u011fi Seyyar Kitap`lar, \u0130stanbul`un \u0130l\u00e7e ve Semt \u0130simleri 1, D\u00fcnya Miras\u0131na Katk\u0131 Sa\u011flamakta olan \u0130nsanlar\u0131m\u0131z 3 ve Yabanc\u0131 Gazetecilerin G\u00f6z\u00fcyle \u0130stanbul [&hellip;]<\/p>\n","protected":false},"author":1,"featured_media":0,"comment_status":"open","ping_status":"open","sticky":false,"template":"","format":"standard","meta":{"footnotes":""},"categories":[1],"tags":[],"class_list":["post-1689","post","type-post","status-publish","format-standard","hentry","category-genel"],"_links":{"self":[{"href":"https:\/\/www.bbyhaber.com\/bby\/wp-json\/wp\/v2\/posts\/1689"}],"collection":[{"href":"https:\/\/www.bbyhaber.com\/bby\/wp-json\/wp\/v2\/posts"}],"about":[{"href":"https:\/\/www.bbyhaber.com\/bby\/wp-json\/wp\/v2\/types\/post"}],"author":[{"embeddable":true,"href":"https:\/\/www.bbyhaber.com\/bby\/wp-json\/wp\/v2\/users\/1"}],"replies":[{"embeddable":true,"href":"https:\/\/www.bbyhaber.com\/bby\/wp-json\/wp\/v2\/comments?post=1689"}],"version-history":[{"count":0,"href":"https:\/\/www.bbyhaber.com\/bby\/wp-json\/wp\/v2\/posts\/1689\/revisions"}],"wp:attachment":[{"href":"https:\/\/www.bbyhaber.com\/bby\/wp-json\/wp\/v2\/media?parent=1689"}],"wp:term":[{"taxonomy":"category","embeddable":true,"href":"https:\/\/www.bbyhaber.com\/bby\/wp-json\/wp\/v2\/categories?post=1689"},{"taxonomy":"post_tag","embeddable":true,"href":"https:\/\/www.bbyhaber.com\/bby\/wp-json\/wp\/v2\/tags?post=1689"}],"curies":[{"name":"wp","href":"https:\/\/api.w.org\/{rel}","templated":true}]}}