{"id":16883,"date":"2015-05-15T16:53:11","date_gmt":"2015-05-15T13:53:11","guid":{"rendered":"http:\/\/www.bbyhaber.com\/bby\/?p=16883"},"modified":"2015-06-15T16:49:00","modified_gmt":"2015-06-15T13:49:00","slug":"ankos-personel-degisim-programi-son-basvuru-15-haziran-2015","status":"publish","type":"post","link":"https:\/\/www.bbyhaber.com\/bby\/2015\/05\/15\/ankos-personel-degisim-programi-son-basvuru-15-haziran-2015","title":{"rendered":"ANKOS Personel De\u011fi\u015fim Program\u0131-Son Ba\u015fvuru-15 Haziran 2015"},"content":{"rendered":"<p style=\"text-align: justify;\"><img loading=\"lazy\" decoding=\"async\" class=\"alignleft\" src=\"http:\/\/www.bbyhaber.com\/bby\/wp-content\/uploads\/2015\/05\/annkos-degisim.jpg\" alt=\"\" width=\"233\" height=\"129\" \/>ANKOS\u2019un sadece elektronik kaynaklar alan\u0131nda bir pazarl\u0131k y\u00fcr\u00fct\u00fcc\u00fc olmamas\u0131n\u0131n ve T\u00fcrk \u00fcniversite k\u00fct\u00fcphanecili\u011fini ve k\u00fct\u00fcphanecilerini bilgi ve tecr\u00fcbe payla\u015f\u0131m\u0131 konular\u0131nda desteklemeyi ve yak\u0131nla\u015ft\u0131rmay\u0131 da misyon edinmesi kapsam\u0131nda d\u00fczenlenen ANKOS Personel De\u011fi\u015fim Program\u0131 (APDP) d\u00f6rd\u00fcnc\u00fc y\u0131l\u0131nda 31 A\u011fustos-4 Eyl\u00fcl 2015 tarihleri aras\u0131nda \u0130zmir&#8217;de 3 kurumun ortakl\u0131\u011f\u0131 ve ev sahipli\u011finde ger\u00e7ekle\u015ftirilecektir.Ev sahibi kurumlar \u0130YTE, Ya\u015far \u00dcniversitesi ve Gediz \u00dcniversitesidir. 5 g\u00fcn s\u00fcrecek olan akademik program 31 A\u011fustos 2015 Pazartesi g\u00fcn\u00fc ba\u015flayacak ve 4 Eyl\u00fcl 2015 Cuma g\u00fcn\u00fc tamamlanacakt\u0131r. <!--more--><\/p>\n<p style=\"text-align: justify;\">Ba\u015fvurular 14 May\u0131s 2015 &#8211; 15 Haziran 2015 tarihleri aras\u0131nda <span style=\"color: #0000ff;\"><a href=\"http:\/\/apdp.ankos.gen.tr\/?p=6\" target=\"_blank\"><span style=\"color: #0000ff;\">http:\/\/apdp.ankos.gen.tr\/?p=6<\/span><\/a><\/span> adresinde yer alan ba\u015fvuru formu doldurularak yap\u0131labilecektir.<br \/>\nPrograma 5 kat\u0131l\u0131mc\u0131 al\u0131nacakt\u0131r. Ba\u015fvurular ANKOS Ba\u015fkanl\u0131\u011f\u0131&#8217;nca de\u011ferlendirildikten sonra, programa kat\u0131l\u0131m\u0131 uygun bulunanlar ayr\u0131ca duyurulacakt\u0131r.<\/p>\n<p style=\"text-align: justify;\">Program hakk\u0131nda detayl\u0131 bilgiye http:\/\/apdp.ankos.gen.tr adresinden ula\u015fabilirsiniz. Ev sahibi kurumlar\u0131n yapaca\u011f\u0131 ayr\u0131nt\u0131l\u0131 program daha sonra yukar\u0131daki web adresinden ve e-posta listelerinden duyurulacakt\u0131r.<\/p>\n<p style=\"text-align: justify;\">ANKOS Personel De\u011fi\u015fim Program\u0131 2015<\/p>\n<p>Program Tarihi<br \/>\n31 A\u011fustos -4 Eyl\u00fcl Cuma 2015<\/p>\n<p>Kat\u0131l\u0131mc\u0131larda Aranan \u00d6zellikler<br \/>\n1. ANKOS \u00fcyesi bir \u00fcniversite k\u00fct\u00fcphanesinde g\u00f6revli olmak;<br \/>\n2. Bilgi ve Belge Y\u00f6netimi ya da di\u011fer bir 4 y\u0131ll\u0131k b\u00f6l\u00fcm mezunu olmak;<br \/>\n3. Meslekte 5 y\u0131l\u0131 doldurmam\u0131\u015f olmak;<\/p>\n<p style=\"text-align: justify;\">Ayr\u0131ca kat\u0131l\u0131mc\u0131n\u0131n y\u00f6neticisinden programa kat\u0131l\u0131m i\u00e7in izin ve mali destek alm\u0131\u015f olmas\u0131 beklenmektedir.<\/p>\n","protected":false},"excerpt":{"rendered":"<p>ANKOS\u2019un sadece elektronik kaynaklar alan\u0131nda bir pazarl\u0131k y\u00fcr\u00fct\u00fcc\u00fc olmamas\u0131n\u0131n ve T\u00fcrk \u00fcniversite k\u00fct\u00fcphanecili\u011fini ve k\u00fct\u00fcphanecilerini bilgi ve tecr\u00fcbe payla\u015f\u0131m\u0131 konular\u0131nda desteklemeyi ve yak\u0131nla\u015ft\u0131rmay\u0131 da misyon edinmesi kapsam\u0131nda d\u00fczenlenen ANKOS Personel De\u011fi\u015fim Program\u0131 (APDP) d\u00f6rd\u00fcnc\u00fc y\u0131l\u0131nda 31 A\u011fustos-4 Eyl\u00fcl 2015 tarihleri aras\u0131nda \u0130zmir&#8217;de 3 kurumun ortakl\u0131\u011f\u0131 ve ev sahipli\u011finde ger\u00e7ekle\u015ftirilecektir.Ev sahibi kurumlar \u0130YTE, Ya\u015far \u00dcniversitesi ve [&hellip;]<\/p>\n","protected":false},"author":1,"featured_media":0,"comment_status":"open","ping_status":"open","sticky":false,"template":"","format":"standard","meta":{"footnotes":""},"categories":[],"tags":[1015],"class_list":["post-16883","post","type-post","status-publish","format-standard","hentry","tag-ankos"],"_links":{"self":[{"href":"https:\/\/www.bbyhaber.com\/bby\/wp-json\/wp\/v2\/posts\/16883"}],"collection":[{"href":"https:\/\/www.bbyhaber.com\/bby\/wp-json\/wp\/v2\/posts"}],"about":[{"href":"https:\/\/www.bbyhaber.com\/bby\/wp-json\/wp\/v2\/types\/post"}],"author":[{"embeddable":true,"href":"https:\/\/www.bbyhaber.com\/bby\/wp-json\/wp\/v2\/users\/1"}],"replies":[{"embeddable":true,"href":"https:\/\/www.bbyhaber.com\/bby\/wp-json\/wp\/v2\/comments?post=16883"}],"version-history":[{"count":0,"href":"https:\/\/www.bbyhaber.com\/bby\/wp-json\/wp\/v2\/posts\/16883\/revisions"}],"wp:attachment":[{"href":"https:\/\/www.bbyhaber.com\/bby\/wp-json\/wp\/v2\/media?parent=16883"}],"wp:term":[{"taxonomy":"category","embeddable":true,"href":"https:\/\/www.bbyhaber.com\/bby\/wp-json\/wp\/v2\/categories?post=16883"},{"taxonomy":"post_tag","embeddable":true,"href":"https:\/\/www.bbyhaber.com\/bby\/wp-json\/wp\/v2\/tags?post=16883"}],"curies":[{"name":"wp","href":"https:\/\/api.w.org\/{rel}","templated":true}]}}