{"id":1685,"date":"2006-10-06T19:00:48","date_gmt":"2006-10-06T19:00:48","guid":{"rendered":"http:\/\/www.bbyhaber.com\/bby\/?p=1685"},"modified":"2012-06-05T07:51:13","modified_gmt":"2012-06-05T07:51:13","slug":"kurtce-cocuk-kutupanesi-acildi","status":"publish","type":"post","link":"https:\/\/www.bbyhaber.com\/bby\/2006\/10\/06\/kurtce-cocuk-kutupanesi-acildi","title":{"rendered":"K\u00fcrt\u00e7e \u00c7ocuk K\u00fct\u00fcpanesi A\u00e7\u0131ld\u0131"},"content":{"rendered":"<p style=\"text-align: justify;\">K\u00fct\u00fcphane \u00e7ocuklar\u0131n dilsel geli\u015fimlerine y\u00f6nelik k\u00fclt\u00fcrel ve pedogojik etkinlikler d\u00fczenlemeyi hedefliyor.\u00a0 T\u00fcrkiye&#8217;nin ilk K\u00fcrt\u00e7e \u00e7ocuk k\u00fct\u00fcphanesi d\u00fcn (5 Ekim) Diyarbak\u0131r&#8217;da a\u00e7\u0131ld\u0131. K\u00fct\u00fcphane T\u00fcrkiye&#8217;de &#8220;Uzun \u00c7orapl\u0131 Pippi&#8221; masal\u0131 ile tan\u0131nan d\u00fcnyaca \u00fcnl\u00fc \u00e7ocuk edebiyat\u0131 yazar\u0131 Astrid Lindgren ad\u0131n\u0131 ta\u015f\u0131yor.<!--more--><\/p>\n<p style=\"text-align: justify;\">T\u00fcrkiye&#8217;deki anayasal d\u00fczenlemelerdeki s\u0131n\u0131rlamalar gere\u011fi &#8220;Astrid Lindgren K\u00fcrt \u00c7ocuk K\u00fct\u00fcphanesi&#8221; ad\u0131 yerine &#8220;Astrid Lindgren \u00c7ocuk K\u00fclt\u00fcr Kitap ve Geli\u015fimevi&#8221; olarak a\u00e7\u0131lan k\u00fct\u00fcphanede K\u00fcrt\u00e7e&#8217;ye \u00e7evrilerek yay\u0131nlanm\u0131\u015f b\u00fct\u00fcn dillerden masal kitaplar\u0131 bulunuyor.<\/p>\n<p style=\"text-align: justify;\">K\u00fct\u00fcphane i\u00e7in uluslararas\u0131 i\u015fbirli\u011fi<\/p>\n<p style=\"text-align: justify;\">Astrid Lindgren Vakf\u0131 deste\u011fiyle Stockholm K\u00fcrt K\u00fclt\u00fcr Vakf\u0131 ve Umut I\u015f\u0131\u011f\u0131 Kad\u0131n Kooperatifi&#8217;nin ortakla\u015fa \u00e7al\u0131\u015fmalar\u0131 sonucu olu\u015fturulan K\u00fcrt\u00e7e \u00c7ocuk K\u00fct\u00fcphanesi projesine \u0130sve\u00e7 Enstit\u00fcs\u00fc ve Kayap\u0131nar Belediyesi ile Olof Palme Uluslararas\u0131 Merkezi de ekonomik ve sosyal katk\u0131da bulunuyorlar.<\/p>\n<p style=\"text-align: justify;\">Stockholm K\u00fcrt K\u00fclt\u00fcr Vakf\u0131 Ba\u015fkan\u0131 Salih \u0130nce, Astrid Lindgren \u00c7ocuk K\u00fclt\u00fcr Kitap ve Geli\u015fimevi projesini evrensel \u00e7ocuk haklar\u0131 beyannamesinin 30. maddesi dayan\u0131larak olu\u015fturuldu\u011funu belirtiyor.<\/p>\n<p style=\"text-align: justify;\">T\u00fcrkiye&#8217;nin Avrupa birli\u011fi \u00fcyeli\u011fi s\u00fcrecinde kabul etti\u011fi Kopenhag kriterleri \u00e7er\u00e7evesinde ger\u00e7ekle\u015fen k\u00fclt\u00fcrel haklarla ilgili iyile\u015ftirmelere katk\u0131da bulunmak istediklerini s\u00f6yleyen Stockholm K\u00fcrt K\u00fclt\u00fcr Vakf\u0131 proje sorumlusu H\u00fcsam Aslan ise proje i\u00e7in hen\u00fcz sadece 3 y\u0131ll\u0131k ekonomik deste\u011fin sa\u011fland\u0131\u011f\u0131 fakat k\u00fct\u00fcphane mekan\u0131n kal\u0131c\u0131 olmas\u0131 i\u00e7in finansal kaynak aranmas\u0131na devam edildi\u011fini a\u00e7\u0131klad\u0131.<\/p>\n<p style=\"text-align: justify;\">K\u00fct\u00fcphane yetkilileri, \u00e7ocuklar\u0131n dilsel geli\u015fimlerine y\u00f6nelik k\u00fclt\u00fcrel ve pedogojik etkinlikler d\u00fczenlemeyi ve \u00e7ocuk edebiyat\u0131n\u0131n tan\u0131nm\u0131\u015f uluslararas\u0131 yazarlar\u0131n\u0131 bu etkinler \u00e7er\u00e7evesinde \u00e7ocuklarla bulu\u015fturmay\u0131 hedefliyorlar.<\/p>\n<p style=\"text-align: justify;\">2 ile 6 ya\u015f aras\u0131 i\u00e7in oyun odas\u0131<\/p>\n<p style=\"text-align: justify;\">K\u00fct\u00fcphanede K\u00fcrt\u00e7e&#8217;nin T\u00fcrkiye&#8217;de en yayg\u0131n kullan\u0131lan Kurmanci ve Zazaki leh\u00e7elerine \u00e7evrilmi\u015f d\u00fcnya klasik \u00e7ocuk edebiyat\u0131 klasiklerinin yan\u0131 s\u0131ra T\u00fcrk\u00e7e \u00e7ocuk masal kitaplar\u0131n\u0131n bulundu\u011fu ayr\u0131 bir b\u00f6l\u00fcmde yer al\u0131yor. K\u00fct\u00fcphanede 2 ile 6 ya\u015f aras\u0131 \u00e7ocuklara hitap eden oyun odas\u0131n\u0131n yan\u0131 s\u0131ra okuma salonlar\u0131 ve \u00e7al\u0131\u015fma k\u00f6\u015feleri bulunuyor.<\/p>\n<p style=\"text-align: justify;\">K\u00fct\u00fcphanenin a\u00e7\u0131l\u0131\u015f\u0131na \u0130sve\u00e7 Konsolosu Ingmar Karlsson, An\u0131ka Svahnstr\u00f6m, Astrid Lindgren&#8217;in k\u0131z\u0131 ve damad\u0131 Karin- Carl Olof Nyman \u00e7ifti, \u0130sve\u00e7 Uluslararas\u0131 K\u00fct\u00fcphane \u015eefi Larry Lempert, \u00e7ocuk edebiyat\u0131 yazarlar\u0131ndan Gunilla Bergst\u00f6m ile Jujja Wieslander, Olof Palme Uluslararas\u0131 Merkezi temsilcisi Nivin Yosef, yazar F\u0131rat Ceweri ve Suzan Samanc\u0131 ile yerel y\u00f6neticilerinde aralar\u0131nda bulundu\u011fu konuklar kat\u0131ld\u0131.<\/p>\n<p style=\"text-align: justify;\">\u0130lk etkinlik &#8220;K\u00fct\u00fcphane, K\u00fclt\u00fcr ve \u00c7ocuk Edebiyat\u0131&#8221; paneli<\/p>\n<p style=\"text-align: justify;\">K\u00fct\u00fcphane ilk etkili\u011fini yar\u0131n (7 Ekim) ger\u00e7ekle\u015ftiriliyor. &#8220;K\u00fct\u00fcphane, \u00c7ocuk ve Edebiyat konulu&#8221; panelin konu\u015fmac\u0131lar\u0131 \u0130sve\u00e7li \u00e7ocuk edebiyat\u00e7\u0131lar\u0131 Gunilla Bergstr\u00f6m, Jujja W\u0131eslander, F\u0131rat Ceweri, Larry Lempert ile romanc\u0131 Suzan Samanc\u0131. (\u015eN\/K\u00d6)<\/p>\n<p style=\"text-align: justify;\">Kaynak: http:\/\/www.haberlink.com\/<\/p>\n","protected":false},"excerpt":{"rendered":"<p>K\u00fct\u00fcphane \u00e7ocuklar\u0131n dilsel geli\u015fimlerine y\u00f6nelik k\u00fclt\u00fcrel ve pedogojik etkinlikler d\u00fczenlemeyi hedefliyor.\u00a0 T\u00fcrkiye&#8217;nin ilk K\u00fcrt\u00e7e \u00e7ocuk k\u00fct\u00fcphanesi d\u00fcn (5 Ekim) Diyarbak\u0131r&#8217;da a\u00e7\u0131ld\u0131. K\u00fct\u00fcphane T\u00fcrkiye&#8217;de &#8220;Uzun \u00c7orapl\u0131 Pippi&#8221; masal\u0131 ile tan\u0131nan d\u00fcnyaca \u00fcnl\u00fc \u00e7ocuk edebiyat\u0131 yazar\u0131 Astrid Lindgren ad\u0131n\u0131 ta\u015f\u0131yor.<\/p>\n","protected":false},"author":1,"featured_media":0,"comment_status":"open","ping_status":"open","sticky":false,"template":"","format":"standard","meta":{"footnotes":""},"categories":[1553],"tags":[1439,192],"class_list":["post-1685","post","type-post","status-publish","format-standard","hentry","category-cocuk-kutuphaneleri","tag-cocuk-kutuphaneleri","tag-kurtce-cocuk-kutupanesi"],"_links":{"self":[{"href":"https:\/\/www.bbyhaber.com\/bby\/wp-json\/wp\/v2\/posts\/1685"}],"collection":[{"href":"https:\/\/www.bbyhaber.com\/bby\/wp-json\/wp\/v2\/posts"}],"about":[{"href":"https:\/\/www.bbyhaber.com\/bby\/wp-json\/wp\/v2\/types\/post"}],"author":[{"embeddable":true,"href":"https:\/\/www.bbyhaber.com\/bby\/wp-json\/wp\/v2\/users\/1"}],"replies":[{"embeddable":true,"href":"https:\/\/www.bbyhaber.com\/bby\/wp-json\/wp\/v2\/comments?post=1685"}],"version-history":[{"count":0,"href":"https:\/\/www.bbyhaber.com\/bby\/wp-json\/wp\/v2\/posts\/1685\/revisions"}],"wp:attachment":[{"href":"https:\/\/www.bbyhaber.com\/bby\/wp-json\/wp\/v2\/media?parent=1685"}],"wp:term":[{"taxonomy":"category","embeddable":true,"href":"https:\/\/www.bbyhaber.com\/bby\/wp-json\/wp\/v2\/categories?post=1685"},{"taxonomy":"post_tag","embeddable":true,"href":"https:\/\/www.bbyhaber.com\/bby\/wp-json\/wp\/v2\/tags?post=1685"}],"curies":[{"name":"wp","href":"https:\/\/api.w.org\/{rel}","templated":true}]}}