{"id":16827,"date":"2015-05-08T10:07:50","date_gmt":"2015-05-08T07:07:50","guid":{"rendered":"http:\/\/www.bbyhaber.com\/bby\/?p=16827"},"modified":"2015-10-23T17:30:18","modified_gmt":"2015-10-23T14:30:18","slug":"e-beyas-2015-kurumsal-belleklerin-gelecegi-e-arsiv-e-belge-yonetimi-sempozyumu22-23-ekim-2015","status":"publish","type":"post","link":"https:\/\/www.bbyhaber.com\/bby\/2015\/05\/08\/e-beyas-2015-kurumsal-belleklerin-gelecegi-e-arsiv-e-belge-yonetimi-sempozyumu22-23-ekim-2015","title":{"rendered":"e-BEYAS 2015: Kurumsal Belleklerin Gelece\u011fi\/ E-Ar\u015fiv-E-Belge Y\u00f6netimi Sempozyumu,22-23 Ekim 2015"},"content":{"rendered":"<p style=\"text-align: justify;\"><img loading=\"lazy\" decoding=\"async\" class=\"alignleft\" src=\"http:\/\/www.bbyhaber.com\/bby\/wp-content\/uploads\/2015\/05\/beyas2015.jpg\" alt=\"\" width=\"356\" height=\"140\" \/>Bilgi teknolojilerinin h\u0131zl\u0131 geli\u015fimi kurumlar\u0131n i\u015f ve i\u015flemlerinde de\u011fi\u015fiklikler yapmas\u0131n\u0131 zorunlu k\u0131lm\u0131\u015f, ger\u00e7ekle\u015ftirilmekte olan ve ger\u00e7ekle\u015ftirilmi\u015f olan i\u015flemler elektronik ortama ta\u015f\u0131nm\u0131\u015ft\u0131r. Bilgi ve belge y\u00f6netimindeki yenilik\u00e7i yakla\u015f\u0131mlar sayesinde elektronik belge y\u00f6netim sistemleri, dijitalle\u015ftirme ve e-ar\u015fiv sistemleri kurumlara kolayl\u0131k sa\u011flaman\u0131n yan\u0131nda, i\u015f ve i\u015flemlerini h\u0131zl\u0131 ekonomik ve verimli \u015fekilde ger\u00e7ekle\u015ftirmelerini sa\u011flam\u0131\u015ft\u0131r. S\u00f6z konusu sistemlerin bili\u015fim boyutunu olu\u015fturan yaz\u0131l\u0131mlar\u0131n geli\u015ftirilmesi\/<wbr>kurumsalla\u015ft\u0131r\u0131lmas\u0131 ve s\u00fcrd\u00fcr\u00fclebilirliklerinin sa\u011flanmas\u0131 ile kurumsal belleklerin gelece\u011fi ise \u00fczerinde durulmas\u0131 gereken \u00f6nemli bir boyutu olu\u015fturmaktad\u0131r.<!--more--><\/wbr><\/p>\n<p><strong>\u00d6nemli Tarihler<\/strong><\/p>\n<p>\u0130lk \u00e7a\u011fr\u0131: 6 May\u0131s 2015<\/p>\n<p>\u0130kinci \u00e7a\u011fr\u0131: 3 Haziran 2015<\/p>\n<p>\u00dc\u00e7\u00fcnc\u00fc ve son \u00e7a\u011fr\u0131: 8 Temmuz\u00a02015<\/p>\n<p>Bildiri \u00f6zlerinin g\u00f6nderilmesi: 13 Temmuz 2015<\/p>\n<p>Bildiri \u00f6zlerinin kabul\u00fc: 31 Temmuz 2015<\/p>\n<p>Bildiri tam metinlerinin g\u00f6nderilmesi: 31 A\u011fustos 2015<\/p>\n<p>Tam metin bildiri kabul\u00fc: 15 Eyl\u00fcl 2015<\/p>\n<p>Bildiri tam metinlerinin yay\u0131n \u00f6ncesi son kopyalar\u0131n\u0131n g\u00f6nderimi: 28 Eyl\u00fcl 2015<\/p>\n<p>Kesin program\u0131n \u0130lan\u0131: 5 Ekim 2015<\/p>\n<p>Sempozyum: 22-23 Ekim 2015<\/p>\n<p><strong>Bildiri G\u00f6nderimi<\/strong><\/p>\n<p>Bildiri haz\u0131rlama kurallar\u0131, bildiri \u015fablonu ve bildiri g\u00f6nderme sistemi i\u00e7in\u00a0<a href=\"http:\/\/ebeyas.org\/yazarlar-icin\" target=\"_blank\">http:\/\/ebeyas.org\/yazarlar-<wbr>icin<\/wbr><\/a>\u00a0adresini ziyaret edebilirsiniz.<\/p>\n<p style=\"text-align: justify;\">Kurumlarda dijitalle\u015ftirme \u00e7al\u0131\u015fmalar\u0131 ve e-ar\u015fiv sistemlerinin olu\u015fturulmas\u0131 sadece belgelerin taranmas\u0131ndan ve yaz\u0131l\u0131m\/donan\u0131m sa\u011flanmas\u0131ndan ibaret de\u011fildir. Dijitalle\u015ftirme ve e-ar\u015fiv sistemleri, dijital ar\u015fiv kaynaklar\u0131n\u0131n sa\u011flanmas\u0131, tan\u0131mlanmas\u0131, d\u00fczenlenmesi, ili\u015fkisel b\u00fct\u00fcnl\u00fc\u011f\u00fcn\u00fcn korunmas\u0131, \u00fcstverilerinin belirlenmesi, eri\u015fim ilkeleri, de\u011ferlendirme-ay\u0131klama-imha ve uzun s\u00fcre koruma \u00e7al\u0131\u015fmalar\u0131n\u0131, g\u00fcvenli ve yetkilendirilmi\u015f eri\u015fimi, di\u011fer sistemlerle entegrasyonu i\u00e7eren s\u00fcrecin y\u00f6netimini gerektirmektedir.<\/p>\n<p style=\"text-align: justify;\">Bu ba\u011flamda Sempozyum, kurum ve kurulu\u015flar\u0131n gereksinimlerini kar\u015f\u0131layacak ar\u015fiv belgelerinin dijitalle\u015ftirilmesinde izlenecek y\u00f6ntemlerin belirlenmesi ve kurumlar\u0131n gereksinimlerini kar\u015f\u0131layacak e-ar\u015fiv sistemi yap\u0131s\u0131n\u0131n ve bile\u015fenlerinin belirlenerek kurum ve kurulu\u015flarda ger\u00e7ekle\u015ftirilecek dijitalle\u015ftirme \u00e7al\u0131\u015fmalar\u0131 i\u00e7in fark\u0131ndal\u0131k olu\u015fturmay\u0131 ve bu alanda yol g\u00f6sterici olmay\u0131, kurumsal belleklerin gelece\u011fini belirlemeyi ve g\u00fcvence alt\u0131na almay\u0131 hedeflemektedir.<\/p>\n<p style=\"text-align: justify;\">Sempozyuma kamu kurum ve kurulu\u015flar\u0131 ile t\u00fcm \u00fcniversiteler davet edilmektedir. Nitekim ilgili \u00e7al\u0131\u015fma yapan ara\u015ft\u0131rmac\u0131lar\u0131n, kamu kurum ve kurulu\u015flar\u0131 ile t\u00fcm \u00fcniversitelerin belge y\u00f6neticileri, ar\u015fivcileri ve bilgi i\u015flem birimlerinin teknik personelinin kat\u0131l\u0131m\u0131 beklenmektedir.<\/p>\n<p style=\"text-align: justify;\">Ankara \u00dcniversitesi ev sahipli\u011finde Ankara \u00dcniversitesi BEYAS Koordinat\u00f6rl\u00fc\u011f\u00fc ve Bilgi \u0130\u015flem Daire Ba\u015fkanl\u0131\u011f\u0131 taraf\u0131ndan d\u00fczenlenen ve Ankara \u00dcniversitesi Bilgi ve Belge Y\u00f6netimi B\u00f6l\u00fcm\u00fc, Marmara \u00dcniversitesi Bilgi ve Belge Y\u00f6netimi B\u00f6l\u00fcm\u00fc \u0130\u015fbirli\u011fi ile T\u00dcRKSAT A.\u015e. ana sponsorlu\u011funda 22-23 Ekim 2015 tarihlerinde ger\u00e7ekle\u015ftirilmek \u00fczere d\u00fczenlenen sempozyumun ana temas\u0131 \u201c<strong>Kurumsal Belleklerin Gelece\u011fi: Dijitalle\u015ftirme-Elektronik Ar\u015fiv-Elektronik Belge Y\u00f6netimi<\/strong>\u201d olarak belirlenmi\u015ftir. Bununla birlikte Sempozyumda e-ar\u015fiv uygulamalar\u0131, dijitalle\u015ftirme, e-ar\u015fiv yaz\u0131l\u0131mlar\u0131, e-ar\u015fiv y\u00f6netimi, EBYS yaz\u0131l\u0131mlar\u0131 ve uygulamalar\u0131, e-ar\u015fivlerde dijitalle\u015ftirmede s\u00fcre\u00e7 y\u00f6netimi, kurumsalla\u015ft\u0131rma ve s\u00fcrd\u00fcr\u00fclebilirlik, g\u00fcvenli ve yetkilendirilmi\u015f eri\u015fim, dijitalle\u015ftirmenin hukuki boyutlar\u0131, dijitalle\u015ftirmenin yasal s\u00fcre\u00e7lere ve y\u00f6netim s\u00fcre\u00e7lerine etkileri ve benzeri konular, alanlar\u0131nda uzman akademisyen ve uygulamac\u0131lar taraf\u0131ndan ayr\u0131nt\u0131l\u0131 olarak ele al\u0131nacakt\u0131r.<\/p>\n<p style=\"text-align: justify;\">\u00a0Sempozyumun ana konular\u0131 ve alt konular\u0131 ise \u015fu \u015fekilde belirlenmi\u015ftir:<\/p>\n<p style=\"text-align: justify;\"><em>Ana Konular<\/em><\/p>\n<ul style=\"text-align: justify;\">\n<li>Ar\u015fiv Belgelerinin Dijitalle\u015ftirilmesi ve e-Ar\u015fiv Uygulamalar\u0131 (Y\u00f6netimi)<\/li>\n<li>TS 13298 Elektronik Belge Y\u00f6netimi ve e-Ar\u015fiv Sistemleri Standard\u0131<\/li>\n<li>e-Ar\u015fiv Yaz\u0131l\u0131mlar\u0131 ve Teknolojik Altyap\u0131 Gereklilikleri<\/li>\n<li>e-Belge Y\u00f6netim Sistemi (EBYS) Yaz\u0131l\u0131mlar\u0131 ve Teknik Altyap\u0131 Gereklilikleri<\/li>\n<li>Elektronik Belge Y\u00f6netim Sistemlerinde S\u00fcrd\u00fcr\u00fclebilirlik ve Kurumsalla\u015ft\u0131rma<\/li>\n<li>e-Ar\u015fiv ve Elektronik Belge Y\u00f6netim Sistemlerinin Entegrasyonu<\/li>\n<li>Dijitalle\u015ftirmenin Hukuki Boyutlar\u0131: Yasal S\u00fcre\u00e7lere ve Y\u00f6netim S\u00fcre\u00e7lerine Etkileri<\/li>\n<\/ul>\n<p style=\"text-align: justify;\"><em>Alt Konular<\/em><\/p>\n<ul style=\"text-align: justify;\">\n<li>e-Ar\u015fivlemede Ana Kavramlar<\/li>\n<li>Ar\u015fivlerde Dijitalle\u015ftirme Uygulamalar\u0131<\/li>\n<\/ul>\n<ul style=\"text-align: justify;\">\n<li>Dijitalle\u015ftirme \u00d6ncesinde \u0130zlenecek Yol ve Y\u00f6ntemler<\/li>\n<li>Dijitalle\u015ftirmede \u0130zlenecek Yol ve Y\u00f6ntemler<\/li>\n<li>Dijitalle\u015ftirme S\u00fcre\u00e7leri ve Y\u00f6netimi<\/li>\n<li>Dijitalle\u015ftirmede Proje Y\u00f6netimi<\/li>\n<li>Dijitalle\u015ftirmede Koleksiyon Se\u00e7imi<\/li>\n<li>Hassas Belgelerin Dijitalle\u015ftirilmesi<\/li>\n<li>Medya Ar\u015fivleri ve Dijitalle\u015ftirme<\/li>\n<li>e-Ar\u015fiv Uygulamalar\u0131nda \u0130\u00e7erik Y\u00f6netimi<\/li>\n<li>K\u00fclt\u00fcrel Miras\u0131n Gelecek Nesillere Aktar\u0131lmas\u0131<\/li>\n<li>Dijitalle\u015ftirme Teknik Uygulamalar\u0131 ve Donan\u0131m Se\u00e7imi<\/li>\n<li>Dijitalle\u015ftirmenin Boyutlar\u0131 (Ekonomik, Sosyo-K\u00fclt\u00fcrel, G\u00fcvenlik, \u015eeffafl\u0131k ve Hesap Verilebilirlik)<\/li>\n<li>e-Ar\u015fivlemede D\u00fcnya \u00d6rnekleri<\/li>\n<\/ul>\n<ul style=\"text-align: justify;\">\n<li>Standart S\u00fcre\u00e7leri<\/li>\n<li>TS 13298\u2019in Alg\u0131lanmas\u0131 ve Uygulanmas\u0131<\/li>\n<li>TS 13298\u2019in Sa\u011flad\u0131\u011f\u0131 Avantajlar ve Dezavantajlar<\/li>\n<li>Dijitalle\u015ftirme Standartlar\u0131<\/li>\n<li>Standartla\u015fmada Kamu Lisanslama S\u00fcreci ve beklentiler<\/li>\n<\/ul>\n<ul style=\"text-align: justify;\">\n<li>e-Ar\u015fiv Yaz\u0131l\u0131mlar\u0131n\u0131n Geli\u015ftirilmesi\/<wbr>Kurumsalla\u015ft\u0131r\u0131lmas\u0131 ve S\u00fcrd\u00fcr\u00fclebilirli\u011fi<\/wbr><\/li>\n<li>e-Ar\u015fiv Sistemlerinin Mimari Gereksinimleri<\/li>\n<li>e-Ar\u015fivleme \u00dcstveri Tan\u0131mlamalar\u0131, \u00dcst Veri Yap\u0131s\u0131 ve Modellemesi<\/li>\n<li>e-Ar\u015fivleme Formatlar\u0131<\/li>\n<li>e-Ar\u015fiv Depolama Donan\u0131mlar\u0131 ve Teknolojik Yakla\u015f\u0131mlar<\/li>\n<li>Bulut Tabanl\u0131 e-Ar\u015fiv \u00c7\u00f6z\u00fcmleri<\/li>\n<\/ul>\n<ul style=\"text-align: justify;\">\n<li>EBYS Yaz\u0131l\u0131mlar\u0131n\u0131n Geli\u015ftirilmesi\/<wbr>Kurumsalla\u015ft\u0131r\u0131lmas\u0131 ve S\u00fcrd\u00fcr\u00fclebilirli\u011fi<\/wbr><\/li>\n<li>Elektronik Belge Y\u00f6netim Sistemlerinde Uygulama Y\u00f6netimi<\/li>\n<li>e-Belgelerin \u00d6zg\u00fcnl\u00fck ve B\u00fct\u00fcnl\u00fc\u011f\u00fc<\/li>\n<li>Elektronik Belgelerin Uzun S\u00fcreli Korunmas\u0131 (EBYS\u2019lerde)<\/li>\n<li>EBYS Donan\u0131mlar\u0131 ve Teknolojik Yakla\u015f\u0131mlar<\/li>\n<li>e-Ar\u015fiv Koruma Stratejileri-Politikalar\u0131 ve Uygulamalar\u0131<\/li>\n<\/ul>\n<ul style=\"text-align: justify;\">\n<li>e-Ar\u015fiv ve Elektronik Belge Y\u00f6netim Sistemlerinin Birlikte \u00c7al\u0131\u015f\u0131labilirli\u011fi<\/li>\n<li>e-Ar\u015fivlemede ve EBYS\u2019lerde Temel Gereksinimler<\/li>\n<li>e-Ar\u015fiv Uygulamalar\u0131nda \u0130\u015fbirli\u011fi ve Uyum<\/li>\n<li>e-Ar\u015fiv Uygulamalar\u0131nda Ulusal\/ Uluslararas\u0131 \u0130\u015fbirli\u011fi \u00c7al\u0131\u015fmalar\u0131<\/li>\n<\/ul>\n<ul style=\"text-align: justify;\">\n<li>Kamu Belgelerinde Dijitalle\u015ftirme ve Stratejik Sonu\u00e7lar\u0131<\/li>\n<li>Hukuksal Gereksinimler ve \u0130htiya\u00e7lar<\/li>\n<li>Dijitalle\u015ftirme ve Adli Bili\u015fim<\/li>\n<li>Entelekt\u00fcel M\u00fclkiyet \/ Telif Haklar\u0131<\/li>\n<li>Dijitalle\u015ftirmenin Yasal S\u00fcre\u00e7lere Etkileri<\/li>\n<li>Dijitalle\u015ftirmenin Y\u00f6netim S\u00fcre\u00e7lerine Etkileri<\/li>\n<\/ul>\n<p style=\"text-align: justify;\"><strong>Ama\u00e7<\/strong><\/p>\n<p style=\"text-align: justify;\">Sempozyumda ilgili konulara y\u00f6nelik olarak akademisyen ve uygulamac\u0131lar\u0131n bilgi birikimi ve deneyimlerini payla\u015fmas\u0131, kurumlar ve firmalar aras\u0131ndaki diyalo\u011fu geli\u015ftirme, bilimsel ve sosyal etkile\u015fimin ger\u00e7ekle\u015ftirme ama\u00e7lanmaktad\u0131r.<\/p>\n<p style=\"text-align: justify;\">Sempozyumumuza kat\u0131l\u0131m\u0131n\u0131z bizleri onurland\u0131racakt\u0131r.<\/p>\n<p style=\"text-align: justify;\">\u00a0<em>D\u00fczenleme Kurulu Ba\u015fkanlar\u0131<\/em><\/p>\n<p style=\"text-align: justify;\"><em>Prof. Dr. Fahrettin \u00d6ZDEM\u0130RC\u0130, Ankara \u00dcniversitesi Belge Y\u00f6netimi ve Ar\u015fiv Sistemi Koordinat\u00f6r\u00fc<\/em><br \/>\n<em>Prof. Dr. Hamza KANDUR, Marmara \u00dcniversitesi Bilgi ve Belge Y\u00f6netimi B\u00f6l\u00fcm\u00fc Ba\u015fkan\u0131<\/em><\/p>\n<p style=\"text-align: justify;\"><span style=\"color: #0000ff;\"><strong>Sempozyum Web Sayfas\u0131:<\/strong><\/span> <a href=\"http:\/\/ebeyas.org\/\" target=\"_blank\">http:\/\/ebeyas.org\/<\/a><\/p>\n<p style=\"text-align: justify;\">\n","protected":false},"excerpt":{"rendered":"<p>Bilgi teknolojilerinin h\u0131zl\u0131 geli\u015fimi kurumlar\u0131n i\u015f ve i\u015flemlerinde de\u011fi\u015fiklikler yapmas\u0131n\u0131 zorunlu k\u0131lm\u0131\u015f, ger\u00e7ekle\u015ftirilmekte olan ve ger\u00e7ekle\u015ftirilmi\u015f olan i\u015flemler elektronik ortama ta\u015f\u0131nm\u0131\u015ft\u0131r. Bilgi ve belge y\u00f6netimindeki yenilik\u00e7i yakla\u015f\u0131mlar sayesinde elektronik belge y\u00f6netim sistemleri, dijitalle\u015ftirme ve e-ar\u015fiv sistemleri kurumlara kolayl\u0131k sa\u011flaman\u0131n yan\u0131nda, i\u015f ve i\u015flemlerini h\u0131zl\u0131 ekonomik ve verimli \u015fekilde ger\u00e7ekle\u015ftirmelerini sa\u011flam\u0131\u015ft\u0131r. S\u00f6z konusu sistemlerin bili\u015fim boyutunu [&hellip;]<\/p>\n","protected":false},"author":1,"featured_media":0,"comment_status":"open","ping_status":"open","sticky":false,"template":"","format":"standard","meta":{"footnotes":""},"categories":[1482],"tags":[1395,729],"class_list":["post-16827","post","type-post","status-publish","format-standard","hentry","category-ebys","tag-bby-mesleki-etkinlikler-arsivi","tag-e-beyas"],"_links":{"self":[{"href":"https:\/\/www.bbyhaber.com\/bby\/wp-json\/wp\/v2\/posts\/16827"}],"collection":[{"href":"https:\/\/www.bbyhaber.com\/bby\/wp-json\/wp\/v2\/posts"}],"about":[{"href":"https:\/\/www.bbyhaber.com\/bby\/wp-json\/wp\/v2\/types\/post"}],"author":[{"embeddable":true,"href":"https:\/\/www.bbyhaber.com\/bby\/wp-json\/wp\/v2\/users\/1"}],"replies":[{"embeddable":true,"href":"https:\/\/www.bbyhaber.com\/bby\/wp-json\/wp\/v2\/comments?post=16827"}],"version-history":[{"count":0,"href":"https:\/\/www.bbyhaber.com\/bby\/wp-json\/wp\/v2\/posts\/16827\/revisions"}],"wp:attachment":[{"href":"https:\/\/www.bbyhaber.com\/bby\/wp-json\/wp\/v2\/media?parent=16827"}],"wp:term":[{"taxonomy":"category","embeddable":true,"href":"https:\/\/www.bbyhaber.com\/bby\/wp-json\/wp\/v2\/categories?post=16827"},{"taxonomy":"post_tag","embeddable":true,"href":"https:\/\/www.bbyhaber.com\/bby\/wp-json\/wp\/v2\/tags?post=16827"}],"curies":[{"name":"wp","href":"https:\/\/api.w.org\/{rel}","templated":true}]}}