{"id":1682,"date":"2006-11-17T18:58:29","date_gmt":"2006-11-17T18:58:29","guid":{"rendered":"http:\/\/www.bbyhaber.com\/bby\/?p=1682"},"modified":"2012-09-07T13:13:57","modified_gmt":"2012-09-07T10:13:57","slug":"halk-kutuphaneleri-bolge-semineri-bartin","status":"publish","type":"post","link":"https:\/\/www.bbyhaber.com\/bby\/2006\/11\/17\/halk-kutuphaneleri-bolge-semineri-bartin","title":{"rendered":"Halk k\u00fct\u00fcphaneleri b\u00f6lge semineri-Bart\u0131n"},"content":{"rendered":"<p style=\"text-align: justify;\">&#8220;Bu seminerler T\u00fcrkiye tarihinde bir ilktir&#8221; il K\u00fclt\u00fcr ve Turizm M\u00fcd\u00fcrl\u00fc\u011f\u00fc ve \u0130l Halk K\u00fct\u00fcphanesi organizasyonunda ilimizde &#8220;Hedef Gruplara Y\u00f6nelik Yarat\u0131c\u0131 K\u00fct\u00fcphane Hizmetleri ve Proje Geli\u015ftirme &#8220;konulu seminerin ilki d\u00fcn ger\u00e7ekle\u015ftirildi. Bart\u0131n Ticaret ve Sanayi Odas\u0131 Toplant\u0131 Salonunda d\u00fczenlenen seminerde Hacettepe \u00dcniversitesi K\u00fct\u00fcphanecilik B\u00f6l\u00fcm\u00fc \u00d6\u011fretim \u00dcyeleri, Goethe Enstit\u00fcs\u00fc yetkilileri,Amasya,Kastamonu,D\u00fczce,Sakarya,Tokat,Zonguldak,Sinop,Samsun ve Bart\u0131n k\u00fct\u00fcphane m\u00fcd\u00fcrleri ve uzman k\u00fct\u00fcphaneciler bulu\u015ftu.<!--more--><\/p>\n<p style=\"text-align: justify;\">K\u00dcT\u00dcPHANEC\u0130LER\u0130N BARTIN BULU\u015eMASI<\/p>\n<p style=\"text-align: justify;\">Bart\u0131n \u0130l K\u00fclt\u00fcr ve Turizm M\u00fcd\u00fcrl\u00fc\u011f\u00fc ile il Halk K\u00fct\u00fcphanesi organizasyonun\u00adda &#8220;Hedef Gruplara Y\u00f6nelik Yarat\u0131c\u0131 K\u00fct\u00fcphane Hizmetleri ve Proje Geli\u015ftirme&#8221; semineri d\u00fcn start ald\u0131. K\u00fct\u00fcphanecilik alan\u0131nda b\u00fcy\u00fck \u00f6nem ta\u015f\u0131yan ve Bart\u0131n Ticaret ve Sanayi Odas\u0131 Konferans Salonunda ger\u00e7ek\u00adle\u015ftirilen seminere; Hacettepe \u00dcniversitesi K\u00fct\u00fcphanecilik B\u00f6l\u00fcm\u00fc \u00f6\u011fretim \u00fcyeleri, Goethe Enstit\u00fcs\u00fc yetkilileri, Amasya, Kastamonu, D\u00fczce, Sakarya, Tokat, Zonguldak, Sinop, Samsun, ve Bart\u0131n K\u00fct\u00fcphane M\u00fcd\u00fcrleri ve Uzman K\u00fct\u00fcphaneciler kat\u0131ld\u0131. Bart\u0131n Vali Yard\u0131mc\u0131s\u0131 S\u00fcleyman Deniz&#8217;in de haz\u0131r bulundu\u011fu seminere Bart\u0131n \u0130l Halk K\u00fct\u00fcphanesi M\u00fcd\u00fcr\u00fc \u0130smail Akman, \u0130l K\u00fclt\u00fcr ve Turizm M\u00fcd\u00fcr\u00fc Mehmet Alta\u015f ve k\u00fct\u00fcphane personeli de kat\u0131ld\u0131. Seminerde bir konu\u015fma yapan Vali Yard\u0131mc\u0131s\u0131 S\u00fcleyman Deniz, T\u00fcrkiye olarak her zaman di\u011fer Avrupa \u00fclkelerinde ki k\u00fct\u00fcphane ve kitap al\u0131\u015fkan\u00adl\u0131\u011f\u0131na imrendi\u011fimizi belirterek T\u00fcrk toplumunun da b\u00f6yle bir \u00f6zlem i\u00e7inde oldu\u011funu dile getirdi. Halk olarak k\u00fct\u00fcphanelere \u00e7e\u015fitli nedenlerden dolay\u0131 Avrupa \u00fclkelerinde ki gibi gitme al\u0131\u015fkanl\u0131\u011f\u0131 olmad\u0131\u011f\u0131n\u0131 dile getiren Vali Yard\u0131mc\u0131s\u0131 Deniz, &#8220;Bu konuda \u00f6zellikle kitlesel yay\u0131n arac\u0131 olan TV&#8217;lere g\u00f6rev d\u00fc\u015f\u00fcyor. TV&#8217;ler programlar\u0131n\u00adda k\u00fclt\u00fcrel programlar\u0131n\u0131 artt\u0131rmal\u0131lar. \u00d6zellikle kitap okuma al\u0131\u015fkanl\u0131\u011f\u0131 \u00fczerine yap\u0131lacak programlar bizi bu konuda istenilen seviyeye getirecektir. Bu da bizim en b\u00fcy\u00fck ba\u015far\u0131m\u0131z olacakt\u0131r&#8221; dedi.<\/p>\n<p style=\"text-align: justify;\">ALMANYA&#8217;DAK\u0130 K\u00dcT\u00dcPHANELERDE \u0130NCELEME<\/p>\n<p style=\"text-align: justify;\">Daha sonra bir konu\u015fma yapan \u0130l Halk K\u00fct\u00fcphanesi M\u00fcd\u00fcr\u00fc \u0130smail Akman ise, ge\u00e7ti\u011fimiz aylarda Almanya&#8217;da ki k\u00fct\u00fcphanelere bir inceleme gezisi d\u00fczenlediklerini ve bu gezinin T\u00fcrk K\u00fct\u00fcphanelerinin geli\u015fmesi ad\u0131na b\u00fcy\u00fck yararlar sa\u011flad\u0131\u011f\u0131n\u0131 belirtti. Almanya&#8217;da k\u00fc\u00e7\u00fck b\u00fcy\u00fck 9 k\u00fct\u00fcphanede detayl\u0131 incelemelerde bulunduklar\u0131n\u0131 ve oradaki meslekta\u015flar\u0131n bilgi ve tecr\u00fcbelerini g\u00f6rd\u00fck\u00adlerini ifade eden Akman, &#8220;Bu gezimizin sonucu T\u00fcrk k\u00fct\u00fcphanelerine ve toplumu\u00adna ula\u015facakt\u0131r. Burada d\u00fczen\u00adlenen seminerde bu gezinin bir sonucudur&#8221; dedi. T\u00fcrk K\u00fct\u00fcphaneler Derne\u011fi Genel Ba\u015fkan\u0131 Ali Fuat Kartal ise konu\u015fmas\u0131nda d\u00fczenlenen seminerin T\u00fcrkiye i\u00e7in b\u00fcy\u00fck \u00f6nem ta\u015f\u0131d\u0131\u011f\u0131n\u0131 belirterek &#8220;Dernek olarak T\u00fcrkiye&#8217;de k\u00fct\u00fcphanelerin ve okuma al\u0131\u015fkanl\u0131\u011f\u0131n istenilen seviyeye gelebilmesi i\u00e7in b\u00fct\u00fcn \u00e7abam\u0131z\u0131 ortaya koyuyoruz&#8221; dedi. Bart\u0131n \u0130l K\u00fclt\u00fcr ve Turizm M\u00fcd\u00fcr\u00fc Mehmet Alta\u015f ise yapt\u0131\u011f\u0131 konu\u015fmas\u0131nda T\u00fcrkiye&#8217;de ki k\u00fct\u00fcphane sorununu \u00e7ok iyi bildi\u011fini ve 8 y\u0131l k\u00fct\u00fcphane g\u00f6revinde bulundu\u011funu s\u00f6yledi.<\/p>\n<p style=\"text-align: justify;\">BARTIN B\u0130Z\u0130 BULU\u015eTURDU, M\u0130NNETTARIZ<\/p>\n<p style=\"text-align: justify;\">Yine seminerde bir konu\u015fma yapan Profes\u00f6r Doktor B\u00fclent Y\u0131lmaz ise, yap\u0131lan bir ara\u015ft\u0131r\u00adma sonucunda \u00dcniversiteden al\u0131nan diplomalar\u0131n 3 y\u0131l sonra ge\u00e7erlili\u011fini yitirdi\u011fini. belirterek &#8220;Ara\u015ft\u0131rmalar ortaya koymu\u015ftur ki \u00dcniversite bilgi\u00adlerinin 3 y\u0131l sonra eksikli\u011fi ortaya \u00e7\u0131k\u0131yor. De\u011fi\u015fim \u00e7ok h\u0131zl\u0131. 5-10 y\u0131l \u00f6nceki bilgilerle de\u011fi\u015fimi yakalamam\u0131z zor oluyor. Bunun i\u00e7in ya\u015fam boyu \u00f6\u011frenme ve meslek i\u00e7i e\u011fitimlerle kendimizi geli\u015ftirmek zorunday\u0131z. \u00c7evremizde ki de\u011fi\u015fimi yakalamal\u0131y\u0131z. Bu seminer T\u00fcrkiye tarihinde bir ilktir. Bug\u00fcne kadar neden yap\u0131l\u00admam\u0131\u015ft\u0131r onu irdelemek laz\u0131m. Bakanl\u0131k bunu yapm\u0131yor. Bir gerek\u00e7eleri de yok. Bu bir yakla\u015f\u0131m ve bilin\u00e7\u00adsizlik sorunu. Ve durum bizi \u00e7ok \u00fcz\u00fcyor&#8221; dedi. T\u00fcrkiye&#8217;nin AB s\u00fcrecine girdi\u011fini ve bu s\u00fcre\u00e7le birlikte k\u00fct\u00fcphaneler olarak ta haz\u0131rl\u0131kl\u0131 olunmas\u0131 gerekti\u011fini s\u00f6yleyen Y\u0131lmaz, &#8220;Avrupa \u00fclkelerinin sorunlar\u0131n\u0131 nas\u0131l \u00e7\u00f6zd\u00fcklerini ve oradaki anlay\u0131\u015f\u0131n bilinmesi gerekti\u011fini s\u00f6yledi. Y\u0131lmaz s\u00f6zlerini &#8220;Bizler \u00e7ok de\u011ferli bir grubuz. Bu seminerlerle birlikte de\u011fer\u00adimizi anl\u0131yoruz. Ama di\u011fer taraftan da de\u011feri unutturul\u00admaya \u00e7al\u0131\u015fan grubuz. Bunu a\u015fmal\u0131y\u0131z. Bizleri Bart\u0131n&#8217;da a\u011f\u0131rlayan Say\u0131n Valimiz \u0130sa K\u00fc\u00e7\u00fck, Vali Yard\u0131mc\u0131lar\u0131m\u0131z ve \u0130l K\u00fclt\u00fcr M\u00fcd\u00fcrl\u00fc\u011f\u00fc yetkilerine minnettar\u0131z&#8221; diyerek noktalad\u0131. Ankara Goethe Enstit\u00fcs\u00fc&#8217;nce, K\u00fclt\u00fcr ve Turizm Bakanl\u0131\u011f\u0131 Yay\u0131mlar ve K\u00fct\u00fcphaneler Genel M\u00fcd\u00fcrl\u00fc\u011f\u00fc, T\u00fcrk K\u00fct\u00fcphaneciler Derne\u011fi, Toplum G\u00f6n\u00fcll\u00fcleri Vakf\u0131, T\u00fcrkAlman \u0130\u015fadamlar\u0131 K\u00fclt\u00fcr Vakf\u0131, i\u015fbirli\u011fi ile ger\u00e7ekle\u015fti rilen seminerde Almanya&#8217;da Halk K\u00fct\u00fcphanesi Hizmetleri, Finlandiya Halk K\u00fct\u00fcphanesi Hizmetleri sunum ve film g\u00f6s\u00adterimi yap\u0131ld\u0131. Seminerde &#8220;Yarat\u0131c\u0131 Hizmetler Grup \u00e7al\u0131\u015fmas\u0131, Proje Geli\u015ftirme Grup \u00e7al\u0131\u015fmas\u0131&#8221; yap\u0131lmas\u0131n\u0131n ard\u0131ndan bug\u00fcn \u00f6rnek k\u00fct\u00fcphane olarak se\u00e7ilen Ulus \u0130l\u00e7esi Halk K\u00fct\u00fcphanesine seminer grubu taraf\u0131ndan ziyaret ve incelemelerde bulunulacak.<\/p>\n<p style=\"text-align: justify;\">Kaynak: Bart\u0131n Express<\/p>\n","protected":false},"excerpt":{"rendered":"<p>&#8220;Bu seminerler T\u00fcrkiye tarihinde bir ilktir&#8221; il K\u00fclt\u00fcr ve Turizm M\u00fcd\u00fcrl\u00fc\u011f\u00fc ve \u0130l Halk K\u00fct\u00fcphanesi organizasyonunda ilimizde &#8220;Hedef Gruplara Y\u00f6nelik Yarat\u0131c\u0131 K\u00fct\u00fcphane Hizmetleri ve Proje Geli\u015ftirme &#8220;konulu seminerin ilki d\u00fcn ger\u00e7ekle\u015ftirildi. Bart\u0131n Ticaret ve Sanayi Odas\u0131 Toplant\u0131 Salonunda d\u00fczenlenen seminerde Hacettepe \u00dcniversitesi K\u00fct\u00fcphanecilik B\u00f6l\u00fcm\u00fc \u00d6\u011fretim \u00dcyeleri, Goethe Enstit\u00fcs\u00fc yetkilileri,Amasya,Kastamonu,D\u00fczce,Sakarya,Tokat,Zonguldak,Sinop,Samsun ve Bart\u0131n k\u00fct\u00fcphane m\u00fcd\u00fcrleri ve uzman [&hellip;]<\/p>\n","protected":false},"author":1,"featured_media":0,"comment_status":"open","ping_status":"open","sticky":false,"template":"","format":"standard","meta":{"footnotes":""},"categories":[1576],"tags":[848],"class_list":["post-1682","post","type-post","status-publish","format-standard","hentry","category-halk-kutuphaneleri-bolge-seminerleri","tag-halk-kutuphaneleri"],"_links":{"self":[{"href":"https:\/\/www.bbyhaber.com\/bby\/wp-json\/wp\/v2\/posts\/1682"}],"collection":[{"href":"https:\/\/www.bbyhaber.com\/bby\/wp-json\/wp\/v2\/posts"}],"about":[{"href":"https:\/\/www.bbyhaber.com\/bby\/wp-json\/wp\/v2\/types\/post"}],"author":[{"embeddable":true,"href":"https:\/\/www.bbyhaber.com\/bby\/wp-json\/wp\/v2\/users\/1"}],"replies":[{"embeddable":true,"href":"https:\/\/www.bbyhaber.com\/bby\/wp-json\/wp\/v2\/comments?post=1682"}],"version-history":[{"count":0,"href":"https:\/\/www.bbyhaber.com\/bby\/wp-json\/wp\/v2\/posts\/1682\/revisions"}],"wp:attachment":[{"href":"https:\/\/www.bbyhaber.com\/bby\/wp-json\/wp\/v2\/media?parent=1682"}],"wp:term":[{"taxonomy":"category","embeddable":true,"href":"https:\/\/www.bbyhaber.com\/bby\/wp-json\/wp\/v2\/categories?post=1682"},{"taxonomy":"post_tag","embeddable":true,"href":"https:\/\/www.bbyhaber.com\/bby\/wp-json\/wp\/v2\/tags?post=1682"}],"curies":[{"name":"wp","href":"https:\/\/api.w.org\/{rel}","templated":true}]}}