{"id":16719,"date":"2015-05-05T12:58:03","date_gmt":"2015-05-05T09:58:03","guid":{"rendered":"http:\/\/www.bbyhaber.com\/bby\/?p=16719"},"modified":"2015-05-05T12:58:38","modified_gmt":"2015-05-05T09:58:38","slug":"yuksekogretim-alanindaki-idari-ve-teknik-personelin-sorunlari-ve-cozum-onerileri-egitim-sen","status":"publish","type":"post","link":"https:\/\/www.bbyhaber.com\/bby\/2015\/05\/05\/yuksekogretim-alanindaki-idari-ve-teknik-personelin-sorunlari-ve-cozum-onerileri-egitim-sen","title":{"rendered":"Y\u00fcksek\u00f6\u011fretim Alan\u0131ndaki \u0130dari ve Teknik Personelin Sorunlar\u0131 ve \u00c7\u00f6z\u00fcm \u00d6nerileri-E\u011fitim Sen"},"content":{"rendered":"<p style=\"text-align: justify;\"><strong><a href=\"http:\/\/www.bbyhaber.com\/bby\/wp-content\/uploads\/2015\/03\/egitimsen-ekgosterge.jpg\"><img loading=\"lazy\" decoding=\"async\" class=\"alignleft\" src=\"http:\/\/www.bbyhaber.com\/bby\/wp-content\/uploads\/2015\/03\/egitimsen-ekgosterge.jpg\" alt=\"\" width=\"260\" height=\"144\" \/><\/a><a href=\"http:\/\/www.egitimsen.org.tr\/\" target=\"_blank\">E\u011fitim Sen<\/a><\/strong>\u2019in <span style=\"color: #0000ff;\"><strong>4-5 Nisan<\/strong><\/span>\u2019da &#8220;<strong>Y\u00fcksek\u00f6\u011fretim Alan\u0131ndaki \u0130dari ve Teknik Personelin Sorunlar\u0131 ve \u00c7\u00f6z\u00fcm \u00d6nerileri<\/strong>\u201d ba\u015fl\u0131\u011f\u0131 ile ger\u00e7ekle\u015ftirdi\u011fi \u00e7al\u0131\u015ftay\u0131n <span style=\"color: #0000ff;\"><a href=\"http:\/\/www.egitimsen.org.tr\/ekler\/5bec9f54a737bca_ek.pdf?tipi=2&amp;turu=X&amp;sube=0\" target=\"_blank\">sonu\u00e7 raporu yay\u0131nland\u0131.<\/a><\/span> \u00dczerinde durulan \u00f6nemli konular\u0131n\/sorunlar\u0131n aras\u0131nda mesle\u011fimizin \u00f6zl\u00fck haklar\u0131na y\u00f6nelik bir madde de yer almaktad\u0131r:<!--more--><\/p>\n<p style=\"text-align: justify;\">Teknik Hizmetler S\u0131n\u0131f\u0131na al\u0131nan ancak uygulama olarak hen\u00fcz hayata ge\u00e7irilemeyen ve mali haklar\u0131 konusunda d\u00fczenleme yap\u0131lmayan \u201ck\u00fct\u00fcphanecilerin\u201d, \u00d6zel Hizmet Tazminat\u0131n\u0131n II. Say\u0131l\u0131 Cetvelin E- Teknik Hizmetler B\u00f6l\u00fcm\u00fcn\u00fcn 1.maddesinin C bendine K\u00fct\u00fcphaneci unvan\u0131 yaz\u0131lmal\u0131, K\u00fct\u00fcphaneci \u00fcnvan\u0131n\u0131n Ek G\u00f6stergesi 657 say\u0131l\u0131 Kanunun I Say\u0131l\u0131 Cetvelinde yer alan Teknik Hizmetler S\u0131n\u0131f\u0131 ba\u015fl\u0131kl\u0131 b\u00f6l\u00fcm\u00fcn \u201cb\u201d bendine g\u00f6re d\u00fczenlenmeli, Teknik Hizmetler S\u0131n\u0131f\u0131 mensuplar\u0131na uygulanan 1 derece ilerlemesi verilmeli, i\u015f riski ve i\u015f g\u00fc\u00e7l\u00fc\u011f\u00fc tazminat oranlar\u0131 ise I say\u0131l\u0131 cetvelin (B) b\u00f6l\u00fcm\u00fcn\u00fcn 3. S\u0131ras\u0131nda yer alan unvanlara denk olarak \u00f6denmelidir.<\/p>\n<p style=\"text-align: justify;\"><a href=\"http:\/\/www.egitimsen.org.tr\/ekler\/5bec9f54a737bca_ek.pdf?tipi=2&amp;turu=X&amp;sube=0\" target=\"_blank\"><span style=\"color: #0000ff;\">\u00c7al\u0131\u015ftay sonu\u00e7 raporunun tamam\u0131na eri\u015fmek i\u00e7in l\u00fctfen t\u0131klay\u0131n\u0131z.<\/span><\/a><\/p>\n","protected":false},"excerpt":{"rendered":"<p>E\u011fitim Sen\u2019in 4-5 Nisan\u2019da &#8220;Y\u00fcksek\u00f6\u011fretim Alan\u0131ndaki \u0130dari ve Teknik Personelin Sorunlar\u0131 ve \u00c7\u00f6z\u00fcm \u00d6nerileri\u201d ba\u015fl\u0131\u011f\u0131 ile ger\u00e7ekle\u015ftirdi\u011fi \u00e7al\u0131\u015ftay\u0131n sonu\u00e7 raporu yay\u0131nland\u0131. \u00dczerinde durulan \u00f6nemli konular\u0131n\/sorunlar\u0131n aras\u0131nda mesle\u011fimizin \u00f6zl\u00fck haklar\u0131na y\u00f6nelik bir madde de yer almaktad\u0131r:<\/p>\n","protected":false},"author":1,"featured_media":0,"comment_status":"open","ping_status":"open","sticky":false,"template":"","format":"standard","meta":{"footnotes":""},"categories":[1],"tags":[1398,728],"class_list":["post-16719","post","type-post","status-publish","format-standard","hentry","category-genel","tag-bby-ozluk-haklari","tag-egitim-sen"],"_links":{"self":[{"href":"https:\/\/www.bbyhaber.com\/bby\/wp-json\/wp\/v2\/posts\/16719"}],"collection":[{"href":"https:\/\/www.bbyhaber.com\/bby\/wp-json\/wp\/v2\/posts"}],"about":[{"href":"https:\/\/www.bbyhaber.com\/bby\/wp-json\/wp\/v2\/types\/post"}],"author":[{"embeddable":true,"href":"https:\/\/www.bbyhaber.com\/bby\/wp-json\/wp\/v2\/users\/1"}],"replies":[{"embeddable":true,"href":"https:\/\/www.bbyhaber.com\/bby\/wp-json\/wp\/v2\/comments?post=16719"}],"version-history":[{"count":0,"href":"https:\/\/www.bbyhaber.com\/bby\/wp-json\/wp\/v2\/posts\/16719\/revisions"}],"wp:attachment":[{"href":"https:\/\/www.bbyhaber.com\/bby\/wp-json\/wp\/v2\/media?parent=16719"}],"wp:term":[{"taxonomy":"category","embeddable":true,"href":"https:\/\/www.bbyhaber.com\/bby\/wp-json\/wp\/v2\/categories?post=16719"},{"taxonomy":"post_tag","embeddable":true,"href":"https:\/\/www.bbyhaber.com\/bby\/wp-json\/wp\/v2\/tags?post=16719"}],"curies":[{"name":"wp","href":"https:\/\/api.w.org\/{rel}","templated":true}]}}