{"id":16706,"date":"2015-05-01T00:12:24","date_gmt":"2015-04-30T21:12:24","guid":{"rendered":"http:\/\/www.bbyhaber.com\/bby\/?p=16706"},"modified":"2015-05-08T10:36:01","modified_gmt":"2015-05-08T07:36:01","slug":"dijital-kitapliga-verimlilik-odulu","status":"publish","type":"post","link":"https:\/\/www.bbyhaber.com\/bby\/2015\/05\/01\/dijital-kitapliga-verimlilik-odulu","title":{"rendered":"Dijital Kitapl\u0131\u011fa Verimlilik \u00d6d\u00fcl\u00fc"},"content":{"rendered":"<p style=\"text-align: justify;\"><img loading=\"lazy\" decoding=\"async\" class=\"alignleft\" src=\"http:\/\/www.bbyhaber.com\/bby\/wp-content\/uploads\/2015\/04\/dijital-kitapliga-verimlilik-odulu.jpg\" alt=\"\u0130stanbul B\u00fcy\u00fck\u015fehir Belediyesi\" width=\"185\" height=\"123\" \/>Bilim, Sanayi ve Teknoloji Bakanl\u0131\u011f\u0131&#8217;n\u0131n \u00a0\u00fclkemizin rekabet g\u00fcc\u00fcn\u00fcn art\u0131r\u0131lmas\u0131na y\u00f6nelik verimlilik \u00e7al\u0131\u015fmalar\u0131 kapsam\u0131nda, her \u00f6l\u00e7ekteki i\u015fletme ve kurumlar\u0131n verimlilik art\u0131\u015flar\u0131n\u0131 desteklemek ve bu alanda ger\u00e7ekle\u015ftirilen projeleri te\u015fvik etmek amac\u0131yla verdi\u011fi \u00a0\u201cVerimlilik Proje \u00d6d\u00fclleri\u201d \u00a0Kamu Kategorisi Te\u015fvik \u00d6d\u00fcl\u00fcne, k\u00fct\u00fcphanemizde y\u00fcr\u00fct\u00fclen &#8220;Osmanl\u0131 D\u00f6nemi Nadir Eserlerin Kataloglanmas\u0131, Dijital Ortama Aktar\u0131lmas\u0131 ve Elektronik Ortamda Kullan\u0131ma Sunulmas\u0131\u201d projesi lay\u0131k g\u00f6r\u00fclm\u00fc\u015ft\u00fcr.<!--more--><\/p>\n<p style=\"text-align: justify;\">131\u2019i b\u00fcy\u00fck \u00f6l\u00e7ekli i\u015fletme olmak \u00fczere, toplam 193 projenin ba\u015fvurdu\u011fu Projenin \u00f6d\u00fcl t\u00f6reni \u00a027 Nisan 2015 tarihinde Ankara ATO Congresium Kongre Merkezinde yap\u0131ld\u0131. 5 ayr\u0131 kategoride verilen \u00f6d\u00fcllerde Kamu kategorisindeki \u201cTE\u015eV\u0130K\u201d \u00f6d\u00fcl\u00fc, \u0130BB K\u00fct\u00fcphane ve M\u00fczeler M\u00fcd\u00fcrl\u00fc\u011f\u00fc\u2019ne verildi.<\/p>\n<p style=\"text-align: justify;\">&#8220;Osmanl\u0131 D\u00f6nemi Nadir Eserlerin Kataloglanmas\u0131, Dijital Ortama Aktar\u0131lmas\u0131 ve Elektronik Ortamda Kullan\u0131ma Sunulmas\u0131\u201d\u00a0 ba\u015fl\u0131kl\u0131 proje ile \u00f6d\u00fcle lay\u0131k g\u00f6r\u00fclen K\u00fct\u00fcphane ve M\u00fczeler M\u00fcd\u00fcrl\u00fc\u011f\u00fc ad\u0131na \u00f6d\u00fcl\u00fc M\u00fcd\u00fcr\u00fcm\u00fcz Say\u0131n Ramazan M\u0130NDER ald\u0131.<\/p>\n<p style=\"text-align: justify;\">\u0130stanbul kalk\u0131nma ajans\u0131 deste\u011fi ile ba\u015flat\u0131lan proje \u0130BB k\u00fct\u00fcphane ve M\u00fczeler M\u00fcd\u00fcrl\u00fc\u011f\u00fc Atat\u00fcrk Kitapl\u0131\u011f\u0131 koleksiyonlar\u0131nda bulunan Osmanl\u0131 D\u00f6neminde bas\u0131lm\u0131\u015f Arap harfli bask\u0131 kitaplar\u0131n kataloglama, tarama ve web \u00fczerinden \u00fccretsiz eri\u015fime a\u00e7\u0131lmas\u0131n\u0131 hedeflemi\u015f, Ocak 2013 \u2013 Ocak 2014 tarihleri aras\u0131nda y\u00fcr\u00fct\u00fclen i\u015f s\u00fcre\u00e7leri sonunda \u015eubat 2014\u2019de ara\u015ft\u0131rma d\u00fcnyas\u0131n\u0131n hizmetine sunulmu\u015ftur.<\/p>\n<p style=\"text-align: justify;\">Proje sonunda olu\u015fan ve 40.000 esere ait 4 milyon g\u00f6r\u00fcnt\u00fcden olu\u015fan say\u0131sal ar\u015fiv\u00a0<a href=\"http:\/\/ataturkkitapligi.ibb.gov.tr\/ataturkkitapligi\/index.php\" target=\"_blank\">http:\/\/ataturkkitapligi.ibb.<wbr>gov.tr\/ataturkkitapligi\/index.<wbr>php<\/wbr><\/wbr><\/a>\u00a0\u00a0adresi \u00fczerindeki \u201cSay\u0131sal Ar\u015fiv ve E- Kaynaklar\u201d sekmesinden kullan\u0131ma sunulmu\u015f ve \u00a0\u00a0kullan\u0131ma sunuldu\u011fu Mart 2014 ile Mart 2015 tarihleri aras\u0131nda 464.082 kez eri\u015fim sa\u011flanm\u0131\u015f, yerli ve yabanc\u0131 kullan\u0131c\u0131lar\u0131m\u0131z eri\u015fim sa\u011flad\u0131klar\u0131 bu kaynaklar\u0131 \u00fccretsiz olarak indirme, zaman ve mekan s\u0131n\u0131r\u0131 olmadan okuma \u015fans\u0131na sahip olmu\u015flard\u0131r.<br \/>\nSel\u00e7uk AYDIN&#8217;\u0131n 30\/04\/2015 tarihinde KUTUP-L&#8217; listesine att\u0131\u011f\u0131 mesajdan al\u0131nt\u0131 yap\u0131lm\u0131\u015ft\u0131r.<\/p>\n","protected":false},"excerpt":{"rendered":"<p>Bilim, Sanayi ve Teknoloji Bakanl\u0131\u011f\u0131&#8217;n\u0131n \u00a0\u00fclkemizin rekabet g\u00fcc\u00fcn\u00fcn art\u0131r\u0131lmas\u0131na y\u00f6nelik verimlilik \u00e7al\u0131\u015fmalar\u0131 kapsam\u0131nda, her \u00f6l\u00e7ekteki i\u015fletme ve kurumlar\u0131n verimlilik art\u0131\u015flar\u0131n\u0131 desteklemek ve bu alanda ger\u00e7ekle\u015ftirilen projeleri te\u015fvik etmek amac\u0131yla verdi\u011fi \u00a0\u201cVerimlilik Proje \u00d6d\u00fclleri\u201d \u00a0Kamu Kategorisi Te\u015fvik \u00d6d\u00fcl\u00fcne, k\u00fct\u00fcphanemizde y\u00fcr\u00fct\u00fclen &#8220;Osmanl\u0131 D\u00f6nemi Nadir Eserlerin Kataloglanmas\u0131, Dijital Ortama Aktar\u0131lmas\u0131 ve Elektronik Ortamda Kullan\u0131ma Sunulmas\u0131\u201d projesi lay\u0131k g\u00f6r\u00fclm\u00fc\u015ft\u00fcr.<\/p>\n","protected":false},"author":129,"featured_media":0,"comment_status":"open","ping_status":"open","sticky":false,"template":"","format":"standard","meta":{"footnotes":""},"categories":[],"tags":[857],"class_list":["post-16706","post","type-post","status-publish","format-standard","hentry","tag-dijital-kutuphaneler"],"_links":{"self":[{"href":"https:\/\/www.bbyhaber.com\/bby\/wp-json\/wp\/v2\/posts\/16706"}],"collection":[{"href":"https:\/\/www.bbyhaber.com\/bby\/wp-json\/wp\/v2\/posts"}],"about":[{"href":"https:\/\/www.bbyhaber.com\/bby\/wp-json\/wp\/v2\/types\/post"}],"author":[{"embeddable":true,"href":"https:\/\/www.bbyhaber.com\/bby\/wp-json\/wp\/v2\/users\/129"}],"replies":[{"embeddable":true,"href":"https:\/\/www.bbyhaber.com\/bby\/wp-json\/wp\/v2\/comments?post=16706"}],"version-history":[{"count":0,"href":"https:\/\/www.bbyhaber.com\/bby\/wp-json\/wp\/v2\/posts\/16706\/revisions"}],"wp:attachment":[{"href":"https:\/\/www.bbyhaber.com\/bby\/wp-json\/wp\/v2\/media?parent=16706"}],"wp:term":[{"taxonomy":"category","embeddable":true,"href":"https:\/\/www.bbyhaber.com\/bby\/wp-json\/wp\/v2\/categories?post=16706"},{"taxonomy":"post_tag","embeddable":true,"href":"https:\/\/www.bbyhaber.com\/bby\/wp-json\/wp\/v2\/tags?post=16706"}],"curies":[{"name":"wp","href":"https:\/\/api.w.org\/{rel}","templated":true}]}}