{"id":16701,"date":"2015-04-29T10:31:26","date_gmt":"2015-04-29T07:31:26","guid":{"rendered":"http:\/\/www.bbyhaber.com\/bby\/?p=16701"},"modified":"2015-04-29T10:32:41","modified_gmt":"2015-04-29T07:32:41","slug":"locloud-projesi-koc-universitesi-vekam-kayitlari-europeana%e2%80%99da","status":"publish","type":"post","link":"https:\/\/www.bbyhaber.com\/bby\/2015\/04\/29\/locloud-projesi-koc-universitesi-vekam-kayitlari-europeana%e2%80%99da","title":{"rendered":"LoCloud Projesi Ko\u00e7 \u00dcniversitesi VEKAM Kay\u0131tlar\u0131 Europeana\u2019da"},"content":{"rendered":"<p style=\"text-align: justify;\"><img loading=\"lazy\" decoding=\"async\" class=\"alignleft\" src=\"http:\/\/www.bbyhaber.com\/bby\/wp-content\/uploads\/2015\/04\/LoCloud.jpg\" alt=\"\" width=\"197\" height=\"109\" \/>Hacettepe \u00dcniversitesi Bilgi ve Belge Y\u00f6netimi B\u00f6l\u00fcm\u00fc\u2019n\u00fcn Ulusal Koordinat\u00f6r olarak yer ald\u0131\u011f\u0131 ve 2013 y\u0131l\u0131nda ba\u015flayan, toplam 32 \u00fclke ortakl\u0131 bir Avrupa Birli\u011fi (AB) Projesi olan <strong>LoCloud<\/strong> \u201c<strong>Europeana<\/strong> Bulutunda Yerel \u0130\u00e7erik\u201d (Local Content in a Europeana Cloud) Projesi \u00e7er\u00e7evesinde uygulama kurulu\u015fu olan Ko\u00e7 \u00dcniversitesi Vehbi Ko\u00e7 ve Ankara Ara\u015ft\u0131rmalar\u0131 Merkezi\u2019nin Ankara Koleksiyonunda yer alan bir b\u00f6l\u00fcm dijital materyale ait bibliyografik kay\u0131tlar\u0131n <strong>Avrupa Dijital K\u00fct\u00fcphanesi Europeana<\/strong>\u2019ya aktar\u0131lma s\u00fcreci ba\u015far\u0131yla <a href=\"http:\/\/www.europeana.eu\/portal\/search.html?query=Ko%C3%A7+University&amp;rows=24&amp;qf=DATA_PROVIDER%3A%22Ko%C3%A7+University+Vehbi+Ko%C3%A7+Ankara+Studies+Research+Center+%28VEKAM%29%22&amp;qt=false\" target=\"_blank\"><span style=\"color: #0000ff;\">sonu\u00e7land\u0131r\u0131lm\u0131\u015ft\u0131r<\/span><\/a>.<!--more--><\/p>\n<p style=\"text-align: justify;\">Bu s\u00fcre\u00e7te Ko\u00e7 \u00dcniversitesi Vehbi Ko\u00e7 ve Ankara Ara\u015ft\u0131rmalar\u0131 Merkezi koleksiyonundaki kay\u0131tlar ve \u00fcstveriler bulut bili\u015fim tabanl\u0131 platformlar arac\u0131l\u0131\u011f\u0131yla geli\u015ftirilmi\u015f, ard\u0131ndan yine bulut bili\u015fim tabanl\u0131 hafif k\u00fct\u00fcphanecilik yaz\u0131l\u0131mlar\u0131 ile Europeana Veri Modeli\u2019ne uygun hale getirilmi\u015f ve ba\u015far\u0131l\u0131 bir \u015fekilde Europeana\u2019ya aktar\u0131lm\u0131\u015ft\u0131r. Europeana\u2019ya aktar\u0131lan kay\u0131tlara <a href=\"http:\/\/www.europeana.eu\/portal\/search.html?query=Ko%C3%A7+University&amp;rows=24&amp;qf=DATA_PROVIDER%3A%22Ko%C3%A7+University+Vehbi+Ko%C3%A7+Ankara+Studies+Research+Center+%28VEKAM%29%22&amp;qt=false\" target=\"_blank\"><span style=\"color: #0000ff;\">buradan<\/span><\/a> ula\u015f\u0131labilir. T\u00fcrkiye, LoCloud Projesi sorumlulu\u011fu \u00e7er\u00e7evesinde kay\u0131tlar\u0131n\u0131 Europeana\u2019ya aktaran ilk 6 \u00fclkeden, Ko\u00e7 \u00dcniversitesi Vehbi Ko\u00e7 ve Ankara Ara\u015ft\u0131rmalar\u0131 Merkezi VEKAM da T\u00fcrkiye\u2019den halen Europeana\u2019ya kay\u0131t aktar\u0131m\u0131nda bulunan \u00fc\u00e7 kurumdan birisi olmu\u015ftur.<\/p>\n<p><em>Hacettepe \u00dcniversitesi Bilgi ve Belge Y\u00f6netimi B\u00f6l\u00fcm\u00fc<\/em><\/p>\n","protected":false},"excerpt":{"rendered":"<p>Hacettepe \u00dcniversitesi Bilgi ve Belge Y\u00f6netimi B\u00f6l\u00fcm\u00fc\u2019n\u00fcn Ulusal Koordinat\u00f6r olarak yer ald\u0131\u011f\u0131 ve 2013 y\u0131l\u0131nda ba\u015flayan, toplam 32 \u00fclke ortakl\u0131 bir Avrupa Birli\u011fi (AB) Projesi olan LoCloud \u201cEuropeana Bulutunda Yerel \u0130\u00e7erik\u201d (Local Content in a Europeana Cloud) Projesi \u00e7er\u00e7evesinde uygulama kurulu\u015fu olan Ko\u00e7 \u00dcniversitesi Vehbi Ko\u00e7 ve Ankara Ara\u015ft\u0131rmalar\u0131 Merkezi\u2019nin Ankara Koleksiyonunda yer alan bir [&hellip;]<\/p>\n","protected":false},"author":1,"featured_media":0,"comment_status":"open","ping_status":"open","sticky":false,"template":"","format":"standard","meta":{"footnotes":""},"categories":[1,727],"tags":[151],"class_list":["post-16701","post","type-post","status-publish","format-standard","hentry","category-genel","category-kulturel-miras-2","tag-europeana-library"],"_links":{"self":[{"href":"https:\/\/www.bbyhaber.com\/bby\/wp-json\/wp\/v2\/posts\/16701"}],"collection":[{"href":"https:\/\/www.bbyhaber.com\/bby\/wp-json\/wp\/v2\/posts"}],"about":[{"href":"https:\/\/www.bbyhaber.com\/bby\/wp-json\/wp\/v2\/types\/post"}],"author":[{"embeddable":true,"href":"https:\/\/www.bbyhaber.com\/bby\/wp-json\/wp\/v2\/users\/1"}],"replies":[{"embeddable":true,"href":"https:\/\/www.bbyhaber.com\/bby\/wp-json\/wp\/v2\/comments?post=16701"}],"version-history":[{"count":0,"href":"https:\/\/www.bbyhaber.com\/bby\/wp-json\/wp\/v2\/posts\/16701\/revisions"}],"wp:attachment":[{"href":"https:\/\/www.bbyhaber.com\/bby\/wp-json\/wp\/v2\/media?parent=16701"}],"wp:term":[{"taxonomy":"category","embeddable":true,"href":"https:\/\/www.bbyhaber.com\/bby\/wp-json\/wp\/v2\/categories?post=16701"},{"taxonomy":"post_tag","embeddable":true,"href":"https:\/\/www.bbyhaber.com\/bby\/wp-json\/wp\/v2\/tags?post=16701"}],"curies":[{"name":"wp","href":"https:\/\/api.w.org\/{rel}","templated":true}]}}