{"id":167,"date":"2011-11-03T23:23:04","date_gmt":"2011-11-03T23:23:04","guid":{"rendered":"http:\/\/www.bbyhaber.com\/bby\/?p=167"},"modified":"2011-11-06T23:23:36","modified_gmt":"2011-11-06T23:23:36","slug":"75inci-yilda-75-kutuphane","status":"publish","type":"post","link":"https:\/\/www.bbyhaber.com\/bby\/2011\/11\/03\/75inci-yilda-75-kutuphane","title":{"rendered":"75&#8217;inci y\u0131lda 75. k\u00fct\u00fcphane"},"content":{"rendered":"<p style=\"text-align: justify;\">Henkel; sosyal sorumluluk anlam\u0131nda y\u00fcr\u00fctt\u00fc\u011f\u00fc \u00e7al\u0131\u015fmalar\u0131na devam ediyor. Henkel; &#8220;Tursil&#8217;in Ak\u0131ll\u0131 \u00c7ocuklar\u0131&#8221; projesi kapsam\u0131nda T\u00fcrkiye&#8217;deki 75. K\u00fct\u00fcphanesini de a\u00e7t\u0131. 2009&#8217;dan beri &#8220;Tursil&#8217;in Ak\u0131ll\u0131 \u00c7ocuklar\u0131&#8221; isimli bir kampanya y\u00fcr\u00fcten Henkel, \u00e7ocuklara okuma al\u0131\u015fkanl\u0131\u011f\u0131 kazand\u0131rmak amac\u0131yla Anadolu&#8217;da ihtiya\u00e7 duyulan okullara k\u00fct\u00fcphaneler a\u00e7\u0131yor. Projenin bu seferki dura\u011f\u0131 ise Adana Pozant\u0131 Yat\u0131l\u0131 \u0130lk\u00f6\u011fretim B\u00f6lge Okulu oldu. \u0130l\u00e7e Milli E\u011fitim M\u00fcd\u00fcr\u00fc Mehmet Emin \u0130ncekulak, \u0130l\u00e7e Belediye Ba\u015fkan\u0131 Mustafa \u00c7ay ve Henkel yetkilileri Pozant\u0131 Yat\u0131l\u0131 \u0130lk\u00f6\u011fretim B\u00f6lge Okulu&#8217;nda a\u00e7\u0131l\u0131\u015f\u0131 75. k\u00fct\u00fcphaneyi \u00f6\u011frencilerin heyecan\u0131yla a\u00e7t\u0131.<\/p>\n<p>Kaynak: <a href=\"http:\/\/yenisafak.com.tr\/\" target=\"_blank\">http:\/\/yenisafak.com.tr\/<\/a><\/p>\n","protected":false},"excerpt":{"rendered":"<p>Henkel; sosyal sorumluluk anlam\u0131nda y\u00fcr\u00fctt\u00fc\u011f\u00fc \u00e7al\u0131\u015fmalar\u0131na devam ediyor. Henkel; &#8220;Tursil&#8217;in Ak\u0131ll\u0131 \u00c7ocuklar\u0131&#8221; projesi kapsam\u0131nda T\u00fcrkiye&#8217;deki 75. K\u00fct\u00fcphanesini de a\u00e7t\u0131. 2009&#8217;dan beri &#8220;Tursil&#8217;in Ak\u0131ll\u0131 \u00c7ocuklar\u0131&#8221; isimli bir kampanya y\u00fcr\u00fcten Henkel, \u00e7ocuklara okuma al\u0131\u015fkanl\u0131\u011f\u0131 kazand\u0131rmak amac\u0131yla Anadolu&#8217;da ihtiya\u00e7 duyulan okullara k\u00fct\u00fcphaneler a\u00e7\u0131yor. Projenin bu seferki dura\u011f\u0131 ise Adana Pozant\u0131 Yat\u0131l\u0131 \u0130lk\u00f6\u011fretim B\u00f6lge Okulu oldu. \u0130l\u00e7e Milli E\u011fitim [&hellip;]<\/p>\n","protected":false},"author":1,"featured_media":0,"comment_status":"open","ping_status":"open","sticky":false,"template":"","format":"standard","meta":{"footnotes":""},"categories":[1,1498],"tags":[],"class_list":["post-167","post","type-post","status-publish","format-standard","hentry","category-genel","category-koy-kutuphaneleri"],"_links":{"self":[{"href":"https:\/\/www.bbyhaber.com\/bby\/wp-json\/wp\/v2\/posts\/167"}],"collection":[{"href":"https:\/\/www.bbyhaber.com\/bby\/wp-json\/wp\/v2\/posts"}],"about":[{"href":"https:\/\/www.bbyhaber.com\/bby\/wp-json\/wp\/v2\/types\/post"}],"author":[{"embeddable":true,"href":"https:\/\/www.bbyhaber.com\/bby\/wp-json\/wp\/v2\/users\/1"}],"replies":[{"embeddable":true,"href":"https:\/\/www.bbyhaber.com\/bby\/wp-json\/wp\/v2\/comments?post=167"}],"version-history":[{"count":0,"href":"https:\/\/www.bbyhaber.com\/bby\/wp-json\/wp\/v2\/posts\/167\/revisions"}],"wp:attachment":[{"href":"https:\/\/www.bbyhaber.com\/bby\/wp-json\/wp\/v2\/media?parent=167"}],"wp:term":[{"taxonomy":"category","embeddable":true,"href":"https:\/\/www.bbyhaber.com\/bby\/wp-json\/wp\/v2\/categories?post=167"},{"taxonomy":"post_tag","embeddable":true,"href":"https:\/\/www.bbyhaber.com\/bby\/wp-json\/wp\/v2\/tags?post=167"}],"curies":[{"name":"wp","href":"https:\/\/api.w.org\/{rel}","templated":true}]}}