{"id":1669,"date":"2007-10-15T20:13:28","date_gmt":"2007-10-15T20:13:28","guid":{"rendered":"http:\/\/www.bbyhaber.com\/bby\/?p=1669"},"modified":"2012-09-07T13:13:26","modified_gmt":"2012-09-07T10:13:26","slug":"her-okula-kutuphane-projesi","status":"publish","type":"post","link":"https:\/\/www.bbyhaber.com\/bby\/2007\/10\/15\/her-okula-kutuphane-projesi","title":{"rendered":"Her okula k\u00fct\u00fcphane projesi"},"content":{"rendered":"<p style=\"text-align: justify;\">Ba\u011f\u0131ms\u0131z E\u011fitimciler Sendikas\u0131 Genel Ba\u015fkan\u0131 G\u00fcrkan Avc\u0131&#8217;dan destek. Ba\u011f\u0131ms\u0131z E\u011fitimciler Sendikas\u0131 Genel Ba\u015fkan\u0131 G\u00fcrkan Avc\u0131, Milli E\u011fitim Bakanl\u0131\u011f\u0131\u2019nca g\u00fcndeme getirilen \u2018Her okula bir k\u00fct\u00fcphane\u2019 projesini desteklediklerini belirterek, \u201cBu proje ile okullar\u0131n sadece s\u0131n\u0131f ve koridorlardan ibaret olmas\u0131n\u0131n \u00f6n\u00fcne ge\u00e7ilecektir. Kitapla i\u00e7 i\u00e7e b\u00fcy\u00fcyen nesillerin bu \u00fclkenin gelece\u011fi i\u00e7in bir \u015fans olaca\u011f\u0131n\u0131 d\u00fc\u015f\u00fcn\u00fcyoruz.<!--more--><\/p>\n<p style=\"text-align: justify;\">T\u00fcrkiye&#8217;de okuma k\u00fclt\u00fcr\u00fcn\u00fc yayg\u0131nla\u015ft\u0131rmak, \u00f6\u011frencilerin kitap okumas\u0131n\u0131 sa\u011flamak i\u00e7in hayata ge\u00e7irilmesi d\u00fc\u015f\u00fcn\u00fclen bu proje ciddiye al\u0131nmal\u0131 ve sonuna kadar takip edilmelidir. Biz sendika olarak projeyi destekliyor ve \u00e7ok olumlu buluyoruz\u201d, dedi.<\/p>\n<p style=\"text-align: justify;\">HER OKULA B\u0130R K\u00dcT\u00dcPHANE PROJES\u0130N\u0130 DESTEKL\u0130YORUZ<\/p>\n<p style=\"text-align: justify;\">Avc\u0131 \u015f\u00f6yle kaydetti, \u201c\u00dclkemizde \u00e7ok k\u00f6kl\u00fc e\u011fitim kurumlar\u0131 var fakat maalesef i\u015flevsel k\u00fct\u00fcphaneleri yok. Ve bu durum sadece k\u00fct\u00fcphaneye kitap almakla halledilemez. Say\u0131n Bakan\u0131n bu projesinin her \u015feyden \u00f6nce pedagojik temelleri de olmal\u0131d\u0131r. T\u00fcrkiye, Birle\u015fmi\u015f Milletler \u0130nsani Geli\u015fim Raporuna g\u00f6re, okuma al\u0131\u015fkanl\u0131\u011f\u0131nda Libya, Tanzanya, Ermenistan gibi \u00fclkelerin de bulundu\u011fu 173 \u00fclke aras\u0131nda 86\u2019\u0131nc\u0131 s\u0131rada yer al\u0131yor. K\u00fct\u00fcphanelere gitmeyen, kitap okumayan \u00f6\u011frencilerimiz internet kafelerden \u00e7\u0131km\u0131yor. \u0130nternette asl\u0131nda \u00e7e\u015fitli kitap ve k\u00fct\u00fcphanelere, bir\u00e7ok bilgi kaynaklar\u0131na ula\u015fmak m\u00fcmk\u00fcn iken, \u00e7ocuklar\u0131m\u0131z interneti de amac\u0131na uygun olarak kullanam\u0131yor. \u0130zlenen neo-liberal politikalar\u0131n yan\u0131 s\u0131ra, ezberci e\u011fitim sisteminin \u00e7ocuklara kitap okuma al\u0131\u015fkanl\u0131\u011f\u0131n\u0131 ve kitap sevgisini kazand\u0131rmaktan uzak oldu\u011funu d\u00fc\u015f\u00fcn\u00fcyoruz\u201d dedi.<\/p>\n<p style=\"text-align: justify;\">Kitap okuma konusunda T\u00fcrkiye\u2019nin d\u00fcnya s\u0131ralamalar\u0131 i\u00e7erisindeki utan\u0131lacak durumunu biran \u00f6nce d\u00fczeltmesi gerekti\u011fini kaydeden Avc\u0131 yapt\u0131\u011f\u0131 bas\u0131n a\u00e7\u0131klamas\u0131na \u015f\u00f6yle devam etti;<\/p>\n<p style=\"text-align: justify;\">Kitap okuma oran\u0131n\u0131n y\u00fczde 4,5 oldu\u011fu T\u00fcrkiye&#8217;de y\u0131lda 23 milyon adet kitap bas\u0131l\u0131rken, Japonya\u2019da 4 milyar 200 milyon adet kitap bas\u0131l\u0131yor. Bir y\u0131lda, ders kitaplar\u0131 hari\u00e7 Amerika\u2019da 72.000, Almanya\u2019da 65.000, Brezilya\u2019da 13.000, T\u00fcrkiye\u2019de ise 6.031 kitap yay\u0131mlan\u0131yor. 7 milyon n\u00fcfuslu Azerbaycan\u2019da kitaplar 100.000 tirajla bas\u0131l\u0131rken, 75 milyon n\u00fcfuslu T\u00fcrkiye\u2019de bu rakam 2500 civar\u0131nda. AB \u00fclkelerinde y\u0131ll\u0131k kitap harcamas\u0131 500 dolarken T\u00fcrkiye\u2019de 2 dolar. Halk K\u00fct\u00fcphaneleri Dernekleri Bildirgesi&#8217;nde yer alan, T\u00fcrkiye ve yak\u0131n n\u00fcfusa sahip AB \u00fcyesi \u00fclkelerin verilerine g\u00f6re, Almanya&#8217;da 11 bin 332, Fransa&#8217;da 4 bin 8, \u0130spanya&#8217;da 5 bin 209, T\u00fcrkiye&#8217;de ise 1433 k\u00fct\u00fcphane var. T\u00fcrkiye\u2019deki 1433 k\u00fct\u00fcphanenin 267\u2019si kapal\u0131 oldu\u011fu gibi yaln\u0131zca 400\u2019\u00fc k\u00fct\u00fcphane standard\u0131n\u0131 ta\u015f\u0131yor. \u0130ngiltere&#8217;de, ortalama bir gazete olan g\u00fcnl\u00fck The Sun gazetesi T\u00fcrkiye&#8217;deki gazetelerin toplam tiraj\u0131 kadar sat\u0131yor. T\u00fcrkiye\u2019deki gazete okurlar\u0131n\u0131n y\u00fczde 85\u2019i yaln\u0131zca spor ve magazin sayfalar\u0131yla ilgileniyor.<\/p>\n<p style=\"text-align: justify;\">\u00d6\u011frenciler de ders kitab\u0131ndan ba\u015fka kitap okumuyor, hatta ders kitab\u0131 bile okumuyor. Halk\u0131m\u0131z televizyon seyretmeyi, birka\u00e7 \u015fark\u0131c\u0131n\u0131n \u00f6zel hayat\u0131n\u0131, dedikodular\u0131n\u0131 \u00f6\u011frenmeyi o kadar abartm\u0131\u015f ki, de\u011fil kitap okumay\u0131, ciddi televizyon programlar\u0131n\u0131 bile izlemiyor. Futbolcular\u0131n k\u00fcnyesini, sevgililerini ezbere bilen ama gazeteleri, kitaplar\u0131 \u201cyalan makinesi\u201d diye ifade eden halk\u0131m\u0131z var. Kitaplar\u0131n ve gazetelerin yaln\u0131zca resmine bakan ve katlay\u0131p k\u00f6\u015feye koyan, laz\u0131m olunca soba tutu\u015fturan, sofra bezi ve k\u00fclah yapan halk\u0131m\u0131z var. \u00c7ocuklar\u0131n ve gen\u00e7lerin kitap okumamas\u0131n\u0131n en \u00f6nemli nedeninin ailede kitap okuma gelene\u011finin olu\u015fmamas\u0131.<\/p>\n<p style=\"text-align: justify;\">Gen\u00e7lik kitap ve gazete okumuyor ama her konuda fikirleri! var. \u0130\u015fte bunun i\u00e7in \u00fclkemiz y\u0131llard\u0131r yang\u0131n yeri gibi. Okumad\u0131\u011f\u0131m\u0131z i\u00e7in cahiliz. Okumad\u0131\u011f\u0131m\u0131z i\u00e7in hakk\u0131m\u0131z\u0131 bilmiyoruz ve arayam\u0131yoruz. Okumad\u0131\u011f\u0131m\u0131z i\u00e7in fakir bir toplumuz. Okumad\u0131\u011f\u0131m\u0131z i\u00e7in iyi y\u00f6neticileri, kaliteli politikac\u0131lar\u0131 se\u00e7emiyoruz. Okumad\u0131\u011f\u0131m\u0131z i\u00e7in ya\u015fanan haks\u0131zl\u0131klar\u0131, yoksulluklar\u0131, fukaral\u0131\u011f\u0131, bizim i\u00e7in yaz\u0131lan k\u00f6t\u00fc kaderi, kaderimiz san\u0131yoruz. 400 bin kahvehanenin bulundu\u011fu T\u00fcrkiye&#8217;de, kitap sevgisini en \u00e7ok televizyon ve internet engelliyor.<\/p>\n<p style=\"text-align: justify;\">Kaynak: http:\/\/www.internethaber.com\/news_detail.php?id=108755<\/p>\n","protected":false},"excerpt":{"rendered":"<p>Ba\u011f\u0131ms\u0131z E\u011fitimciler Sendikas\u0131 Genel Ba\u015fkan\u0131 G\u00fcrkan Avc\u0131&#8217;dan destek. Ba\u011f\u0131ms\u0131z E\u011fitimciler Sendikas\u0131 Genel Ba\u015fkan\u0131 G\u00fcrkan Avc\u0131, Milli E\u011fitim Bakanl\u0131\u011f\u0131\u2019nca g\u00fcndeme getirilen \u2018Her okula bir k\u00fct\u00fcphane\u2019 projesini desteklediklerini belirterek, \u201cBu proje ile okullar\u0131n sadece s\u0131n\u0131f ve koridorlardan ibaret olmas\u0131n\u0131n \u00f6n\u00fcne ge\u00e7ilecektir. Kitapla i\u00e7 i\u00e7e b\u00fcy\u00fcyen nesillerin bu \u00fclkenin gelece\u011fi i\u00e7in bir \u015fans olaca\u011f\u0131n\u0131 d\u00fc\u015f\u00fcn\u00fcyoruz.<\/p>\n","protected":false},"author":1,"featured_media":0,"comment_status":"open","ping_status":"open","sticky":false,"template":"","format":"standard","meta":{"footnotes":""},"categories":[],"tags":[845],"class_list":["post-1669","post","type-post","status-publish","format-standard","hentry","tag-okul-kutuphaneleri"],"_links":{"self":[{"href":"https:\/\/www.bbyhaber.com\/bby\/wp-json\/wp\/v2\/posts\/1669"}],"collection":[{"href":"https:\/\/www.bbyhaber.com\/bby\/wp-json\/wp\/v2\/posts"}],"about":[{"href":"https:\/\/www.bbyhaber.com\/bby\/wp-json\/wp\/v2\/types\/post"}],"author":[{"embeddable":true,"href":"https:\/\/www.bbyhaber.com\/bby\/wp-json\/wp\/v2\/users\/1"}],"replies":[{"embeddable":true,"href":"https:\/\/www.bbyhaber.com\/bby\/wp-json\/wp\/v2\/comments?post=1669"}],"version-history":[{"count":0,"href":"https:\/\/www.bbyhaber.com\/bby\/wp-json\/wp\/v2\/posts\/1669\/revisions"}],"wp:attachment":[{"href":"https:\/\/www.bbyhaber.com\/bby\/wp-json\/wp\/v2\/media?parent=1669"}],"wp:term":[{"taxonomy":"category","embeddable":true,"href":"https:\/\/www.bbyhaber.com\/bby\/wp-json\/wp\/v2\/categories?post=1669"},{"taxonomy":"post_tag","embeddable":true,"href":"https:\/\/www.bbyhaber.com\/bby\/wp-json\/wp\/v2\/tags?post=1669"}],"curies":[{"name":"wp","href":"https:\/\/api.w.org\/{rel}","templated":true}]}}