{"id":16682,"date":"2015-04-29T01:26:00","date_gmt":"2015-04-28T22:26:00","guid":{"rendered":"http:\/\/www.bbyhaber.com\/bby\/?p=16682"},"modified":"2015-04-29T10:16:32","modified_gmt":"2015-04-29T07:16:32","slug":"kulturel-mirasi-korumaya-iliskin-ortak-karar-alindi","status":"publish","type":"post","link":"https:\/\/www.bbyhaber.com\/bby\/2015\/04\/29\/kulturel-mirasi-korumaya-iliskin-ortak-karar-alindi","title":{"rendered":"K\u00fclt\u00fcrel Miras\u0131 Korumaya \u0130li\u015fkin Ortak Karar Al\u0131nd\u0131"},"content":{"rendered":"<p style=\"text-align: justify;\"><a href=\"http:\/\/www.bbyhaber.com\/bby\/wp-content\/uploads\/2015\/04\/kulturel-miras.jpg\"><img loading=\"lazy\" decoding=\"async\" class=\"alignleft\" src=\"http:\/\/www.bbyhaber.com\/bby\/wp-content\/uploads\/2015\/04\/kulturel-miras.jpg\" alt=\"\" width=\"297\" height=\"122\" \/><\/a>T\u00fcrk K\u00fct\u00fcphaneciler Derne\u011fi&#8217;nin de kat\u0131l\u0131mc\u0131s\u0131 oldu\u011fu UNESCO T\u00fcrkiye Mill\u00ee Komisyonu Bakan Avc\u0131\u2019ya bilgi sundu. T\u00fcrk K\u00fct\u00fcphaneciler Derne\u011fi Genel Ba\u015fkan\u0131 Ali Fuat Kartal ve T\u00fcrk K\u00fct\u00fcphaneciler Derne\u011fi Genel Ba\u015fkan Yard\u0131mc\u0131s\u0131 Prof. Dr. Mehmet Emin K\u00fc\u00e7\u00fck&#8217;\u00fcn de kat\u0131ld\u0131\u011f\u0131 UNESCO T\u00fcrkiye Mill\u00ee Komisyonu,<!--more--> \u00e7at\u0131\u015fma alt\u0131nda bulunan k\u00fclt\u00fcrel miras\u0131n tahribat\u0131na ili\u015fkin konular\u0131, bir dan\u0131\u015fma toplant\u0131s\u0131 ile ele alarak, toplant\u0131n\u0131n sonucunu Bakan Avc\u0131\u2019ya sundu. Bakan Avc\u0131\u2019yla yap\u0131lan isti\u015fare sonucunda k\u00fclt\u00fcrel miras\u0131n korunmas\u0131na ili\u015fkin kararlar al\u0131nd\u0131.<\/p>\n<p style=\"text-align: justify;\">Toplant\u0131da; T\u00fcrkiye\u2019nin k\u00fclt\u00fcrel miras\u0131n korunmas\u0131 konusundaki hassasiyeti dile getirilerek, d\u00fcnyan\u0131n herhangi bir b\u00f6lgesinde bulunan k\u00fclt\u00fcrel varl\u0131klar\u0131n ve UNESCO D\u00fcnya Miras Alanlar\u0131n\u0131n, m\u00fczeler ve k\u00fct\u00fcphanelerin, UNESCO D\u00fcnya Belle\u011fi K\u00fct\u00fc\u011f\u00fcne kay\u0131tl\u0131 olan veya olmayan el yazmalar\u0131 ve sanat eserlerinin insanl\u0131\u011f\u0131n ortak miras\u0131 oldu\u011fu g\u00f6r\u00fc\u015f\u00fcne vurgu yap\u0131ld\u0131.<\/p>\n<p style=\"text-align: justify;\">Silahl\u0131 \u00e7at\u0131\u015fmalardan ve ter\u00f6rist eylemlerden zarar g\u00f6ren bu miraslar kapsam\u0131nda Birle\u015fmi\u015f Milletler G\u00fcvenlik Konseyi ve UNESCO platformlar\u0131nda al\u0131nan kararlar do\u011frultusunda de\u011ferlendirmeler yap\u0131ld\u0131.<\/p>\n<p style=\"text-align: justify;\">T\u00fcrkiye\u2019nin taraf oldu\u011fu ve ilgili organlar\u0131nda etkin yer ald\u0131\u011f\u0131 \u00f6nemli UNESCO K\u00fclt\u00fcr S\u00f6zle\u015fmeleri olan 1970, 1972 ve 2003 S\u00f6zle\u015fmelerinin \u00f6nemine vurgu yap\u0131lan toplant\u0131da k\u00fclt\u00fcrel miras tahribat\u0131na ili\u015fkin konular\u0131n \u00f6zellikle uluslararas\u0131 toplumda bas\u0131n ve deklarasyonlar yoluyla g\u00fcndemde tutulmas\u0131n\u0131n \u00f6nemi vurguland\u0131.<\/p>\n<p style=\"text-align: justify;\">K\u00fclt\u00fcr miras\u0131 eserlerinin u\u011frad\u0131\u011f\u0131 tahribat, k\u00fclt\u00fcr varl\u0131klar\u0131n\u0131n yasad\u0131\u015f\u0131 ticareti ve k\u00fclt\u00fcrleraras\u0131 diyaloga olumsuz etkisi gibi konular\u0131n ele al\u0131nd\u0131\u011f\u0131 dan\u0131\u015fma toplant\u0131s\u0131nda, kat\u0131l\u0131mc\u0131lar, tahrip edilen eserler aras\u0131nda UNESCO D\u00fcnya Miras\u0131 alanlar\u0131 ile T\u00fcrk-Osmanl\u0131 eserlerinin de bulundu\u011funa dikkat \u00e7ektiler.<\/p>\n<p style=\"text-align: justify;\">Toplant\u0131da, UNESCO\u2019nun uluslararas\u0131 e\u015fg\u00fcd\u00fcm, bilgi al\u0131\u015fveri\u015fi, fark\u0131ndal\u0131k yaratma ve e\u011fitim \u00e7abalar\u0131 konusundaki T\u00fcrkiye\u2019nin katk\u0131s\u0131ndan duyulan memnuniyet ifade edildi.\u00a0UNESCO D\u00fcnya Miras\u0131 Komitesi ve UNESCO K\u00fclt\u00fcr Varl\u0131klar\u0131n\u0131n Yasad\u0131\u015f\u0131 Ticareti ile M\u00fccadele Komitesi \u00fcyesi olan T\u00fcrkiye\u2019nin, UNESCO\u2019nun bu konudaki karar ve tavsiyeleri \u0131\u015f\u0131\u011f\u0131nda yeni \u00f6nlemler almaya devam edece\u011fi, kat\u0131l\u0131mc\u0131lar taraf\u0131ndan vurguland\u0131.<\/p>\n<p style=\"text-align: justify;\">\u00c7at\u0131\u015fma b\u00f6lgelerindeki e\u011fitim kurumlar\u0131n\u0131n tahrip edilmesi ve buna ba\u011fl\u0131 olarak k\u00fclt\u00fcr\u00fcn de tahrip olmas\u0131 sebebiyle, tahrip olan k\u00fclt\u00fcrel miras konusunda yine e\u011fitim arac\u0131l\u0131\u011f\u0131yla duyarl\u0131l\u0131\u011f\u0131n sa\u011flanmas\u0131 gerekti\u011fi ifade edildi.<\/p>\n<p style=\"text-align: justify;\"><strong>\u0130sti\u015fare sonucunda al\u0131nan kararlar:<\/strong><\/p>\n<p style=\"text-align: justify;\">UNESCO T\u00fcrkiye Mill\u00ee Komisyonu\u2019nun Bakan Avc\u0131 ile yap\u0131lan isti\u015fare sonucunda \u015fu hususlar \u00fczerinde duruldu:T\u00fcrkiye\u2019de yap\u0131lan \u00e7al\u0131\u015fmalar\u0131n uluslararas\u0131 toplumla payla\u015f\u0131lmas\u0131 ve uluslararas\u0131 kamuoyuna duyurulmas\u0131n\u0131n makale ya da m\u00fclakatlarla sa\u011flanmas\u0131,G\u00fcmr\u00fck g\u00f6revlilerine bas\u0131l\u0131 yazma eserleri ay\u0131rt edebilmeleri konusunda hassasiyet g\u00f6stermelerine y\u00f6nelik e\u011fitimler verilmesi,Okul ve \u00f6\u011fretmenlerin toplumdaki yayg\u0131n a\u011f\u0131 dikkate al\u0131narak, kriz zamanlar\u0131nda k\u00fclt\u00fcrel miras koruma bilinci ve duyarl\u0131l\u0131k olu\u015fturmak i\u00e7in Mill\u00ee E\u011fitim Bakanl\u0131\u011f\u0131 taraf\u0131ndan okullara e\u011fitim verilmesi ve genelge g\u00f6nderilmesi,<\/p>\n<p style=\"text-align: justify;\">S\u0131\u011f\u0131nmac\u0131lar\u0131n bulundu\u011fu kamplarda ve ulusal m\u00fcfredatta somut ve somut olmayan k\u00fclt\u00fcrel miras\u0131n korunmas\u0131 ve fark\u0131ndal\u0131\u011f\u0131n artt\u0131r\u0131lmas\u0131na y\u00f6nelik \u00e7al\u0131\u015fmalar\u0131n yap\u0131lmas\u0131 ve k\u00fclt\u00fcrel miras fark\u0131ndal\u0131\u011f\u0131n\u0131n olu\u015fturulmas\u0131,<\/p>\n<p style=\"text-align: justify;\">\u00c7at\u0131\u015fma sonras\u0131nda zarar g\u00f6ren miras alanlar\u0131n\u0131n restorasyonu i\u00e7in \u00f6zellikle Y\u00fcksek Lisans ve Doktora d\u00fczeyindeki gen\u00e7lerin e\u011fitiminin sa\u011flanmas\u0131,S\u0131\u011f\u0131nmac\u0131lar\u0131n geleneklerini ya\u015fatacaklar\u0131, rit\u00fcellerini, \u00e7ocuk oyunlar\u0131n\u0131 ve k\u00fclt\u00fcrel geleneklerini devam ettirilece\u011fi mekanlar\u0131n sa\u011flanmas\u0131.<\/p>\n<p style=\"text-align: justify;\">UTMK Ba\u015fkan\u0131 Prof. Dr. \u00d6cal O\u011fuz ve UTMK Ba\u015fkan Vekili B\u00fcy\u00fckel\u00e7i G\u00fcrcan T\u00fcrko\u011flu koordinasyonundaki toplant\u0131ya; Somut K\u00fclt\u00fcrel Miras \u0130htisas Komitesi, Somut Olmayan K\u00fclt\u00fcrel Miras \u0130htisas Komitesi, MOST ve K\u00fclt\u00fcrleraras\u0131 Diyalog \u0130htisas Komitesi, Yerlerinden Edilmi\u015f K\u00fclt\u00fcr Varl\u0131klar\u0131 \u0130htisas Komitesi, D\u0131\u015fi\u015fleri Bakanl\u0131\u011f\u0131, K\u00fclt\u00fcr ve Turizm Bakanl\u0131\u011f\u0131 K\u00fclt\u00fcr Varl\u0131klar\u0131 ve M\u00fczeler Genel M\u00fcd\u00fcrl\u00fc\u011f\u00fc, K\u00fct\u00fcphaneler ve Yay\u0131mlar Genel M\u00fcd\u00fcrl\u00fc\u011f\u00fc, ICOMOS T\u00fcrkiye, ICOM T\u00fcrkiye, K\u00fct\u00fcphaneciler Derne\u011fi ve Somut Olmayan K\u00fclt\u00fcrel Miras Enstit\u00fcs\u00fc temsilcileri kat\u0131ld\u0131.<\/p>\n<p style=\"text-align: justify;\">Kaynak:\u00a0http:\/\/www.meb.gov.tr<\/p>\n","protected":false},"excerpt":{"rendered":"<p>T\u00fcrk K\u00fct\u00fcphaneciler Derne\u011fi&#8217;nin de kat\u0131l\u0131mc\u0131s\u0131 oldu\u011fu UNESCO T\u00fcrkiye Mill\u00ee Komisyonu Bakan Avc\u0131\u2019ya bilgi sundu. T\u00fcrk K\u00fct\u00fcphaneciler Derne\u011fi Genel Ba\u015fkan\u0131 Ali Fuat Kartal ve T\u00fcrk K\u00fct\u00fcphaneciler Derne\u011fi Genel Ba\u015fkan Yard\u0131mc\u0131s\u0131 Prof. Dr. Mehmet Emin K\u00fc\u00e7\u00fck&#8217;\u00fcn de kat\u0131ld\u0131\u011f\u0131 UNESCO T\u00fcrkiye Mill\u00ee Komisyonu,<\/p>\n","protected":false},"author":129,"featured_media":0,"comment_status":"open","ping_status":"open","sticky":false,"template":"","format":"standard","meta":{"footnotes":""},"categories":[1,727],"tags":[151,61],"class_list":["post-16682","post","type-post","status-publish","format-standard","hentry","category-genel","category-kulturel-miras-2","tag-europeana-library","tag-kulturel-miras"],"_links":{"self":[{"href":"https:\/\/www.bbyhaber.com\/bby\/wp-json\/wp\/v2\/posts\/16682"}],"collection":[{"href":"https:\/\/www.bbyhaber.com\/bby\/wp-json\/wp\/v2\/posts"}],"about":[{"href":"https:\/\/www.bbyhaber.com\/bby\/wp-json\/wp\/v2\/types\/post"}],"author":[{"embeddable":true,"href":"https:\/\/www.bbyhaber.com\/bby\/wp-json\/wp\/v2\/users\/129"}],"replies":[{"embeddable":true,"href":"https:\/\/www.bbyhaber.com\/bby\/wp-json\/wp\/v2\/comments?post=16682"}],"version-history":[{"count":0,"href":"https:\/\/www.bbyhaber.com\/bby\/wp-json\/wp\/v2\/posts\/16682\/revisions"}],"wp:attachment":[{"href":"https:\/\/www.bbyhaber.com\/bby\/wp-json\/wp\/v2\/media?parent=16682"}],"wp:term":[{"taxonomy":"category","embeddable":true,"href":"https:\/\/www.bbyhaber.com\/bby\/wp-json\/wp\/v2\/categories?post=16682"},{"taxonomy":"post_tag","embeddable":true,"href":"https:\/\/www.bbyhaber.com\/bby\/wp-json\/wp\/v2\/tags?post=16682"}],"curies":[{"name":"wp","href":"https:\/\/api.w.org\/{rel}","templated":true}]}}