{"id":16678,"date":"2015-04-29T00:36:39","date_gmt":"2015-04-28T21:36:39","guid":{"rendered":"http:\/\/www.bbyhaber.com\/bby\/?p=16678"},"modified":"2015-04-29T10:08:01","modified_gmt":"2015-04-29T07:08:01","slug":"can-belediyesi-dijital-kutuphane-ve-can-halk-kutuphanesi-acildi","status":"publish","type":"post","link":"https:\/\/www.bbyhaber.com\/bby\/2015\/04\/29\/can-belediyesi-dijital-kutuphane-ve-can-halk-kutuphanesi-acildi","title":{"rendered":"\u00c7an Belediyesi Dijital K\u00fct\u00fcphane ve \u00c7an Halk K\u00fct\u00fcphanesi A\u00e7\u0131ld\u0131"},"content":{"rendered":"<p style=\"text-align: justify;\"><img loading=\"lazy\" decoding=\"async\" class=\"alignleft\" src=\"http:\/\/www.bbyhaber.com\/bby\/wp-content\/uploads\/2015\/04\/can-belediyesi-dijital-kutuphanesi-acildi.jpg\" alt=\"\u00c7an Belediyesi Dijital K\u00fct\u00fcphanesi A\u00e7\u0131ld\u0131\" width=\"300\" height=\"150\" \/>Atat\u00fcrk \u015eehir Meydan\u0131&#8217;nda, \u00c7an Belediyesi Dijital K\u00fct\u00fcphane ve \u00c7an Halk K\u00fct\u00fcphanesinin a\u00e7\u0131l\u0131\u015f\u0131 ger\u00e7ekle\u015ftirildi.\u00a0\u00c7anl\u0131lar, dijital k\u00fct\u00fcphanede 1000, halk k\u00fct\u00fcphanesinde 10 bin kitaba rahatl\u0131kla ula\u015fabilecek. A\u00e7\u0131l\u0131\u015f t\u00f6reninde konu\u015fma yapan \u0130l K\u00fclt\u00fcr ve Turizm M\u00fcd\u00fcr\u00fc Kemal Dokuz, yer tahsisi ve ola\u011fan\u00fcst\u00fc katk\u0131lar\u0131 i\u00e7in \u00c7an Belediye Ba\u015fkan\u0131 Dr. Abdurrahman Kuzu&#8217;ya te\u015fekk\u00fcr etti.<!--more--> Belediye Ba\u015fkan\u0131 Dr. Abdurrahman Kuzu, &#8220;\u0130l\u00e7elerin geli\u015fmi\u015flik d\u00fczeyine bak\u0131l\u0131rken ilk k\u0131stas, t\u00fcketilen ka\u011f\u0131t miktar\u0131, okunan kitap miktar\u0131d\u0131r. Son y\u0131llarda \u00fclkemizde yap\u0131lan hamlelerle hem okumada hem de okunan kitap say\u0131s\u0131nda ciddi art\u0131\u015flar var. Biz de b\u00f6ylesi \u00f6nemli bir konuda \u00c7an Belediyesi olarak duyars\u0131z kalamazd\u0131k. Ba\u015fta Say\u0131n Kaymakam\u0131m\u0131z\u0131n \u00f6nc\u00fcl\u00fc\u011f\u00fcnde il\u00e7e k\u00fct\u00fcphanemizin buraya ta\u015f\u0131nmas\u0131yla beraber biz de dijital k\u00fct\u00fcphanemizi kurduk.<\/p>\n<p style=\"text-align: justify;\">Dijital k\u00fct\u00fcphane sayesinde, ipadlerin i\u00e7erisinde y\u00fckl\u00fc olan 1.000 adet kitaba ve i\u00e7erisinde yer alan t\u00fcm bilgi ve belgelere ula\u015fabileceksiniz. Bu y\u00fcz y\u0131l\u0131n kitab\u0131 da bu de\u011ferli konuklar ve bu \u00c7an&#8217;da da var art\u0131k. \u015eunu da ifade etmem gerekir ki h\u00fck\u00fcmetimizin milli e\u011fitime ay\u0131rd\u0131\u011f\u0131 pay, savunmadan daha fazlad\u0131r ve bu \u00f6nemli bir \u00f6l\u00e7\u00fctt\u00fcr. Bundan da anla\u015f\u0131l\u0131yor ki bilgiye, kitaba, e\u011fitime, \u00f6\u011fretime verilen de\u011fer ortada. Dolay\u0131s\u0131yla, bizler yerel y\u00f6netim olarak elimizden geleni, gayreti, \u00f6zeni g\u00f6steriyoruz. K\u00fclt\u00fcr M\u00fcd\u00fcr\u00fcm\u00fcz\u00fcn de bahsetti\u011fi gibi k\u00fct\u00fcphanemizde 10.000 kitap ayr\u0131ca ipadlerimizin i\u00e7erisinde de 1.000 adet y\u00fckl\u00fc kitap bulunmakta. \u015eunu da \u00e7ok iyi biliyoruz ki, mevcut binan\u0131n \u00f6ncesiyle \u015fu an\u0131 aras\u0131nda da ciddi bir fark var. Bu da \u00f6\u011frencilere, e\u011fitime, \u00c7anl\u0131lara verilen \u00f6nemi g\u00f6stermektedir&#8221; dedi.<\/p>\n<p style=\"text-align: justify;\">Kaynak:\u00a0http:\/\/www.haberler.com<\/p>\n","protected":false},"excerpt":{"rendered":"<p>Atat\u00fcrk \u015eehir Meydan\u0131&#8217;nda, \u00c7an Belediyesi Dijital K\u00fct\u00fcphane ve \u00c7an Halk K\u00fct\u00fcphanesinin a\u00e7\u0131l\u0131\u015f\u0131 ger\u00e7ekle\u015ftirildi.\u00a0\u00c7anl\u0131lar, dijital k\u00fct\u00fcphanede 1000, halk k\u00fct\u00fcphanesinde 10 bin kitaba rahatl\u0131kla ula\u015fabilecek. A\u00e7\u0131l\u0131\u015f t\u00f6reninde konu\u015fma yapan \u0130l K\u00fclt\u00fcr ve Turizm M\u00fcd\u00fcr\u00fc Kemal Dokuz, yer tahsisi ve ola\u011fan\u00fcst\u00fc katk\u0131lar\u0131 i\u00e7in \u00c7an Belediye Ba\u015fkan\u0131 Dr. Abdurrahman Kuzu&#8217;ya te\u015fekk\u00fcr etti.<\/p>\n","protected":false},"author":129,"featured_media":0,"comment_status":"open","ping_status":"open","sticky":false,"template":"","format":"standard","meta":{"footnotes":""},"categories":[1],"tags":[857],"class_list":["post-16678","post","type-post","status-publish","format-standard","hentry","category-genel","tag-dijital-kutuphaneler"],"_links":{"self":[{"href":"https:\/\/www.bbyhaber.com\/bby\/wp-json\/wp\/v2\/posts\/16678"}],"collection":[{"href":"https:\/\/www.bbyhaber.com\/bby\/wp-json\/wp\/v2\/posts"}],"about":[{"href":"https:\/\/www.bbyhaber.com\/bby\/wp-json\/wp\/v2\/types\/post"}],"author":[{"embeddable":true,"href":"https:\/\/www.bbyhaber.com\/bby\/wp-json\/wp\/v2\/users\/129"}],"replies":[{"embeddable":true,"href":"https:\/\/www.bbyhaber.com\/bby\/wp-json\/wp\/v2\/comments?post=16678"}],"version-history":[{"count":0,"href":"https:\/\/www.bbyhaber.com\/bby\/wp-json\/wp\/v2\/posts\/16678\/revisions"}],"wp:attachment":[{"href":"https:\/\/www.bbyhaber.com\/bby\/wp-json\/wp\/v2\/media?parent=16678"}],"wp:term":[{"taxonomy":"category","embeddable":true,"href":"https:\/\/www.bbyhaber.com\/bby\/wp-json\/wp\/v2\/categories?post=16678"},{"taxonomy":"post_tag","embeddable":true,"href":"https:\/\/www.bbyhaber.com\/bby\/wp-json\/wp\/v2\/tags?post=16678"}],"curies":[{"name":"wp","href":"https:\/\/api.w.org\/{rel}","templated":true}]}}