{"id":16674,"date":"2015-04-28T12:55:56","date_gmt":"2015-04-28T09:55:56","guid":{"rendered":"http:\/\/www.bbyhaber.com\/bby\/?p=16674"},"modified":"2015-04-28T12:55:56","modified_gmt":"2015-04-28T09:55:56","slug":"tkd-eskisehir-subesi-kuruldu","status":"publish","type":"post","link":"https:\/\/www.bbyhaber.com\/bby\/2015\/04\/28\/tkd-eskisehir-subesi-kuruldu","title":{"rendered":"TKD Eski\u015fehir \u015eubesi kuruldu"},"content":{"rendered":"<p style=\"text-align: justify;\"><img loading=\"lazy\" decoding=\"async\" class=\"alignleft\" src=\"http:\/\/www.bbyhaber.com\/bby\/wp-content\/uploads\/2015\/04\/tkdeskisehir.jpg\" alt=\"\" width=\"213\" height=\"118\" \/>Mehmet Akkaya, \u015eebnem Da\u011faslan, \u00d6zlem Tepe, Aylin Tekin, Semra Mercan Bozdo\u011fan ve Ha\u015fim Bozdo\u011fan&#8217;\u0131n kurucu \u00fcyesi oldu\u011fu T\u00fcrk K\u00fct\u00fcphaneciler Derne\u011fi (TKD) Eski\u015fehir \u015eubesi \u00e7al\u0131\u015fmalar\u0131na ba\u015flad\u0131. Kurucu y\u00f6netime Ha\u015fim Bozdo\u011fan ba\u015fkanl\u0131k ediyor. TKD Eski\u015fehir \u015eubesi \u00fcye kay\u0131tlar\u0131na ba\u015flad\u0131. \u00c7ok k\u0131sa bir s\u00fcrede genel kurul yaparak se\u00e7ilmi\u015f kurullar belirlenecek.<!--more--><\/p>\n<p><em>T\u00fcrk K\u00fct\u00fcphaneciler Derne\u011fi Genel Merkezi<\/em><\/p>\n","protected":false},"excerpt":{"rendered":"<p>Mehmet Akkaya, \u015eebnem Da\u011faslan, \u00d6zlem Tepe, Aylin Tekin, Semra Mercan Bozdo\u011fan ve Ha\u015fim Bozdo\u011fan&#8217;\u0131n kurucu \u00fcyesi oldu\u011fu T\u00fcrk K\u00fct\u00fcphaneciler Derne\u011fi (TKD) Eski\u015fehir \u015eubesi \u00e7al\u0131\u015fmalar\u0131na ba\u015flad\u0131. Kurucu y\u00f6netime Ha\u015fim Bozdo\u011fan ba\u015fkanl\u0131k ediyor. TKD Eski\u015fehir \u015eubesi \u00fcye kay\u0131tlar\u0131na ba\u015flad\u0131. \u00c7ok k\u0131sa bir s\u00fcrede genel kurul yaparak se\u00e7ilmi\u015f kurullar belirlenecek.<\/p>\n","protected":false},"author":1,"featured_media":0,"comment_status":"open","ping_status":"open","sticky":false,"template":"","format":"standard","meta":{"footnotes":""},"categories":[1],"tags":[1429],"class_list":["post-16674","post","type-post","status-publish","format-standard","hentry","category-genel","tag-tkd-eskisehir"],"_links":{"self":[{"href":"https:\/\/www.bbyhaber.com\/bby\/wp-json\/wp\/v2\/posts\/16674"}],"collection":[{"href":"https:\/\/www.bbyhaber.com\/bby\/wp-json\/wp\/v2\/posts"}],"about":[{"href":"https:\/\/www.bbyhaber.com\/bby\/wp-json\/wp\/v2\/types\/post"}],"author":[{"embeddable":true,"href":"https:\/\/www.bbyhaber.com\/bby\/wp-json\/wp\/v2\/users\/1"}],"replies":[{"embeddable":true,"href":"https:\/\/www.bbyhaber.com\/bby\/wp-json\/wp\/v2\/comments?post=16674"}],"version-history":[{"count":0,"href":"https:\/\/www.bbyhaber.com\/bby\/wp-json\/wp\/v2\/posts\/16674\/revisions"}],"wp:attachment":[{"href":"https:\/\/www.bbyhaber.com\/bby\/wp-json\/wp\/v2\/media?parent=16674"}],"wp:term":[{"taxonomy":"category","embeddable":true,"href":"https:\/\/www.bbyhaber.com\/bby\/wp-json\/wp\/v2\/categories?post=16674"},{"taxonomy":"post_tag","embeddable":true,"href":"https:\/\/www.bbyhaber.com\/bby\/wp-json\/wp\/v2\/tags?post=16674"}],"curies":[{"name":"wp","href":"https:\/\/api.w.org\/{rel}","templated":true}]}}