{"id":1667,"date":"2007-10-17T20:12:40","date_gmt":"2007-10-17T20:12:40","guid":{"rendered":"http:\/\/www.bbyhaber.com\/bby\/?p=1667"},"modified":"2012-03-29T16:21:10","modified_gmt":"2012-03-29T16:21:10","slug":"gorme-engellilerin-bilgi-savasi","status":"publish","type":"post","link":"https:\/\/www.bbyhaber.com\/bby\/2007\/10\/17\/gorme-engellilerin-bilgi-savasi","title":{"rendered":"G\u00f6rme engellilerin bilgi sava\u015f\u0131"},"content":{"rendered":"<p style=\"text-align: justify;\">Alt\u0131 Nokta K\u00f6rlere Hizmet Vakf\u0131 Ba\u015fkan\u0131 Turhan \u0130\u00e7li, g\u00f6rme engellilerin bilgiye ula\u015fmada kar\u015f\u0131la\u015ft\u0131klar\u0131 sorunlar\u0131n giderilmesi gerekti\u011fini s\u00f6yledi. \u0130\u00e7li, Milli K\u00fct\u00fcphane&#8217;de toplanan 1. Ulusal K\u00f6rler ve K\u00fct\u00fcphanecilik Sempozyumu&#8217;nda yapt\u0131\u011f\u0131 konu\u015fmada, g\u00f6rme engellilerin e\u011fitimlerini tamamlayabilmeleri, meslek sahibi olabilmeleri ve \u00fcretken bir \u015fekilde ya\u015famlar\u0131n\u0131 s\u00fcrd\u00fcrebilmelerinin bilgiye ula\u015fmalar\u0131 yoluyla m\u00fcmk\u00fcn oldu\u011funu bildirdi, bunun i\u00e7in k\u00fct\u00fcphanelerin g\u00f6rme engellilerin yararlanaca\u011f\u0131 bi\u00e7imde teknik donan\u0131ma sahip olmalar\u0131 gerekti\u011fini s\u00f6yledi.<!--more--><\/p>\n<p style=\"text-align: justify;\">G\u00f6rme engellilerin en b\u00fcy\u00fck desteklerinin bastonlar\u0131 ve bilgileri oldu\u011funu ifade eden \u0130\u00e7li, k\u00fct\u00fcphanelerde Braille alfabesiyle yaz\u0131lm\u0131\u015f kitaplar ile sesli kitaplar\u0131n art\u0131r\u0131lmas\u0131n\u0131n \u00f6nemini vurgulad\u0131. \u00dcniversite ve Ara\u015ft\u0131rma K\u00fct\u00fcphanecileri Derne\u011fi Genel Ba\u015fkan\u0131 Ayta\u00e7 Y\u0131ld\u0131zeli ise, &#8220;K\u00fct\u00fcphaneleri g\u00f6rme engellilerin ihtiyac\u0131na yan\u0131t verecek \u015fekilde d\u00fczenlemek hepimizin g\u00f6revi olmal\u0131d\u0131r&#8221; dedi.<\/p>\n<p style=\"text-align: justify;\">Milli K\u00fct\u00fcphane, 1955 y\u0131l\u0131ndan bu yana Braille alfabesiyle yaz\u0131lm\u0131\u015f ders kitaplar\u0131yla, bin 500 sesli kitapla g\u00f6rme engellilere hizmet veriyor. K\u00fct\u00fcphanede \u015fu an 40&#8217;a yak\u0131n g\u00f6n\u00fcll\u00fc okuyucu da kay\u0131t st\u00fcdyosunda g\u00f6rme engelliler i\u00e7in kaset dolduruyor. Ancak di\u011fer k\u00fct\u00fcphanelerin g\u00f6rme engellilere hizmet a\u00e7\u0131s\u0131ndan Milli K\u00fct\u00fcphane gibi olmamas\u0131 g\u00f6rme engellilerin bilgiye ula\u015f\u0131m\u0131n\u0131 zorla\u015ft\u0131r\u0131yor.<\/p>\n<p style=\"text-align: justify;\">Kaynak: http:\/\/www.haberlink.com\/<\/p>\n","protected":false},"excerpt":{"rendered":"<p>Alt\u0131 Nokta K\u00f6rlere Hizmet Vakf\u0131 Ba\u015fkan\u0131 Turhan \u0130\u00e7li, g\u00f6rme engellilerin bilgiye ula\u015fmada kar\u015f\u0131la\u015ft\u0131klar\u0131 sorunlar\u0131n giderilmesi gerekti\u011fini s\u00f6yledi. \u0130\u00e7li, Milli K\u00fct\u00fcphane&#8217;de toplanan 1. Ulusal K\u00f6rler ve K\u00fct\u00fcphanecilik Sempozyumu&#8217;nda yapt\u0131\u011f\u0131 konu\u015fmada, g\u00f6rme engellilerin e\u011fitimlerini tamamlayabilmeleri, meslek sahibi olabilmeleri ve \u00fcretken bir \u015fekilde ya\u015famlar\u0131n\u0131 s\u00fcrd\u00fcrebilmelerinin bilgiye ula\u015fmalar\u0131 yoluyla m\u00fcmk\u00fcn oldu\u011funu bildirdi, bunun i\u00e7in k\u00fct\u00fcphanelerin g\u00f6rme engellilerin yararlanaca\u011f\u0131 bi\u00e7imde [&hellip;]<\/p>\n","protected":false},"author":1,"featured_media":0,"comment_status":"open","ping_status":"open","sticky":false,"template":"","format":"standard","meta":{"footnotes":""},"categories":[1,1487,1503],"tags":[],"class_list":["post-1667","post","type-post","status-publish","format-standard","hentry","category-genel","category-gorme-engelli-kutuphane","category-sesli-kutuphane"],"_links":{"self":[{"href":"https:\/\/www.bbyhaber.com\/bby\/wp-json\/wp\/v2\/posts\/1667"}],"collection":[{"href":"https:\/\/www.bbyhaber.com\/bby\/wp-json\/wp\/v2\/posts"}],"about":[{"href":"https:\/\/www.bbyhaber.com\/bby\/wp-json\/wp\/v2\/types\/post"}],"author":[{"embeddable":true,"href":"https:\/\/www.bbyhaber.com\/bby\/wp-json\/wp\/v2\/users\/1"}],"replies":[{"embeddable":true,"href":"https:\/\/www.bbyhaber.com\/bby\/wp-json\/wp\/v2\/comments?post=1667"}],"version-history":[{"count":0,"href":"https:\/\/www.bbyhaber.com\/bby\/wp-json\/wp\/v2\/posts\/1667\/revisions"}],"wp:attachment":[{"href":"https:\/\/www.bbyhaber.com\/bby\/wp-json\/wp\/v2\/media?parent=1667"}],"wp:term":[{"taxonomy":"category","embeddable":true,"href":"https:\/\/www.bbyhaber.com\/bby\/wp-json\/wp\/v2\/categories?post=1667"},{"taxonomy":"post_tag","embeddable":true,"href":"https:\/\/www.bbyhaber.com\/bby\/wp-json\/wp\/v2\/tags?post=1667"}],"curies":[{"name":"wp","href":"https:\/\/api.w.org\/{rel}","templated":true}]}}