{"id":1665,"date":"2007-11-09T20:11:55","date_gmt":"2007-11-09T20:11:55","guid":{"rendered":"http:\/\/www.bbyhaber.com\/bby\/?p=1665"},"modified":"2011-12-11T20:12:31","modified_gmt":"2011-12-11T20:12:31","slug":"yozlasmaya-karsi-kutuphane-kurdular","status":"publish","type":"post","link":"https:\/\/www.bbyhaber.com\/bby\/2007\/11\/09\/yozlasmaya-karsi-kutuphane-kurdular","title":{"rendered":"Yozla\u015fmaya kar\u015f\u0131 k\u00fct\u00fcphane kurdular"},"content":{"rendered":"<p>Murat Altun\u00f6z<br \/>\nHatay\u2019da, Sosyal Yard\u0131mla\u015fma ve Dayan\u0131\u015fma Derne\u011fi, yozla\u015fmaya kar\u015f\u0131 k\u00fct\u00fcphane kurdu. Hatay merkeze ba\u011fl\u0131 Sinanl\u0131 K\u00f6y\u00fc Sosyal Yard\u0131mla\u015fma ve Dayan\u0131\u015fma Derne\u011fi, k\u00f6y gen\u00e7lerinin yozla\u015fmadan ve k\u00f6t\u00fc al\u0131\u015fkanl\u0131klardan uzak durmas\u0131 i\u00e7in k\u00fct\u00fcphane kurdu. Bir hafta i\u00e7erisinde faaliyete ge\u00e7ecek k\u00fct\u00fcphanenin kitaplar\u0131n\u0131 da k\u00f6y halk\u0131 temin etti. 2005 y\u0131l\u0131nda kurulan Sinanl\u0131 Sosyal Yard\u0131mla\u015fma ve Dayan\u0131\u015fma Derne\u011fi, \u00f6zellikle son y\u0131llarda T\u00fcrkiye\u2019de ya\u015fanan k\u00fclt\u00fcrel yozla\u015fmaya kar\u015f\u0131, k\u00f6yde kurduklar\u0131 k\u00fct\u00fcphane ile gen\u00e7leri k\u00f6t\u00fc al\u0131\u015fkanl\u0131klardan uzak tutmay\u0131 hedefliyor.<\/p>\n<p>\u2018\u00d6rg\u00fct fobisini dernek arac\u0131l\u0131\u011f\u0131yla k\u0131rd\u0131k\u2019<br \/>\n100 \u00fcyesi bulunan Sinanl\u0131 Sosyal Yard\u0131mla\u015fma ve Dayan\u0131\u015fma Derne\u011fi\u2019nin Ba\u015fkan\u0131 Tayfur \u00d6zg\u00fcn, temel ama\u00e7lar\u0131n\u0131n gen\u00e7leri k\u00f6t\u00fc al\u0131\u015fkanl\u0131klardan ar\u0131nd\u0131rmak ve sosyal ya\u015fama katmak oldu\u011funu s\u00f6yledi. Toplumda \u00f6rg\u00fctl\u00fcl\u00fc\u011fe kar\u015f\u0131 olu\u015fan fobiyi de dernek arac\u0131l\u0131\u011f\u0131yla k\u0131rd\u0131klar\u0131n\u0131 belirten \u00d6zg\u00fcn, \u201c\u0130nsanlar dernekleri hep k\u00f6t\u00fc ama\u00e7lar i\u00e7in bug\u00fcne kadar kullanm\u0131\u015flar. Y\u00f6re dernekleri, ka\u011f\u0131t, okey, kumar gibi gen\u00e7lerimizi k\u00f6t\u00fc al\u0131\u015fkanl\u0131klara g\u00f6t\u00fcrecek i\u015flerde kullan\u0131l\u0131yor\u201d dedi. Bu nedenle derne\u011fi ilk kurduklar\u0131 zaman halk\u0131n ku\u015fkuyla yakla\u015ft\u0131\u011f\u0131n\u0131 kaydeden \u00d6zg\u00fcn, daha sonra yapt\u0131klar\u0131 \u00e7al\u0131\u015fmalarla bu \u00f6nyarg\u0131y\u0131 k\u0131rd\u0131klar\u0131n\u0131 vurgulad\u0131. \u00d6zg\u00fcn, \u201cFutbol m\u00fcsabakalar\u0131, konserler ve sosyal etkinlikler d\u00fczenledik. \u0130\u015fte o zaman k\u00f6ydeki vatanda\u015flar\u0131m\u0131z \u2018He i\u015fte bunlar iyi i\u015f yap\u0131yor\u2019 diyerek derne\u011fimize gelmeye ba\u015flad\u0131\u201d diye konu\u015ftu.<\/p>\n<p>\u2018Gen\u00e7ler kitaplarla yozla\u015fmadan kurtulacak\u2019<br \/>\nTelevizyondan gen\u00e7lerin k\u00f6t\u00fc al\u0131\u015fkanl\u0131klar edindi\u011fine i\u015faret eden \u00d6zg\u00fcn, bunun \u00f6n\u00fcne ge\u00e7mek i\u00e7in k\u00f6yde bir k\u00fct\u00fcphane kurduklar\u0131n\u0131 anlatt\u0131. K\u00fct\u00fcphane i\u00e7in k\u00f6y halk\u0131ndan ve k\u00f6ydeki \u00f6\u011frencilerden kitap toplad\u0131klar\u0131n\u0131 belirten \u00d6zg\u00fcn, \u015f\u00f6yle konu\u015ftu; \u201cMaalesef k\u00f6y\u00fcm\u00fczde de g\u00f6r\u00fcyoruz. Gen\u00e7ler \u00e7ok k\u00f6t\u00fc al\u0131\u015fkanl\u0131klar ediniyor. K\u00f6t\u00fc ortamlara gidip geliyorlar. Biz g\u00fcnl\u00fck gazetesi, iyi bir m\u00fczik dinleme yeri ve en \u00f6nemlisi okuma k\u00fclt\u00fcr\u00fcn\u00fc geni\u015fletecek bir k\u00fct\u00fcphane kurduk.\u201d Bir hafta i\u00e7erisinde faaliyete girecek olan k\u00fct\u00fcphanenin gen\u00e7lere \u00e7ok \u015fey kazand\u0131raca\u011f\u0131na inand\u0131\u011f\u0131n\u0131 ifade eden \u00d6zg\u00fcn; \u201cGen\u00e7ler burada ya\u015fama daha farkl\u0131 bir \u015fekilde sar\u0131lacak\u201d dedi.<\/p>\n<p>\u2018K\u00f6y\u00fcm\u00fcz\u00fcn sorunlar\u0131na kendimiz sahip \u00e7\u0131k\u0131yoruz\u2019<br \/>\nHatay\u2019da kurulan dernekler platformuna da \u00fcye olduklar\u0131n\u0131 aktaran \u00d6zg\u00fcn, derne\u011fin ileriki s\u00fcre\u00e7lerde daha faydal\u0131 olabilece\u011fini de ifade ederek s\u00f6zlerini \u015f\u00f6yle s\u00fcrd\u00fcrd\u00fc: \u201cDerne\u011fimiz, e\u011fitim anlam\u0131nda da gen\u00e7lere burs sa\u011flamaya \u00e7al\u0131\u015f\u0131yor. Dernek olarak k\u00fclt\u00fcrel etkinlikler d\u0131\u015f\u0131nda \u00f6zellikle k\u00f6y\u00fcm\u00fcz\u00fcn kanayan yaras\u0131 haline gelen \u00e7\u00f6p sorununa bir \u00e7\u00f6z\u00fcm i\u00e7in \u00e7al\u0131\u015fmalar yap\u0131yoruz. Derne\u011fimiz halk\u0131n derne\u011fidir. Sorunlar\u0131 \u00e7\u00f6zmek, var olan sorunlar\u0131 yerinde incelemek, gen\u00e7lere sahip \u00e7\u0131kmak i\u00e7in hep birlikte derne\u011fimize sahip \u00e7\u0131kmal\u0131y\u0131z.\u201d<\/p>\n<p>Kaynak: http:\/\/www.evrensel.net\/<\/p>\n","protected":false},"excerpt":{"rendered":"<p>Murat Altun\u00f6z Hatay\u2019da, Sosyal Yard\u0131mla\u015fma ve Dayan\u0131\u015fma Derne\u011fi, yozla\u015fmaya kar\u015f\u0131 k\u00fct\u00fcphane kurdu. Hatay merkeze ba\u011fl\u0131 Sinanl\u0131 K\u00f6y\u00fc Sosyal Yard\u0131mla\u015fma ve Dayan\u0131\u015fma Derne\u011fi, k\u00f6y gen\u00e7lerinin yozla\u015fmadan ve k\u00f6t\u00fc al\u0131\u015fkanl\u0131klardan uzak durmas\u0131 i\u00e7in k\u00fct\u00fcphane kurdu. Bir hafta i\u00e7erisinde faaliyete ge\u00e7ecek k\u00fct\u00fcphanenin kitaplar\u0131n\u0131 da k\u00f6y halk\u0131 temin etti. 2005 y\u0131l\u0131nda kurulan Sinanl\u0131 Sosyal Yard\u0131mla\u015fma ve Dayan\u0131\u015fma Derne\u011fi, \u00f6zellikle [&hellip;]<\/p>\n","protected":false},"author":1,"featured_media":0,"comment_status":"open","ping_status":"open","sticky":false,"template":"","format":"standard","meta":{"footnotes":""},"categories":[1],"tags":[],"class_list":["post-1665","post","type-post","status-publish","format-standard","hentry","category-genel"],"_links":{"self":[{"href":"https:\/\/www.bbyhaber.com\/bby\/wp-json\/wp\/v2\/posts\/1665"}],"collection":[{"href":"https:\/\/www.bbyhaber.com\/bby\/wp-json\/wp\/v2\/posts"}],"about":[{"href":"https:\/\/www.bbyhaber.com\/bby\/wp-json\/wp\/v2\/types\/post"}],"author":[{"embeddable":true,"href":"https:\/\/www.bbyhaber.com\/bby\/wp-json\/wp\/v2\/users\/1"}],"replies":[{"embeddable":true,"href":"https:\/\/www.bbyhaber.com\/bby\/wp-json\/wp\/v2\/comments?post=1665"}],"version-history":[{"count":0,"href":"https:\/\/www.bbyhaber.com\/bby\/wp-json\/wp\/v2\/posts\/1665\/revisions"}],"wp:attachment":[{"href":"https:\/\/www.bbyhaber.com\/bby\/wp-json\/wp\/v2\/media?parent=1665"}],"wp:term":[{"taxonomy":"category","embeddable":true,"href":"https:\/\/www.bbyhaber.com\/bby\/wp-json\/wp\/v2\/categories?post=1665"},{"taxonomy":"post_tag","embeddable":true,"href":"https:\/\/www.bbyhaber.com\/bby\/wp-json\/wp\/v2\/tags?post=1665"}],"curies":[{"name":"wp","href":"https:\/\/api.w.org\/{rel}","templated":true}]}}