{"id":16649,"date":"2015-04-24T16:09:58","date_gmt":"2015-04-24T13:09:58","guid":{"rendered":"http:\/\/www.bbyhaber.com\/bby\/?p=16649"},"modified":"2015-04-24T16:16:29","modified_gmt":"2015-04-24T13:16:29","slug":"tapu-arsiv-memuru-alacak-mi-sorusuna-verilen-cevap","status":"publish","type":"post","link":"https:\/\/www.bbyhaber.com\/bby\/2015\/04\/24\/tapu-arsiv-memuru-alacak-mi-sorusuna-verilen-cevap","title":{"rendered":"Tapu ar\u015fiv memuru alacak m\u0131? sorusuna verilen cevap!!!"},"content":{"rendered":"<p style=\"text-align: justify;\"><img loading=\"lazy\" decoding=\"async\" class=\"alignleft\" src=\"http:\/\/www.bbyhaber.com\/bby\/wp-content\/uploads\/2015\/02\/tapu-bby.jpg\" alt=\"\" width=\"244\" height=\"135\" \/>2015 Haziran tercih d\u00f6neminde &#8220;ar\u015fiv memuru&#8221; kadrosunun a\u00e7\u0131l\u0131p a\u00e7\u0131lmayaca\u011f\u0131na dair Tapu ve Kadastro Genel M\u00fcd\u00fcrl\u00fc\u011f\u00fc&#8217;ne bilgi edinme yolu ile a\u015fa\u011f\u0131daki soru sorulmu\u015f ve buna istinaden de hemen alt\u0131ndaki cevap g\u00f6nderilmi\u015ftir.<!--more--><\/p>\n<p style=\"text-align: justify;\"><span style=\"color: #ff0000;\"><strong>B\u0130LG\u0130 ED\u0130NME TALEB\u0130-SORUSU:<\/strong><\/span><\/p>\n<p style=\"text-align: justify;\">Devlet Personel Ba\u015fkanl\u0131\u011f\u0131\u2019n\u0131n 21.04.2015 tarihinde yay\u0131nlam\u0131\u015f oldu\u011fu \u201c2015 YILI MERKEZ\u0130 Y\u00d6NET\u0130M B\u00dcT\u00c7E KANUNU GERE\u011e\u0130NCE A\u00c7IKTAN ATAMA VE NAK\u0130L SAYILARININ KAMU \u0130DARE KURUM VE KURULU\u015eLARA DA\u011eILIMI (14\/1\/2015 TAR\u0130HL\u0130 DA\u011eILIMA \u0130LAVE OLARAK YAPILAN 21\/4\/2015 TAR\u0130HL\u0130 DA\u011eILIM L\u0130STES\u0130)\u201d adl\u0131 \u00e7izelge incelendi\u011finde TAPU VE KADASTRO GENEL M\u00dcD\u00dcRL\u00dc\u011e\u00dc\u2019ne toplam 300 kadronun a\u00e7\u0131kland\u0131\u011f\u0131 g\u00f6r\u00fclmektedir.<\/p>\n<p style=\"text-align: justify;\">TAPU VE KADASTRO GENEL M\u00dcD\u00dcRL\u00dc\u011e\u00dc\u2019ne a\u00e7\u0131lan toplam 300 kadronun i\u00e7erisinde \u201cAr\u015fiv Memuru\u201d unvanl\u0131 kadro a\u00e7\u0131lacak m\u0131 ve a\u00e7\u0131lacak ise kurumunuz 2015\u2019in Haziran tercih d\u00f6neminde ka\u00e7 adet \u201cAr\u015fiv Memuru\u201d al\u0131m\u0131 yapacakt\u0131r.<br \/>\nBilgilerini i\u00e7eren konu hakk\u0131nda gere\u011fini arz ederim.<\/p>\n<p><strong><span style=\"color: #0000ff;\">GELEN CEVAP:<\/span><\/strong><\/p>\n<p style=\"text-align: justify;\">Tapu Kadastro Genel M\u00fcd\u00fcrl\u00fc\u011f\u00fc&#8217;nden al\u0131nan Elektronik posta bilgi edinme ba\u015fvurunuz incelenmi\u015ftir. Kurumumuz personel politikas\u0131, kurumumuzca yap\u0131lan hizmetlerin daha etkin, daha h\u0131zl\u0131 ve vatanda\u015f memnuniyeti odakl\u0131 bir \u015fekilde y\u00fcr\u00fct\u00fclmesini sa\u011flamakla beraber, kamu yarar\u0131 ve hizmet gerekleri de g\u00f6zetilerek kurumun gelecek vizyonuna uygun; de\u011fi\u015fime ve geli\u015fime a\u00e7\u0131k, nitelikli personelin istihdam\u0131n\u0131 sa\u011flamakt\u0131r. Kurumumuz yap\u0131lacak hizmetin gere\u011fi olarak KPSS sonucu atama yap\u0131lacak kadro ve pozisyonlar i\u00e7in aranan nitelikler ve bu niteliklerin kodlar\u0131n\u0131 dikkate almak suretiyle \u00f6\u011frenime ili\u015fkin ko\u015fullar\u0131 belirlemekte olup ihtiya\u00e7 duyulan personelin ve niteli\u011finin planlamas\u0131 da buna g\u00f6re yap\u0131lmaktad\u0131r.<\/p>\n<p style=\"text-align: justify;\">Genel M\u00fcd\u00fcrl\u00fc\u011f\u00fcm\u00fcze 2015 y\u0131l\u0131nda KPSS yerle\u015ftirmeleriyle al\u0131nacak personelin nitelik da\u011f\u0131l\u0131m\u0131 \u00d6\u011frenci Se\u00e7me ve Yerle\u015ftirme Merkezi (\u00d6SYM) taraf\u0131ndan web sitesi \u00fczerinde yay\u0131mlanacakt\u0131r.<\/p>\n<p style=\"text-align: justify;\">Bilgilerinizi rica ederim.<\/p>\n","protected":false},"excerpt":{"rendered":"<p>2015 Haziran tercih d\u00f6neminde &#8220;ar\u015fiv memuru&#8221; kadrosunun a\u00e7\u0131l\u0131p a\u00e7\u0131lmayaca\u011f\u0131na dair Tapu ve Kadastro Genel M\u00fcd\u00fcrl\u00fc\u011f\u00fc&#8217;ne bilgi edinme yolu ile a\u015fa\u011f\u0131daki soru sorulmu\u015f ve buna istinaden de hemen alt\u0131ndaki cevap g\u00f6nderilmi\u015ftir.<\/p>\n","protected":false},"author":1,"featured_media":0,"comment_status":"open","ping_status":"open","sticky":false,"template":"","format":"standard","meta":{"footnotes":""},"categories":[1],"tags":[1096,722],"class_list":["post-16649","post","type-post","status-publish","format-standard","hentry","category-genel","tag-arsivcilik","tag-tapu"],"_links":{"self":[{"href":"https:\/\/www.bbyhaber.com\/bby\/wp-json\/wp\/v2\/posts\/16649"}],"collection":[{"href":"https:\/\/www.bbyhaber.com\/bby\/wp-json\/wp\/v2\/posts"}],"about":[{"href":"https:\/\/www.bbyhaber.com\/bby\/wp-json\/wp\/v2\/types\/post"}],"author":[{"embeddable":true,"href":"https:\/\/www.bbyhaber.com\/bby\/wp-json\/wp\/v2\/users\/1"}],"replies":[{"embeddable":true,"href":"https:\/\/www.bbyhaber.com\/bby\/wp-json\/wp\/v2\/comments?post=16649"}],"version-history":[{"count":0,"href":"https:\/\/www.bbyhaber.com\/bby\/wp-json\/wp\/v2\/posts\/16649\/revisions"}],"wp:attachment":[{"href":"https:\/\/www.bbyhaber.com\/bby\/wp-json\/wp\/v2\/media?parent=16649"}],"wp:term":[{"taxonomy":"category","embeddable":true,"href":"https:\/\/www.bbyhaber.com\/bby\/wp-json\/wp\/v2\/categories?post=16649"},{"taxonomy":"post_tag","embeddable":true,"href":"https:\/\/www.bbyhaber.com\/bby\/wp-json\/wp\/v2\/tags?post=16649"}],"curies":[{"name":"wp","href":"https:\/\/api.w.org\/{rel}","templated":true}]}}