{"id":16633,"date":"2015-04-21T00:21:10","date_gmt":"2015-04-20T21:21:10","guid":{"rendered":"http:\/\/www.bbyhaber.com\/bby\/?p=16633"},"modified":"2015-04-21T09:08:54","modified_gmt":"2015-04-21T06:08:54","slug":"cezaevinde-kitap-ve-kutuphane-ile-ilgili-seminer","status":"publish","type":"post","link":"https:\/\/www.bbyhaber.com\/bby\/2015\/04\/21\/cezaevinde-kitap-ve-kutuphane-ile-ilgili-seminer","title":{"rendered":"Cezaevinde, Kitap ve K\u00fct\u00fcphane \u0130le \u0130lgili Seminer"},"content":{"rendered":"<p><img loading=\"lazy\" decoding=\"async\" class=\"alignleft\" src=\"http:\/\/www.bbyhaber.com\/bby\/wp-content\/uploads\/2015\/04\/fft261_mf8640732.jpg\" alt=\"\" width=\"200\" height=\"140\" \/><\/p>\n<p style=\"text-align: justify;\">Ad\u0131yaman Halk K\u00fct\u00fcphanesi M\u00fcd\u00fcr\u00fc Filiz Karabulut taraf\u0131ndan Ad\u0131yaman E Tipi Kapal\u0131 Ceza \u0130nfaz Kurumunda bulunan mahkumlara kitaplar ve k\u00fct\u00fcphanelerle ilgili bilgi semineri d\u00fczenlendi. Ad\u0131yaman E Tipi Kapal\u0131 Ceza \u0130nfaz Kurumunda d\u00fczenlenen bilgi seminerine mahkumlar ve cezaevi g\u00f6revlileri kat\u0131ld\u0131. D\u00fczenlenen bilgi seminerinde bir konu\u015fma ger\u00e7ekle\u015ftiren Ad\u0131yaman Halk K\u00fct\u00fcphanesi M\u00fcd\u00fcr\u00fc Filiz Karabulut,<!--more--> \u201cKitap, insanlar\u0131n hislerini, fikirlerini, ba\u015fkalar\u0131na, uzaktakilere bildirmek, kendilerinden sonra gelenlere ula\u015ft\u0131rabilmek i\u00e7in k\u00e2\u011f\u0131tlara yazmak suretiyle meydana getirilen eserdir. K\u00fct\u00fcphane ise, hizmet verilen topluluklar\u0131n bilgi gereksinimlerini kar\u015f\u0131lamak emeliyle ba\u015fta kitap ve benzeri di\u011fer bilgi kaynaklar\u0131 olmak \u00fczere sa\u011fland\u0131\u011f\u0131, tertip etti\u011fi ve bunlardan maksimum d\u00fczeyde faydan\u0131n sa\u011flanabilmesi i\u00e7in hizmetlerin verildi\u011fi toplumsal kurulu\u015flard\u0131r.<\/p>\n<p style=\"text-align: justify;\">Halk K\u00fct\u00fcphaneleri K\u00fct\u00fcphanelerin \u00e7e\u015fitlili\u011finden birisi olarak; din, dil, ya\u015f, \u0131rk, cinsiyet, milliyet, e\u011fitim, k\u00fclt\u00fcr, sosyo-ekonomik d\u00fczey ve siyasi g\u00f6r\u00fc\u015f fark\u0131 g\u00f6zetmeden has\u0131l\u0131 yediden yetmi\u015fe her kesime, her t\u00fcr k\u00fct\u00fcphaneye ait materyali ve \u00e7e\u015fitli ileti\u015fim yollar\u0131n\u0131 kullanarak k\u00fclt\u00fcr \u00fcr\u00fcnlerini ve bilgiyi insanl\u0131\u011f\u0131n hizmetine \u00fccretsiz sunarak, onlara \u00f6m\u00fcr boyu e\u011fitim ve bo\u015f vakitleri de\u011ferlendirme olana\u011f\u0131 veren e\u011fitimsel etkinlikte ehemmiyetli rol oynayan toplumsal kurulu\u015flard\u0131r.<\/p>\n<p style=\"text-align: justify;\">G\u00fcn\u00fcm\u00fczde T\u00fcrkiye genelinde K\u00fclt\u00fcr ve Turizm Bakanl\u0131\u011f\u0131 b\u00fcnyesinde bu hizmetleri sa\u011flayan bin 118 halk k\u00fct\u00fcphanesi mevcuttur. Buraya kadar do\u011fru da, bu g\u00fcn cezaevlerinde bulunan tutuklu ve h\u00fck\u00fcml\u00fclere bakt\u0131\u011f\u0131m\u0131zda, oradaki insanlar\u0131n pek de cahil olmad\u0131klar\u0131n\u0131 g\u00f6r\u00fcyoruz. 1927 y\u0131l\u0131nda okuma yazma bilenlerin oran\u0131 y\u00fczde 11 iken, bug\u00fcn y\u00fczde 90\u2019lara ula\u015fm\u0131\u015ft\u0131r.<\/p>\n<p style=\"text-align: justify;\">G\u00fcn\u00fcm\u00fczde ilk\u00f6\u011fretim, orta\u00f6\u011fretim, mesleki e\u011fitim veren okullar ve \u00fcniversitelerin say\u0131s\u0131, olduk\u00e7a artm\u0131\u015ft\u0131r. Buna kar\u015f\u0131l\u0131k, 5 Ocak 2015 y\u0131l\u0131nda T\u00fcrkiye\u2019de 355 adet ceza infaz kurumu bulunmaktad\u0131r. Ayn\u0131 tarihli bilgiye g\u00f6re toplam mahkum say\u0131s\u0131 158 bin 537\u2019dir. Bunlardan 22 bin 94\u2019\u00fc, tutuklu, 136 bin 443 tanesi ise, h\u00fck\u00fcml\u00fcd\u00fcr. Zira gerek okuma yazama oran\u0131n\u0131n y\u00fczde y\u00fcz oldu\u011fu \u00fclkelerde, gerekse y\u00fczde doksan olan \u00fclkemizde, su\u00e7 oranlar\u0131 azalmad\u0131\u011f\u0131 gibi artmaya devam ediyor. Sanki okul say\u0131s\u0131 ile hapishane say\u0131s\u0131 paralel olarak art\u0131yor. Hatta e\u011fitim seviyesi y\u00fckseldik\u00e7e, su\u00e7lar\u0131n niteli\u011fi de y\u00fckseliyor. Nitelikli insanlar, daha nitelikli su\u00e7lar i\u015fliyorlar.<\/p>\n<p style=\"text-align: justify;\">\u00d6yle su\u00e7lar i\u015fleniyor ki, o su\u00e7u i\u015fleyebilmek i\u00e7in de bir e\u011fitim almak gerekiyor. Son y\u0131llarda ortaya \u00e7\u0131kan \u201cbili\u015fim su\u00e7lar\u0131\u201d bunun en a\u00e7\u0131k \u00f6rne\u011fidir. \u0130nsan\u0131n sadece akl\u0131n\u0131 e\u011fitmek yeterli olmaz, bunun yan\u0131nda kalbini ve vicdan\u0131n\u0131 da e\u011fitmek gerekir. Onun i\u00e7in e\u011fitim al\u0131rken fen ilimleri yan\u0131nda vicdan\u0131 sorumluluklar\u0131 \u00f6\u011fretir ilimlere de ihtiya\u00e7 duyulur. Do\u011fru kaynaklara ula\u015fmada k\u00fct\u00fcphaneler, \u00f6zel inceleme komisyonlar\u0131ndan ge\u00e7en sa\u011fl\u0131kl\u0131 kitaplar\u0131n tedarik edildi\u011fi kurumlard\u0131r. Bu yolla kitaba ula\u015f\u0131ld\u0131\u011f\u0131nda do\u011fru bilgiler edinebildi\u011fimizi ak\u0131ldan \u00e7\u0131karmadan her k\u00fct\u00fcphanenin bir hapishane kapatt\u0131\u011f\u0131 ger\u00e7e\u011fini unutmamal\u0131y\u0131z\u201d \u015feklinde konu\u015ftu.<\/p>\n<p style=\"text-align: justify;\">Yap\u0131lan konu\u015fmalar\u0131n ard\u0131ndan M\u00fcd\u00fcr Karabulut, k\u00fct\u00fcphanede bulunan kitaplar ve k\u00fct\u00fcphane hakk\u0131nda bilgiler verdi.<\/p>\n<p style=\"text-align: justify;\">IHA<\/p>\n","protected":false},"excerpt":{"rendered":"<p>Ad\u0131yaman Halk K\u00fct\u00fcphanesi M\u00fcd\u00fcr\u00fc Filiz Karabulut taraf\u0131ndan Ad\u0131yaman E Tipi Kapal\u0131 Ceza \u0130nfaz Kurumunda bulunan mahkumlara kitaplar ve k\u00fct\u00fcphanelerle ilgili bilgi semineri d\u00fczenlendi. Ad\u0131yaman E Tipi Kapal\u0131 Ceza \u0130nfaz Kurumunda d\u00fczenlenen bilgi seminerine mahkumlar ve cezaevi g\u00f6revlileri kat\u0131ld\u0131. D\u00fczenlenen bilgi seminerinde bir konu\u015fma ger\u00e7ekle\u015ftiren Ad\u0131yaman Halk K\u00fct\u00fcphanesi M\u00fcd\u00fcr\u00fc Filiz Karabulut,<\/p>\n","protected":false},"author":129,"featured_media":0,"comment_status":"open","ping_status":"open","sticky":false,"template":"","format":"standard","meta":{"footnotes":""},"categories":[1],"tags":[114],"class_list":["post-16633","post","type-post","status-publish","format-standard","hentry","category-genel","tag-cezaevi-kutuphane"],"_links":{"self":[{"href":"https:\/\/www.bbyhaber.com\/bby\/wp-json\/wp\/v2\/posts\/16633"}],"collection":[{"href":"https:\/\/www.bbyhaber.com\/bby\/wp-json\/wp\/v2\/posts"}],"about":[{"href":"https:\/\/www.bbyhaber.com\/bby\/wp-json\/wp\/v2\/types\/post"}],"author":[{"embeddable":true,"href":"https:\/\/www.bbyhaber.com\/bby\/wp-json\/wp\/v2\/users\/129"}],"replies":[{"embeddable":true,"href":"https:\/\/www.bbyhaber.com\/bby\/wp-json\/wp\/v2\/comments?post=16633"}],"version-history":[{"count":0,"href":"https:\/\/www.bbyhaber.com\/bby\/wp-json\/wp\/v2\/posts\/16633\/revisions"}],"wp:attachment":[{"href":"https:\/\/www.bbyhaber.com\/bby\/wp-json\/wp\/v2\/media?parent=16633"}],"wp:term":[{"taxonomy":"category","embeddable":true,"href":"https:\/\/www.bbyhaber.com\/bby\/wp-json\/wp\/v2\/categories?post=16633"},{"taxonomy":"post_tag","embeddable":true,"href":"https:\/\/www.bbyhaber.com\/bby\/wp-json\/wp\/v2\/tags?post=16633"}],"curies":[{"name":"wp","href":"https:\/\/api.w.org\/{rel}","templated":true}]}}