{"id":1663,"date":"2008-01-21T20:10:09","date_gmt":"2008-01-21T20:10:09","guid":{"rendered":"http:\/\/www.bbyhaber.com\/bby\/?p=1663"},"modified":"2012-04-16T13:58:40","modified_gmt":"2012-04-16T13:58:40","slug":"hurdaya-atilan-merinos-kutuphanesi-son-anda-kurtarildi","status":"publish","type":"post","link":"https:\/\/www.bbyhaber.com\/bby\/2008\/01\/21\/hurdaya-atilan-merinos-kutuphanesi-son-anda-kurtarildi","title":{"rendered":"Hurdaya at\u0131lan Merinos K\u00fct\u00fcphanesi son anda kurtar\u0131ld\u0131."},"content":{"rendered":"<p style=\"text-align: justify;\">Bursa B\u00fcy\u00fck\u015fehir Belediyesi Taraf\u0131ndan Kongre ve K\u00fclt\u00fcr Merkezine D\u00f6n\u00fc\u015ft\u00fcr\u00fclen, T\u00fcrkiye`nin \u0130lk Sanayi Tesislerinden Merinos Fabrikas\u0131`nda 80 Y\u0131lda Olu\u015fturulan 3 Binden Fazla Kitab\u0131n Bulundu\u011fu K\u00fct\u00fcphane, Bursa`da Bir Hurda Deposunda Ortaya \u00c7\u0131kt\u0131. Kitaplar, Bir Sahaf\u0131n Fark Etmesiyle Hammadde Olmaya G\u00f6t\u00fcr\u00fcl\u00fcrken Kurtar\u0131ld\u0131.<!--more--><\/p>\n<p style=\"text-align: justify;\">Bursa B\u00fcy\u00fck\u015fehir Belediyesi taraf\u0131ndan kongre ve k\u00fclt\u00fcr merkezine d\u00f6n\u00fc\u015ft\u00fcr\u00fclen, T\u00fcrkiye`nin ilk sanayi tesislerinden Merinos Fabrikas\u0131`nda 80 y\u0131lda olu\u015fturulan 3 binden fazla kitab\u0131n bulundu\u011fu k\u00fct\u00fcphane, Bursa`da bir hurda deposunda ortaya \u00e7\u0131kt\u0131. Kitaplar, bir sahaf\u0131n fark etmesiyle hammadde olmaya g\u00f6t\u00fcr\u00fcl\u00fcrken kurtar\u0131ld\u0131.<\/p>\n<p style=\"text-align: justify;\">Hurdac\u0131lardan kitap takip ettiren birka\u00e7 sahafa ula\u015fan kitaplar, 1.5 ayl\u0131k s\u00fcrede kap\u0131\u015f\u0131ld\u0131. Aralar\u0131nda bug\u00fcn piyasada olmayan nadir eserlerin de bulundu\u011fu kitaplar, eski milletvekili, i\u015fadamlar\u0131, \u00f6\u011fretmen ve akademisyenler taraf\u0131ndan sat\u0131n al\u0131nd\u0131. Uluda\u011f \u00dcniversitesi \u0130lahiyat Fak\u00fcltesi \u00f6\u011fretim \u00fcyelerinden Yrd. Do\u00e7. Dr. Bilal Kemikli, bu durumun Osmanl\u0131 ar\u015fivlerinin hurdaya g\u00f6nderilmesi hazinli\u011fini hat\u0131rlatt\u0131\u011f\u0131n\u0131 belirterek, &#8220;Bilgi \u00e7a\u011f\u0131na girdi\u011fimiz bir zamanda, aralar\u0131nda piyasada bulunmayan, \u00fcniversitelerin bile ihtiyac\u0131 olabilecek eserlerin hurdal\u0131ktan kurtar\u0131lmas\u0131, halen daha kitap ve ar\u015fiv \u015fuurunun olu\u015fmad\u0131\u011f\u0131n\u0131 g\u00f6steriyor. Bu kitaplar\u0131n hurdaya kimin g\u00f6nderdi\u011fini bilmiyoruz, ama bir \u015fehirde k\u00fclt\u00fcrle alakal\u0131 g\u00f6rev yapan bir\u00e7ok kurum varken b\u00f6yle bir manzaran\u0131n ortaya \u00e7\u0131kmas\u0131 \u00fcz\u00fcc\u00fcd\u00fcr. Biz sahaflarda g\u00f6rd\u00fc\u011f\u00fcm\u00fcz bu kitaplar\u0131n bir k\u0131sm\u0131n\u0131 ay\u0131tt\u0131rd\u0131k. Re\u015fat Ekrem Ko\u00e7`un \u015fu anda bulunamayan \u0130stanbul Ansiklopedisi, \u0130smail Hakk\u0131 Uzun\u00e7ar\u015f\u0131l\u0131`n\u0131n Osmanl\u0131 Tarihi, D\u00fcnya Edebiyat\u0131`ndan bat\u0131 klasikleri, \u00e7e\u015fitli dillerde \u00f6nemli \u015fahsiyetlere ait s\u00f6zl\u00fckler, belki \u00fcniversite olarak alabilece\u011fimiz eserler de vard\u0131. \u015eahsi imkanlar\u0131m\u0131zla k\u00fct\u00fcphanemize koyabilece\u011fimiz kitaplar\u0131 sahaflardan ald\u0131k. Bu tablo k\u00fclt\u00fcr\u00fcm\u00fcz a\u00e7\u0131s\u0131ndan vahim bir kay\u0131p i\u00e7erisinde oldu\u011fumuzu g\u00f6steriyor. Bursa Valili\u011fi \u00d6zel \u0130daresi`nin K\u00fclt\u00fcr Dairesi Ba\u015fkanl\u0131\u011f\u0131 kurdu\u011fu bir zamanda bile b\u00f6yle bir kayb\u0131n olmas\u0131 akademisyenler olarak bizi \u00fcz\u00fcyor. Belediyenin de \u015fehir k\u00fct\u00fcphanesi var. Kitaplara nas\u0131l kay\u0131ts\u0131z kal\u0131nd\u0131, anlayamad\u0131k&#8221;dedi.<\/p>\n<p style=\"text-align: justify;\">Kitaplar\u0131 hurdadan kurtaran sahaflar ise, \u0130stanbul ansiklopedisi, Merinos kuma\u015flar\u0131 katalo\u011fu, Osmanl\u0131 tarihi, Bursa`da Osmanl\u0131 ilk d\u00f6nemi mimari eserleri gibi bir\u00e7ok k\u0131ymetli serinin k\u0131sa s\u00fcrede adeta kap\u0131\u015f\u0131ld\u0131\u011f\u0131n\u0131 belirtti. Kuma\u015f katalo\u011funun bir tekstilci taraf\u0131ndan sat\u0131n al\u0131nd\u0131\u011f\u0131 \u00f6\u011frenildi. Arad\u0131klar\u0131 kitaplar\u0131 bulman\u0131n sevincini ya\u015fayan eski milletvekilleri, i\u015fadamlar\u0131, \u00f6\u011fretmen ve akademisyenler, Merinos Fabrikas\u0131`n\u0131n kay\u0131tlar\u0131ndaki binlerce \u00f6zel ciltli kitab\u0131n bir hurdac\u0131dan sahaflara d\u00f6nmesine \u00fcz\u00fcld\u00fcklerini ifade etti.<\/p>\n<p style=\"text-align: justify;\">B\u00fcy\u00fck\u015fehir Belediyesi yetkilileri ise, \u00d6zelle\u015ftirme \u0130daresi`nden kendilerine teslim edilen malzemeler aras\u0131nda kitaplar\u0131n bulunmad\u0131\u011f\u0131n\u0131 s\u00f6yledi. \u00d6zelle\u015ftirme \u0130daresi`nden, \u00e7e\u015fitli tarihi tekstil makineleri ile Merinos Fabrikas\u0131`n\u0131n zaman\u0131nda sat\u0131n ald\u0131\u011f\u0131 de\u011ferli ressamlara ait tablolar\u0131n \u00f6zel bir depoda sakland\u0131\u011f\u0131n\u0131 bildiren yetkililer, bu eserlerin in\u015faat\u0131 s\u00fcren m\u00fcze b\u00f6l\u00fcm\u00fcn\u00fcn tamamlanmas\u0131 ile Merinos Kongre ve K\u00fclt\u00fcr Merkezi`ne getirilece\u011fini ifade etti. Bir y\u0131l\u0131 a\u015fk\u0131n s\u00fcredir B\u00fcy\u00fck\u015fehir Belediyesi m\u00fcteahhitlerinin \u00e7al\u0131\u015ft\u0131\u011f\u0131 Merinos`tan, kitaplar\u0131n 2 ay \u00f6nce hurdac\u0131lara intikal etmesi ise kafalarda soru i\u015fareti olu\u015fturdu.<\/p>\n<p style=\"text-align: justify;\">Di\u011fer taraftan \u0130l K\u00fclt\u00fcr M\u00fcd\u00fcrl\u00fc\u011f\u00fc ve Halk K\u00fct\u00fcphanesi yetkililerinin de kitaplardan haberdar oldu\u011fu ancak, ihtiya\u00e7 fazlas\u0131 eserlerin de\u011ferlendirilmesi y\u00f6n\u00fcnde hi\u00e7bir \u00e7al\u0131\u015fma yapmad\u0131klar\u0131 \u00f6\u011frenildi.<\/p>\n<p style=\"text-align: justify;\">Kaynak: SanatAlemi.net http:\/\/sanatalemi.net<\/p>\n","protected":false},"excerpt":{"rendered":"<p>Bursa B\u00fcy\u00fck\u015fehir Belediyesi Taraf\u0131ndan Kongre ve K\u00fclt\u00fcr Merkezine D\u00f6n\u00fc\u015ft\u00fcr\u00fclen, T\u00fcrkiye`nin \u0130lk Sanayi Tesislerinden Merinos Fabrikas\u0131`nda 80 Y\u0131lda Olu\u015fturulan 3 Binden Fazla Kitab\u0131n Bulundu\u011fu K\u00fct\u00fcphane, Bursa`da Bir Hurda Deposunda Ortaya \u00c7\u0131kt\u0131. Kitaplar, Bir Sahaf\u0131n Fark Etmesiyle Hammadde Olmaya G\u00f6t\u00fcr\u00fcl\u00fcrken Kurtar\u0131ld\u0131.<\/p>\n","protected":false},"author":1,"featured_media":0,"comment_status":"open","ping_status":"open","sticky":false,"template":"","format":"standard","meta":{"footnotes":""},"categories":[1],"tags":[],"class_list":["post-1663","post","type-post","status-publish","format-standard","hentry","category-genel"],"_links":{"self":[{"href":"https:\/\/www.bbyhaber.com\/bby\/wp-json\/wp\/v2\/posts\/1663"}],"collection":[{"href":"https:\/\/www.bbyhaber.com\/bby\/wp-json\/wp\/v2\/posts"}],"about":[{"href":"https:\/\/www.bbyhaber.com\/bby\/wp-json\/wp\/v2\/types\/post"}],"author":[{"embeddable":true,"href":"https:\/\/www.bbyhaber.com\/bby\/wp-json\/wp\/v2\/users\/1"}],"replies":[{"embeddable":true,"href":"https:\/\/www.bbyhaber.com\/bby\/wp-json\/wp\/v2\/comments?post=1663"}],"version-history":[{"count":0,"href":"https:\/\/www.bbyhaber.com\/bby\/wp-json\/wp\/v2\/posts\/1663\/revisions"}],"wp:attachment":[{"href":"https:\/\/www.bbyhaber.com\/bby\/wp-json\/wp\/v2\/media?parent=1663"}],"wp:term":[{"taxonomy":"category","embeddable":true,"href":"https:\/\/www.bbyhaber.com\/bby\/wp-json\/wp\/v2\/categories?post=1663"},{"taxonomy":"post_tag","embeddable":true,"href":"https:\/\/www.bbyhaber.com\/bby\/wp-json\/wp\/v2\/tags?post=1663"}],"curies":[{"name":"wp","href":"https:\/\/api.w.org\/{rel}","templated":true}]}}