{"id":16614,"date":"2015-04-17T09:30:49","date_gmt":"2015-04-17T06:30:49","guid":{"rendered":"http:\/\/www.bbyhaber.com\/bby\/?p=16614"},"modified":"2017-02-23T09:59:01","modified_gmt":"2017-02-23T06:59:01","slug":"atil-vagon-kutuphaneye-donusturuldu","status":"publish","type":"post","link":"https:\/\/www.bbyhaber.com\/bby\/2015\/04\/17\/atil-vagon-kutuphaneye-donusturuldu","title":{"rendered":"At\u0131l vagon k\u00fct\u00fcphaneye d\u00f6n\u00fc\u015ft\u00fcr\u00fcld\u00fc"},"content":{"rendered":"<p style=\"text-align: justify;\"><img loading=\"lazy\" decoding=\"async\" class=\"alignleft\" src=\"http:\/\/www.bbyhaber.com\/bby\/wp-content\/uploads\/2015\/04\/cankiri-tren-kutuphane.jpg\" alt=\"\" width=\"263\" height=\"146\" \/>\u00c7ank\u0131r\u0131 Belediye Ba\u015fkan\u0131 \u0130rfan Din\u00e7, gazetecilere yapt\u0131\u011f\u0131 a\u00e7\u0131klamada, gar at\u00f6lyesinde at\u0131l durumdaki yolcu vagonu ile 1906 Prusya yap\u0131m\u0131 lokomotifi, Devlet Demiryollar\u0131ndan kiralayarak dizayn ettiklerini s\u00f6yledi. Vagonun k\u00fct\u00fcphane olarak kullan\u0131laca\u011f\u0131n\u0131, lokomotifin ise g\u00f6rselli\u011fe katk\u0131 sa\u011flayaca\u011f\u0131n\u0131 anlatan Din\u00e7, &#8220;Lokomotif, orijinaline uygun olarak boyand\u0131. Vagonun ise koltuklar\u0131 s\u00f6k\u00fclerek i\u00e7erisine k\u00fct\u00fcphaneye uygun raflar, masalar ve sandalyeler yerle\u015ftirildi&#8221; dedi.<!--more--><\/p>\n<p style=\"text-align: justify;\">Din\u00e7, gardan iki vin\u00e7 yard\u0131m\u0131yla t\u0131ra y\u00fcklenen lokomotif ve vagonun, 20 i\u015f\u00e7inin 12 saatlik \u00e7abas\u0131yla, hizmet verece\u011fi \u015eehitlik An\u0131t\u0131 yan\u0131ndaki alana ta\u015f\u0131nd\u0131\u011f\u0131n\u0131 dile getirdi. Lokomotif ve vagonun toplam a\u011f\u0131rl\u0131\u011f\u0131n\u0131n 96 ton oldu\u011funu vurgulayan Din\u00e7, &#8220;Daha \u00f6nce Recep Tayyip Erdo\u011fan Park\u0131&#8217;na konu\u015fland\u0131rd\u0131\u011f\u0131m\u0131z Airbus A-300 tipi yolcu u\u00e7a\u011f\u0131n\u0131 k\u00fct\u00fcphaneye d\u00f6n\u00fc\u015ft\u00fcrm\u00fc\u015ft\u00fck. Buran\u0131n \u00e7evre d\u00fczenlemesini de s\u00fcrd\u00fcr\u00fcyoruz. Bu k\u00fct\u00fcphanelerle \u00e7ocuklar\u0131m\u0131z\u0131n ilgilisini kitaplara daha fazla \u00e7ekmeyi ama\u00e7l\u0131yoruz. Birka\u00e7 ay i\u00e7erisinde kitaplar\u0131m\u0131z\u0131n gelmesiyle k\u00fct\u00fcphaneyi hizmete almay\u0131 planl\u0131yoruz&#8221; diye konu\u015ftu.<\/p>\n<p style=\"text-align: justify;\">Kaynak:http:\/\/www.haber7.com\/<\/p>\n","protected":false},"excerpt":{"rendered":"<p>\u00c7ank\u0131r\u0131 Belediye Ba\u015fkan\u0131 \u0130rfan Din\u00e7, gazetecilere yapt\u0131\u011f\u0131 a\u00e7\u0131klamada, gar at\u00f6lyesinde at\u0131l durumdaki yolcu vagonu ile 1906 Prusya yap\u0131m\u0131 lokomotifi, Devlet Demiryollar\u0131ndan kiralayarak dizayn ettiklerini s\u00f6yledi. Vagonun k\u00fct\u00fcphane olarak kullan\u0131laca\u011f\u0131n\u0131, lokomotifin ise g\u00f6rselli\u011fe katk\u0131 sa\u011flayaca\u011f\u0131n\u0131 anlatan Din\u00e7, &#8220;Lokomotif, orijinaline uygun olarak boyand\u0131. Vagonun ise koltuklar\u0131 s\u00f6k\u00fclerek i\u00e7erisine k\u00fct\u00fcphaneye uygun raflar, masalar ve sandalyeler yerle\u015ftirildi&#8221; dedi.<\/p>\n","protected":false},"author":1,"featured_media":0,"comment_status":"open","ping_status":"open","sticky":false,"template":"","format":"standard","meta":{"footnotes":""},"categories":[],"tags":[1439,715],"class_list":["post-16614","post","type-post","status-publish","format-standard","hentry","tag-cocuk-kutuphaneleri","tag-tren-kutuphaneleri"],"_links":{"self":[{"href":"https:\/\/www.bbyhaber.com\/bby\/wp-json\/wp\/v2\/posts\/16614"}],"collection":[{"href":"https:\/\/www.bbyhaber.com\/bby\/wp-json\/wp\/v2\/posts"}],"about":[{"href":"https:\/\/www.bbyhaber.com\/bby\/wp-json\/wp\/v2\/types\/post"}],"author":[{"embeddable":true,"href":"https:\/\/www.bbyhaber.com\/bby\/wp-json\/wp\/v2\/users\/1"}],"replies":[{"embeddable":true,"href":"https:\/\/www.bbyhaber.com\/bby\/wp-json\/wp\/v2\/comments?post=16614"}],"version-history":[{"count":1,"href":"https:\/\/www.bbyhaber.com\/bby\/wp-json\/wp\/v2\/posts\/16614\/revisions"}],"predecessor-version":[{"id":21176,"href":"https:\/\/www.bbyhaber.com\/bby\/wp-json\/wp\/v2\/posts\/16614\/revisions\/21176"}],"wp:attachment":[{"href":"https:\/\/www.bbyhaber.com\/bby\/wp-json\/wp\/v2\/media?parent=16614"}],"wp:term":[{"taxonomy":"category","embeddable":true,"href":"https:\/\/www.bbyhaber.com\/bby\/wp-json\/wp\/v2\/categories?post=16614"},{"taxonomy":"post_tag","embeddable":true,"href":"https:\/\/www.bbyhaber.com\/bby\/wp-json\/wp\/v2\/tags?post=16614"}],"curies":[{"name":"wp","href":"https:\/\/api.w.org\/{rel}","templated":true}]}}