{"id":1661,"date":"2008-02-03T20:09:16","date_gmt":"2008-02-03T20:09:16","guid":{"rendered":"http:\/\/www.bbyhaber.com\/bby\/?p=1661"},"modified":"2012-09-07T13:13:05","modified_gmt":"2012-09-07T10:13:05","slug":"kutuphaneye-sadece-islam-ansiklopedisi-aliyorlar","status":"publish","type":"post","link":"https:\/\/www.bbyhaber.com\/bby\/2008\/02\/03\/kutuphaneye-sadece-islam-ansiklopedisi-aliyorlar","title":{"rendered":"K\u00fct\u00fcphaneye sadece \u0130slam Ansiklopedisi al\u0131yorlar"},"content":{"rendered":"<p>K\u00fclt\u00fcr Bakanl\u0131\u011f\u0131&#8217;n\u0131n k\u00fct\u00fcphanelere sadece \u0130slam Ansiklopedisi&#8217;nin ek ciltlerini almas\u0131na k\u00fct\u00fcphaneci ve yay\u0131nc\u0131lar b\u00fcy\u00fck tepki g\u00f6sterdi. K\u00fct\u00fcphaneciler Derne\u011fi Ba\u015fkan\u0131 Kartal, &#8220;Halk k\u00fct\u00fcphaneleri dinsel yakla\u015f\u0131mla y\u00f6netilemez&#8221; dedi.<!--more--><\/p>\n<p>K\u00dcT\u00dcPHANELERE art\u0131k g\u00fcncel ansiklopedi girmiyor. K\u00fclt\u00fcr ve Turizm Bakanl\u0131\u011f\u0131 K\u00fct\u00fcphaneler Genel M\u00fcd\u00fcrl\u00fc\u011f\u00fc, 2 y\u0131ld\u0131r k\u00fct\u00fcphanelere ansiklopedi olarak sadece Diyanet \u0130\u015fleri Vakf\u0131&#8217;n\u0131n &#8216;\u0130slam Ansiklopedisi&#8217;nin ek ciltlerini ald\u0131. Kitaplar\u0131 ald\u0131ktan sonra ihtiyac\u0131 olan k\u00fct\u00fcphanelere da\u011f\u0131tan Genel M\u00fcd\u00fcrl\u00fck, ansiklopediyi 2006 ve 2007&#8217;nin aral\u0131k ay\u0131nda, b\u00fct\u00e7edeki kalan \u00f6deneklerle ald\u0131. Bug\u00fcne kadar 33 cilt bas\u0131lan \u0130slam Ansiklopedisi&#8217;ne her y\u0131l 2 cilt ekleniyor. K\u00fct\u00fcphaneler Genel M\u00fcd\u00fcrl\u00fc\u011f\u00fc ise y\u0131l sonunda \u00f6deneklerin harcanamayan k\u0131sm\u0131n\u0131 Maliye Bakanl\u0131\u011f\u0131&#8217;na geri g\u00f6ndermek yerine ek ciltleri almay\u0131 tercih etti.<\/p>\n<p>B\u00d6YLE OLMAZ Genel M\u00fcd\u00fcrl\u00fc\u011f\u00fcn, 2 y\u0131l s\u00fcresince sadece \u0130slam Ansiklopedisi almas\u0131na k\u00fct\u00fcphaneciler ve yay\u0131nc\u0131lardan tepki geldi. K\u00fct\u00fcphaneciler Derne\u011fi Ba\u015fkan\u0131 ve TBMM K\u00fct\u00fcphanesi g\u00f6revlisi Ali Fuat Kartal, k\u00fct\u00fcphanelerin ideolojik ve dinsel yakla\u015f\u0131mlarla y\u00f6netilmemesi gerekti\u011fini vurgulayarak \u015f\u00f6yle konu\u015ftu: &#8220;K\u00fct\u00fcphanelerde ansiklopedilere her zaman \u00e7ok yo\u011fun bir talep var. Eldeki ansiklopedilerin de her y\u0131l yenilenmesi gerekiyor. Genel M\u00fcd\u00fcrl\u00fc\u011f\u00fcn sadece \u0130slam Ansiklopedisi almas\u0131 belli bir ideolojinin d\u00fc\u015f\u00fcncesini yans\u0131t\u0131yor. Halk k\u00fct\u00fcphanelerine \u00e7ok farkl\u0131 kesimlerden, d\u00fc\u015f\u00fcncelerden insanlar geliyor.&#8221;<\/p>\n<p>BA\u015eKA NE BEKLEN\u0130R Frankfurt Kitap Fuar\u0131&#8217;nda T\u00fcrkiye&#8217;yi 6 y\u0131ld\u0131r kendilerinin temsil etti\u011fini ancak 2005&#8217;ten sonra sa\u011f e\u011filimli olan Bas\u0131n Yay\u0131n Birli\u011fi&#8217;nin davet edildi\u011fini hat\u0131rlatan Yay\u0131nc\u0131lar Birli\u011fi Ba\u015fkan\u0131 \u00c7etin T\u00fcz\u00fcner de, &#8220;Ba\u015fka ne beklenebilirdi ki!&#8221; dedi.<\/p>\n<p>YARDIMEDER\u0130Z Akademik Yay\u0131nc\u0131lar Birli\u011fi&#8217;nden G\u00fcl Kutlu ise &#8220;E\u011fer Genel m\u00fcd\u00fcrl\u00fc\u011f\u00fcn bu yap\u0131tlar\u0131 almaya b\u00fct\u00e7esi yoksa, biz yay\u0131nc\u0131lar olarak yard\u0131m etmeye haz\u0131r\u0131z&#8221; diye konu\u015ftu. 03\/02\/2008<\/p>\n<p>Kaynak: Umut ERDEM \/ ANKARA\/H\u00fcrriyet Gazetesi<\/p>\n","protected":false},"excerpt":{"rendered":"<p>K\u00fclt\u00fcr Bakanl\u0131\u011f\u0131&#8217;n\u0131n k\u00fct\u00fcphanelere sadece \u0130slam Ansiklopedisi&#8217;nin ek ciltlerini almas\u0131na k\u00fct\u00fcphaneci ve yay\u0131nc\u0131lar b\u00fcy\u00fck tepki g\u00f6sterdi. K\u00fct\u00fcphaneciler Derne\u011fi Ba\u015fkan\u0131 Kartal, &#8220;Halk k\u00fct\u00fcphaneleri dinsel yakla\u015f\u0131mla y\u00f6netilemez&#8221; dedi.<\/p>\n","protected":false},"author":1,"featured_media":0,"comment_status":"open","ping_status":"open","sticky":false,"template":"","format":"standard","meta":{"footnotes":""},"categories":[],"tags":[848],"class_list":["post-1661","post","type-post","status-publish","format-standard","hentry","tag-halk-kutuphaneleri"],"_links":{"self":[{"href":"https:\/\/www.bbyhaber.com\/bby\/wp-json\/wp\/v2\/posts\/1661"}],"collection":[{"href":"https:\/\/www.bbyhaber.com\/bby\/wp-json\/wp\/v2\/posts"}],"about":[{"href":"https:\/\/www.bbyhaber.com\/bby\/wp-json\/wp\/v2\/types\/post"}],"author":[{"embeddable":true,"href":"https:\/\/www.bbyhaber.com\/bby\/wp-json\/wp\/v2\/users\/1"}],"replies":[{"embeddable":true,"href":"https:\/\/www.bbyhaber.com\/bby\/wp-json\/wp\/v2\/comments?post=1661"}],"version-history":[{"count":0,"href":"https:\/\/www.bbyhaber.com\/bby\/wp-json\/wp\/v2\/posts\/1661\/revisions"}],"wp:attachment":[{"href":"https:\/\/www.bbyhaber.com\/bby\/wp-json\/wp\/v2\/media?parent=1661"}],"wp:term":[{"taxonomy":"category","embeddable":true,"href":"https:\/\/www.bbyhaber.com\/bby\/wp-json\/wp\/v2\/categories?post=1661"},{"taxonomy":"post_tag","embeddable":true,"href":"https:\/\/www.bbyhaber.com\/bby\/wp-json\/wp\/v2\/tags?post=1661"}],"curies":[{"name":"wp","href":"https:\/\/api.w.org\/{rel}","templated":true}]}}