{"id":16592,"date":"2015-04-16T20:06:16","date_gmt":"2015-04-16T17:06:16","guid":{"rendered":"http:\/\/www.bbyhaber.com\/bby\/?p=16592"},"modified":"2015-05-08T17:30:55","modified_gmt":"2015-05-08T14:30:55","slug":"ankara-universitesi-bilgi-toplulugu-kariyer-gunleri-2015","status":"publish","type":"post","link":"https:\/\/www.bbyhaber.com\/bby\/2015\/04\/16\/ankara-universitesi-bilgi-toplulugu-kariyer-gunleri-2015","title":{"rendered":"Ankara \u00dcniversitesi Bilgi Toplulu\u011fu Kariyer G\u00fcnleri 2015"},"content":{"rendered":"<p style=\"text-align: justify;\"><a href=\"http:\/\/www.bbyhaber.com\/bby\/wp-content\/uploads\/2015\/04\/au-bby-kariyer-manset.jpg\"><img loading=\"lazy\" decoding=\"async\" class=\"alignleft size-medium wp-image-16598\" title=\"btkariyerlogo\" src=\"http:\/\/www.bbyhaber.com\/bby\/wp-content\/uploads\/2015\/04\/au-bby-kariyer-manset.jpg\" alt=\"\" width=\"260\" height=\"180\" \/><\/a>Ankara \u00dcniversitesi Dil ve Tarih-Co\u011frafya Fak\u00fcltesi Bilgi ve Belge Y\u00f6netimi B\u00f6l\u00fcm\u00fc Bilgi Toplulu\u011fu&#8217;nun 7-8 May\u0131s 2015 tarihlerinde Ankara \u00dcniversitesi Tando\u011fan Yerle\u015fkesi K\u0131rm\u0131z\u0131 Salon\u2019da ger\u00e7ekle\u015ftirece\u011fi &#8220;<em><strong>Ankara \u00dcniversitesi Bilgi Toplulu\u011fu Kariyer G\u00fcnleri 2015<\/strong><\/em>&#8221; etkinli\u011finde; mesleki camiam\u0131z\u0131n de\u011ferli isimleri, birbirinden de\u011ferli k\u00fct\u00fcphane y\u00f6neticileri ve b\u00f6l\u00fcm mezunlar\u0131n\u0131 istihdam eden bilgi sekt\u00f6r\u00fc \u015firketleri; mesleki bilgi, tecr\u00fcbe ve \u00f6nerilerini payla\u015facaklar.<!--more--><\/p>\n<p style=\"text-align: justify;\"><span style=\"color: #ff0000;\"><strong><em>Etkinlik afi\u015fi sayfan\u0131n en alt\u0131ndad\u0131r.<\/em><\/strong><\/span><\/p>\n<p style=\"text-align: justify;\"><span style=\"color: #0000ff;\"><strong><a href=\"https:\/\/onedrive.live.com\/view.aspx?resid=B318CE494FFA4441!4556&amp;ithint=file%2cdocx&amp;app=Word&amp;authkey=!AERaKSg16FtZXiw\" target=\"_blank\"><span style=\"color: #0000ff;\">Kat\u0131l\u0131mc\u0131lar ve i\u00e7erik ile ilgili detayl\u0131 bro\u015f\u00fcr i\u00e7in t\u0131klay\u0131n\u0131z<\/span><\/a><\/strong><\/span><\/p>\n<p style=\"text-align: justify;\">De\u011ferli hocam\u0131z Prof. Dr. Say\u0131n \u00d6zer Soysal ile a\u00e7\u0131l\u0131\u015f\u0131n\u0131 ger\u00e7ekle\u015ftirece\u011fi etkinlik, TKD Genel Ba\u015fkan\u0131 Say\u0131n Ali Fuat Kartal&#8217;\u0131n konu\u015fmas\u0131 ile devam edecek.<\/p>\n<p style=\"text-align: justify;\">T\u00fcrkiye B\u00fcy\u00fck Millet Meclisi Ara\u015ft\u0131rma Hizmetleri Ba\u015fkanl\u0131\u011f\u0131\u2019ndan Do\u00e7. Dr. Say\u0131n Erol Y\u0131lmaz&#8217;la, ger\u00e7ekle\u015ftirece\u011fimiz b\u00f6l\u00fcm mezunlar\u0131n\u0131n halkla ili\u015fkiler konusunda neler yapabilece\u011fini, hangi yeterliliklere sahip olunmas\u0131 gibi konular\u0131n g\u00fcndemde olaca\u011f\u0131 &#8220;K\u00fct\u00fcphanecilikte Halkla \u0130li\u015fkiler&#8221; oturumu sizleri bekliyor.<\/p>\n<p style=\"text-align: justify;\">&#8220;K\u00fct\u00fcphanelerde Kariyer Oturumlar\u0131&#8221; ba\u015fl\u0131kl\u0131 oturumlarda; k\u00fct\u00fcphanecilerin neleri ba\u015farabilecekleri ve potansiyel i\u015f alanlar\u0131, b\u00f6l\u00fcm mezunlar\u0131ndan beklentiler, hangi yeterlilikte personel ihtiyac\u0131n\u0131n oldu\u011fu, gelecekte akademik k\u00fct\u00fcphanecinin rol\u00fcn\u00fcn ne olabilece\u011fi konular\u0131 ba\u015fta olmak \u00fczere bir\u00e7ok konu i\u015flenecek; merak edilen sorular Adnan \u00d6t\u00fcken \u0130l Halk K\u00fct\u00fcphanesi, At\u0131l\u0131m \u00dcniversitesi K\u00fct\u00fcphanesi, TOBB ET\u00dc K\u00fct\u00fcphanesi, Bilkent \u00dcniversitesi K\u00fct\u00fcphanesi, ODT\u00dc K\u00fct\u00fcphanesi, TED Ankara Koleji K\u00fct\u00fcphane ve Bilgi Merkezi, \u0130pek \u00dcniversitesi K\u00fct\u00fcphanesi ve TBMM K\u00fct\u00fcphanesi de\u011ferli y\u00f6neticileri taraf\u0131ndan cevaplanacak.<\/p>\n<p style=\"text-align: justify;\">Prof. Dr. Say\u0131n Mehmet Emin K\u00fc\u00e7\u00fck, K\u00fct\u00fcphan-e T\u00fcrkiye Projesi kapsam\u0131nda y\u00fcr\u00fct\u00fclen \u00e7al\u0131\u015fmalar\u0131n yan\u0131 s\u0131ra k\u00fct\u00fcphanecilerin mesleki alanda neleri ba\u015farabilecekleri konusunda bilgi ve tecr\u00fcbelerini payla\u015facak.<\/p>\n<p style=\"text-align: justify;\">G\u00fcn\u00fcn son oturumunda ARK Grup Y\u00f6netim Kurulu Ba\u015fkan\u0131 Say\u0131n Ali R\u0131za Ko\u00e7,\u00a0\u00e7obanl\u0131ktan i\u015f adaml\u0131\u011f\u0131na uzanan ya\u015fam \u00f6yk\u00fcs\u00fcn\u00fc ve i\u015f ya\u015fam\u0131ndaki ba\u015far\u0131 ve deneyimlerini payla\u015facak.<\/p>\n<p style=\"text-align: justify;\">\u0130kinci g\u00fcn olan 8 May\u0131s Per\u015fembe g\u00fcn\u00fc 5N1K Akademisi&#8217;nin ger\u00e7ekle\u015ftirece\u011fi ak\u0131llar\u0131 kurcalayan &#8220;Benim yeteneklerim neler?\u201d, \u201cNas\u0131l bir i\u015fte mutlu olurum?\u201d ve \u201cNas\u0131l bir kariyer istiyorum?\u201d gibi sorular\u0131n\u0131z\u0131n cevaplar\u0131n\u0131 bulabilece\u011finiz &#8220;Eyvah \u0130\u015f Hayat\u0131&#8221; oturumu sizleri bekliyor.<\/p>\n<p style=\"text-align: justify;\">\u00d6\u011frenciler, K\u00fclt\u00fcr ve Turizm Uzman\u0131 Say\u0131n \u015eenol Karadeniz&#8217;in konuk olaca\u011f\u0131 ikinci oturumda K\u00fclt\u00fcr ve Turizm Bakanl\u0131\u011f\u0131&#8217;n\u0131n sundu\u011fu kariyer f\u0131rsatlar\u0131na hep birlikte \u015fahit olacaklar.<\/p>\n<p style=\"text-align: justify;\">\u00dc\u00e7\u00fcnc\u00fc oturumda, g\u00f6n\u00fcll\u00fc \u00e7al\u0131\u015fmay\u0131 ve sivil toplum aidiyetini, \u00f6zellikle de meslek derne\u011finin meslek sevgisini g\u00fc\u00e7lendirici y\u00f6n\u00fcn\u00fc payla\u015facak olan TKD Ankara \u015eubesi Ba\u015fkan\u0131 Say\u0131n Dide Kara\u015fahin olacak.<\/p>\n<p style=\"text-align: justify;\">Bilgi sekt\u00f6r\u00fcnde faaliyet g\u00f6steren Elsevier, Informascope, Ankaref, Arsis Grup, Devinim Yaz\u0131l\u0131m ve Gemini \u015firketleri; b\u00f6l\u00fcm mezunlar\u0131ndan beklentilerini, hangi g\u00f6rev, birim, faaliyet ve s\u00fcre\u00e7lerde mesleki elemana ihtiya\u00e7 duyduklar\u0131n\u0131 payla\u015facak, \u00f6\u011frencilerin ufkunu geni\u015fletecekler.<\/p>\n<p style=\"text-align: justify;\">Sosyal medyan\u0131n i\u015f ya\u015fam\u0131na ne gibi pozitif veya negatif etkilerinin olabilece\u011finin payla\u015f\u0131laca\u011f\u0131 &#8220;Kariyer Yolunda\/\u0130\u015f Ya\u015fam\u0131nda Sosyal Medya Kullan\u0131m\u0131&#8221; oturumuna TOBB ET\u00dc Uuslararas\u0131 \u0130li\u015fkiler B\u00f6l\u00fcm\u00fc&#8217;nden Do\u00e7. Dr. Say\u0131n Burak Bilgehan \u00d6zpek \u00a0konuk olacak.<\/p>\n<p style=\"text-align: justify;\">Mezun olduk ancak bitti mi? \u00d6\u011frenme ve yeterlilik konusunda sona m\u0131 geldik? &#8220;Mezun Oldum \u015eimdi Ne Yapaca\u011f\u0131m?&#8221; ba\u015fl\u0131kl\u0131 oturumda ODT\u00dc Uluslararas\u0131 \u0130li\u015fkiler B\u00f6l\u00fcm\u00fc&#8217;nden Yrd. Do\u00e7. Dr. Say\u0131n \u00d6zgehan \u015eenyuva ile birlikte bu konu irdelenecek.<\/p>\n<p style=\"text-align: justify;\">Son oturumda ise Ankara \u00dcniversitesi BBY Erasmus Koordinat\u00f6r\u00fc Dr. Say\u0131n Nevzat \u00d6zel &#8220;Yurt D\u0131\u015f\u0131 E\u011fitim&#8221; konusunda bilgilendirecek.<\/p>\n<p style=\"text-align: justify;\"><em><strong>\u201cAnkara \u00dcniversitesi Bilgi Toplulu\u011fu Kariyer G\u00fcnleri 2015\u201d ama\u00e7 ve faydalar\u0131 a\u015fa\u011f\u0131dad\u0131r:<\/strong><\/em><\/p>\n<ul style=\"text-align: justify;\">\n<li>Kurumlar\u0131n i\u015f ve i\u015fleyi\u015flerini tan\u0131tmas\u0131n\u0131 sa\u011flamak<\/li>\n<li>Staj yap\u0131labilecek kurumlar\u0131n tan\u0131nmas\u0131n\u0131 sa\u011flamak<\/li>\n<li>Firmalarla \u00f6\u011frencilerin yak\u0131n ileti\u015fimini sa\u011flamak<\/li>\n<li>Mezun ve mezun olacak \u00f6\u011frencilere i\u015f g\u00f6r\u00fc\u015fmesi olanaklar\u0131 sa\u011flamak,<\/li>\n<li>\u0130\u015f d\u00fcnyas\u0131nda \u00f6nemli olan yetkinliklerin ve becerilerin geli\u015ftirilmesine yard\u0131mc\u0131 olmak<\/li>\n<li>\u015eirketlere kendilerini daha etkin tan\u0131tma olana\u011f\u0131 sa\u011flama<\/li>\n<li>\u015eirketlerin mezun adaylar\u0131n\u0131n son durumunu yak\u0131ndan g\u00f6rerek i\u015fe al\u0131m s\u00fcre\u00e7lerince bu \u00f6l\u00e7\u00fclere bakarak m\u00fclakat ve eleme a\u015famalar\u0131n\u0131 tekrar yap\u0131land\u0131rma imk\u00e2n\u0131 sa\u011flama<\/li>\n<li>\u00d6\u011frencilerin staj ve benzeri konularda bilgi edinmelerini sa\u011flamak<\/li>\n<li>\u00d6\u011frencilerin ki\u015fisel geli\u015fim s\u00fcrecine katk\u0131da bulunmak<\/li>\n<li>\u00dcniversie \u00f6\u011frencilerini firmalarla y\u00fcz y\u00fcze bulu\u015fturmak<\/li>\n<li>Kariyer alternatifleri konusunda \u00f6\u011frencilerin bilgi sahibi olmas\u0131n\u0131 sa\u011flamak<\/li>\n<li>Sekt\u00f6r baz\u0131nda gereken yetkinlik, donan\u0131m ve ki\u015filik \u00f6zellikleri hakk\u0131nda fark\u0131ndal\u0131k kazanmak<\/li>\n<li>\u0130\u015f alanlar\u0131, b\u00f6l\u00fcmleri, sorumluluklar\u0131, hakk\u0131nda bilgi edinmek<\/li>\n<li>Gelece\u011fe dair somut hedefler koyabilmek<\/li>\n<li>Hen\u00fcz ara s\u0131n\u0131flarda bulunan \u00f6\u011frencilerde kariyer bilinci olu\u015fturmak<\/li>\n<li>Kendini tan\u0131ma ve bu do\u011frultuda kariyer planlar\u0131n\u0131 yapma konusunda fark\u0131ndal\u0131k kazand\u0131rmak<\/li>\n<li>Kariyer planlama s\u00fcrecinin a\u015famalar\u0131 hakk\u0131nda bilgi edinmek<\/li>\n<li>Kariyeri belirlemede yap\u0131c\u0131 katk\u0131lar sunmak<\/li>\n<li>Kat\u0131l\u0131mc\u0131lara yeni ufuklar a\u00e7mak<\/li>\n<li>Ya\u015fama dair pratik bilgiler edinmeyi sa\u011flamak<\/li>\n<\/ul>\n<div style=\"text-align: justify;\">Facebook etkinlik sayfas\u0131na ula\u015fmak i\u00e7in <a title=\"Ankara \u00dcniversitesi Bilgi Toplulu\u011fu Kariyer G\u00fcnleri 2015\" href=\"https:\/\/www.facebook.com\/events\/495051660646198\/\" target=\"_blank\">t\u0131klay\u0131n\u0131z!<\/a><\/div>\n<div><a title=\"Ankara \u00dcniversitesi Bilgi Toplulu\u011fu Kariyer G\u00fcnleri 2015\" href=\"https:\/\/www.facebook.com\/events\/495051660646198\/\" target=\"_blank\"><img loading=\"lazy\" decoding=\"async\" class=\"alignnone\" src=\"http:\/\/www.bbyhaber.com\/bby\/wp-content\/uploads\/2015\/04\/au-bby-kariyer.jpg\" alt=\"\" width=\"576\" height=\"411\" \/><\/a><\/div>\n","protected":false},"excerpt":{"rendered":"<p>Ankara \u00dcniversitesi Dil ve Tarih-Co\u011frafya Fak\u00fcltesi Bilgi ve Belge Y\u00f6netimi B\u00f6l\u00fcm\u00fc Bilgi Toplulu\u011fu&#8217;nun 7-8 May\u0131s 2015 tarihlerinde Ankara \u00dcniversitesi Tando\u011fan Yerle\u015fkesi K\u0131rm\u0131z\u0131 Salon\u2019da ger\u00e7ekle\u015ftirece\u011fi &#8220;Ankara \u00dcniversitesi Bilgi Toplulu\u011fu Kariyer G\u00fcnleri 2015&#8221; etkinli\u011finde; mesleki camiam\u0131z\u0131n de\u011ferli isimleri, birbirinden de\u011ferli k\u00fct\u00fcphane y\u00f6neticileri ve b\u00f6l\u00fcm mezunlar\u0131n\u0131 istihdam eden bilgi sekt\u00f6r\u00fc \u015firketleri; mesleki bilgi, tecr\u00fcbe ve \u00f6nerilerini payla\u015facaklar.<\/p>\n","protected":false},"author":129,"featured_media":0,"comment_status":"open","ping_status":"open","sticky":false,"template":"","format":"standard","meta":{"footnotes":""},"categories":[1533,1],"tags":[713,1413,1409,860],"class_list":["post-16592","post","type-post","status-publish","format-standard","hentry","category-ankara-universitesi-bilgi-toplulugu","category-genel","tag-ankara-universitesi-bilgi-toplulugu-kariyer-gunleri-2015","tag-bby-bilgi-toplulugu-gruplari","tag-bby-ogrencileri","tag-kariyer-gunleri"],"_links":{"self":[{"href":"https:\/\/www.bbyhaber.com\/bby\/wp-json\/wp\/v2\/posts\/16592"}],"collection":[{"href":"https:\/\/www.bbyhaber.com\/bby\/wp-json\/wp\/v2\/posts"}],"about":[{"href":"https:\/\/www.bbyhaber.com\/bby\/wp-json\/wp\/v2\/types\/post"}],"author":[{"embeddable":true,"href":"https:\/\/www.bbyhaber.com\/bby\/wp-json\/wp\/v2\/users\/129"}],"replies":[{"embeddable":true,"href":"https:\/\/www.bbyhaber.com\/bby\/wp-json\/wp\/v2\/comments?post=16592"}],"version-history":[{"count":0,"href":"https:\/\/www.bbyhaber.com\/bby\/wp-json\/wp\/v2\/posts\/16592\/revisions"}],"wp:attachment":[{"href":"https:\/\/www.bbyhaber.com\/bby\/wp-json\/wp\/v2\/media?parent=16592"}],"wp:term":[{"taxonomy":"category","embeddable":true,"href":"https:\/\/www.bbyhaber.com\/bby\/wp-json\/wp\/v2\/categories?post=16592"},{"taxonomy":"post_tag","embeddable":true,"href":"https:\/\/www.bbyhaber.com\/bby\/wp-json\/wp\/v2\/tags?post=16592"}],"curies":[{"name":"wp","href":"https:\/\/api.w.org\/{rel}","templated":true}]}}