{"id":1659,"date":"2008-02-04T20:08:26","date_gmt":"2008-02-04T20:08:26","guid":{"rendered":"http:\/\/www.bbyhaber.com\/bby\/?p=1659"},"modified":"2011-12-11T20:09:03","modified_gmt":"2011-12-11T20:09:03","slug":"tunceli%e2%80%99deki-tek-kutuphane-kapatildi","status":"publish","type":"post","link":"https:\/\/www.bbyhaber.com\/bby\/2008\/02\/04\/tunceli%e2%80%99deki-tek-kutuphane-kapatildi","title":{"rendered":"Tunceli\u2019deki tek k\u00fct\u00fcphane kapat\u0131ld\u0131"},"content":{"rendered":"<p>Okuma-yazma oran\u0131 en y\u00fcksek illerden biri olan Tunceli\u2019deki tek k\u00fct\u00fcphane kre\u015f yap\u0131ld\u0131. T\u00fcrkiye\u2019nin okuma-yazma oran\u0131 en y\u00fcksek illeri aras\u0131nda yer alan Tunceli\u2019deki tek halk k\u00fct\u00fcphanesi kapat\u0131ld\u0131. Bir zamanlar \u00f6\u011frencilerin ders \u00e7al\u0131\u015ft\u0131\u011f\u0131, halk\u0131n kitap okudu\u011fu k\u00fct\u00fcphane art\u0131k kre\u015f olarak kullan\u0131lacak. Kentteki tek k\u00fct\u00fcphaneyi kapatmaya g\u00f6t\u00fcren s\u00fcre\u00e7 asl\u0131nda e\u011fitimde \u00f6zelle\u015ftirme uygulamas\u0131n\u0131n bir sonucu. \u0130l Milli E\u011fitim M\u00fcd\u00fcrl\u00fc\u011f\u00fc b\u00fcnyesindeki halk k\u00fct\u00fcphanesini kapatarak \u0130l \u00d6zel \u0130daresi\u2019ne devretti. \u00d6zel \u0130dare taraf\u0131ndan ihaleye \u00e7\u0131kar\u0131lan k\u00fct\u00fcphane Celal Turan adl\u0131 ki\u015fi taraf\u0131ndan 8 y\u0131ll\u0131\u011f\u0131na kiraland\u0131. Bundan b\u00f6yle \u00d6zel Kalan \u0130lk\u00f6\u011fretim Okulu ve Fen Bilimleri Dershanesi\u2019ne ba\u011fl\u0131 olan k\u00fct\u00fcphane binas\u0131 kre\u015f olarak kullan\u0131lacak. G\u00fcnde 200 gencin yararland\u0131\u011f\u0131 k\u00fct\u00fcphanenin kapat\u0131lma gerek\u00e7esi ise yak\u0131t ve personel eksikli\u011fi. Milli E\u011fitim M\u00fcd\u00fcrl\u00fc\u011f\u00fc k\u00fct\u00fcphaneye alternatif olarak kent d\u0131\u015f\u0131ndaki Atat\u00fcrk K\u00fclt\u00fcr Merkezi\u2019ni g\u00f6steriyor. Ancak k\u00fclt\u00fcr merkezi \u015fehirden uzak oldu\u011fu i\u00e7in \u00f6\u011frencilerden ilgi g\u00f6rm\u00fcyor.<\/p>\n<p>E\u011fitim Sen tepki g\u00f6sterdi<br \/>\nK\u00fct\u00fcphanenin kapat\u0131lmas\u0131na tepki g\u00f6steren E\u011fitim Sen Tunceli \u015eube Ba\u015fkan\u0131 S\u00fcleyman G\u00fcler, \u201cK\u00fct\u00fcphane, \u00fcniversiteye haz\u0131rlanan gen\u00e7ler aras\u0131nda bir dayan\u0131\u015fma sa\u011fl\u0131yordu. Birlikte ders \u00e7al\u0131\u015f\u0131yorlard\u0131 ve bu onlar\u0131 motive ediyordu. \u015eimdi \u00f6\u011frencilerin bu ortam\u0131 bozuldu\u201d dedi.<br \/>\nK\u00fct\u00fcphanenin yak\u0131t ve personel eksikli\u011fi gerek\u00e7esiyle kapat\u0131ld\u0131\u011f\u0131n\u0131 hat\u0131rlatan G\u00fcler, \u201cAma unutulmamal\u0131d\u0131r ki yapt\u0131klar\u0131 bu uygulama oraya gelen gen\u00e7lerin gelece\u011finden daha \u00f6nemli olamaz. Yar\u0131n bu nedenden dolay\u0131 s\u0131nav\u0131 kazanamayan gen\u00e7lerin kayb\u0131n\u0131 kim \u00f6deyecek. Okuyan, ara\u015ft\u0131ran bu gen\u00e7lere destek sunulmal\u0131d\u0131r. K\u00fct\u00fcphane d\u00fczenlenerek tekrar gen\u00e7lerin hizmetine sunulmal\u0131d\u0131r\u201d diye konu\u015ftu.<\/p>\n<p>Kaynak: http:\/\/www.evrensel.net\/haber.php?haber_id=24650<\/p>\n","protected":false},"excerpt":{"rendered":"<p>Okuma-yazma oran\u0131 en y\u00fcksek illerden biri olan Tunceli\u2019deki tek k\u00fct\u00fcphane kre\u015f yap\u0131ld\u0131. T\u00fcrkiye\u2019nin okuma-yazma oran\u0131 en y\u00fcksek illeri aras\u0131nda yer alan Tunceli\u2019deki tek halk k\u00fct\u00fcphanesi kapat\u0131ld\u0131. Bir zamanlar \u00f6\u011frencilerin ders \u00e7al\u0131\u015ft\u0131\u011f\u0131, halk\u0131n kitap okudu\u011fu k\u00fct\u00fcphane art\u0131k kre\u015f olarak kullan\u0131lacak. Kentteki tek k\u00fct\u00fcphaneyi kapatmaya g\u00f6t\u00fcren s\u00fcre\u00e7 asl\u0131nda e\u011fitimde \u00f6zelle\u015ftirme uygulamas\u0131n\u0131n bir sonucu. \u0130l Milli E\u011fitim M\u00fcd\u00fcrl\u00fc\u011f\u00fc [&hellip;]<\/p>\n","protected":false},"author":1,"featured_media":0,"comment_status":"open","ping_status":"open","sticky":false,"template":"","format":"standard","meta":{"footnotes":""},"categories":[1],"tags":[],"class_list":["post-1659","post","type-post","status-publish","format-standard","hentry","category-genel"],"_links":{"self":[{"href":"https:\/\/www.bbyhaber.com\/bby\/wp-json\/wp\/v2\/posts\/1659"}],"collection":[{"href":"https:\/\/www.bbyhaber.com\/bby\/wp-json\/wp\/v2\/posts"}],"about":[{"href":"https:\/\/www.bbyhaber.com\/bby\/wp-json\/wp\/v2\/types\/post"}],"author":[{"embeddable":true,"href":"https:\/\/www.bbyhaber.com\/bby\/wp-json\/wp\/v2\/users\/1"}],"replies":[{"embeddable":true,"href":"https:\/\/www.bbyhaber.com\/bby\/wp-json\/wp\/v2\/comments?post=1659"}],"version-history":[{"count":0,"href":"https:\/\/www.bbyhaber.com\/bby\/wp-json\/wp\/v2\/posts\/1659\/revisions"}],"wp:attachment":[{"href":"https:\/\/www.bbyhaber.com\/bby\/wp-json\/wp\/v2\/media?parent=1659"}],"wp:term":[{"taxonomy":"category","embeddable":true,"href":"https:\/\/www.bbyhaber.com\/bby\/wp-json\/wp\/v2\/categories?post=1659"},{"taxonomy":"post_tag","embeddable":true,"href":"https:\/\/www.bbyhaber.com\/bby\/wp-json\/wp\/v2\/tags?post=1659"}],"curies":[{"name":"wp","href":"https:\/\/api.w.org\/{rel}","templated":true}]}}