{"id":16584,"date":"2015-04-16T16:14:50","date_gmt":"2015-04-16T13:14:50","guid":{"rendered":"http:\/\/www.bbyhaber.com\/bby\/?p=16584"},"modified":"2015-04-16T16:15:20","modified_gmt":"2015-04-16T13:15:20","slug":"tkd-genel-merkezi%e2%80%99nden-aciklama-istanbul-kitapligi-halkindir-kapatilamaz","status":"publish","type":"post","link":"https:\/\/www.bbyhaber.com\/bby\/2015\/04\/16\/tkd-genel-merkezi%e2%80%99nden-aciklama-istanbul-kitapligi-halkindir-kapatilamaz","title":{"rendered":"TKD Genel Merkezi\u2019nden A\u00e7\u0131klama-\u0130stanbul kitapl\u0131\u011f\u0131 halk\u0131nd\u0131r. Kapat\u0131lamaz!"},"content":{"rendered":"<p style=\"text-align: justify;\"><img loading=\"lazy\" decoding=\"async\" class=\"alignleft\" src=\"http:\/\/www.bbyhaber.com\/bby\/wp-content\/uploads\/2015\/04\/ist-kitapligi.jpg\" alt=\"\" width=\"274\" height=\"152\" \/><a href=\"https:\/\/www.facebook.com\/tkdgenelmerkezi\" target=\"_blank\"><span style=\"color: #0000ff;\">TKD Genel Merkezi, resmi facebook sayfas\u0131<\/span><\/a>ndan \u0130stanbul Kitapl\u0131\u011f\u0131&#8217;n\u0131n kapat\u0131lmas\u0131na y\u00f6nelik bir a\u00e7\u0131klama yay\u0131nlad\u0131. A\u00e7\u0131klama metni \u015f\u00f6yledir: &#8220;\u0130stanbul Kitapl\u0131\u011f\u0131, \u00c7elik G\u00fclersoy taraf\u0131ndan 1986 y\u0131l\u0131nda \u0130stanbulla ilgili eserleri ve g\u00f6rsel malzemeyi toplamay\u0131 ama\u00e7layarak kurulmu\u015ftur. Kurulu\u015f ama\u00e7lar\u0131 ve i\u00e7inde toplan\u0131lan yaz\u0131l\u0131 ve g\u00f6rsel koleksiyon \u0130stanbul ve t\u00fcm T\u00fcrkiye i\u00e7in \u00f6nemli bir k\u00fct\u00fcphane ve ar\u015fiv koleksiyonu olma \u00f6zelli\u011fine sahiptir. K\u00fct\u00fcphanedeki eserlerin baz\u0131lar\u0131 400 y\u0131l \u00f6nce, \u0130stanbul hakk\u0131nda yabanc\u0131 ve T\u00fcrk ara\u015ft\u0131rmac\u0131lar ve yazarlar taraf\u0131ndan yaz\u0131lm\u0131\u015f bir\u00e7ok dilde kitaplar, nadir eserler, grav\u00fcrler, kartpostallar, haritalar, rehberler ve foto\u011fraflardan olu\u015fan zengin ve nitelikli bir i\u00e7eri\u011fe sahiptir.<!--more--><\/p>\n<p style=\"text-align: justify;\">K\u00fct\u00fcphanenin ilk koleksiyonu \u00c7elik G\u00fclersoy\u2019un 40 y\u0131ldan fazla s\u00fcrede toplad\u0131\u011f\u0131 \u00f6zel koleksiyondan; Roma ve Bizans, Osmanl\u0131 tarihi, seyahatnameler, sefaretnameler, hat\u0131ralar, g\u00fczel sanatlar, biyografi, \u0130stanbul&#8217;la ilgili \u015fahsiyetler ve onlar\u0131n di\u011fer eserleri, edebiyat eserleri, \u015fehircilik ve belediye sorunlar\u0131, kurulu\u015flar, \u0130stanbul rehberleri ve dergilerden olu\u015fmaktad\u0131r.<\/p>\n<p style=\"text-align: justify;\">Kitapl\u0131k koleksiyonu kurulu\u015fu sonras\u0131nda sat\u0131n alma ve ba\u011f\u0131\u015f yoluyla artarak 1990 y\u0131l\u0131nda hizmete a\u00e7\u0131lm\u0131\u015f, \u0130stanbul Kitapl\u0131\u011f\u0131 \u201c\u00c7elik G\u00fclersoy Vakf\u0131\u201dn\u0131n m\u00fclkiyetine ba\u011flanm\u0131\u015ft\u0131r. Kitapl\u0131k materyallerin bir \u00e7o\u011fu \u00fclkemiz k\u00fct\u00fcphanelerinde tek \u00f6rnek olup, m\u00fczayedelerde koleksiyonerlerce aranan de\u011ferli eserlendir.<\/p>\n<p style=\"text-align: justify;\">Kitapl\u0131k, \u00c7elik G\u00fclersoy Vakf\u0131\u2019n\u0131n merkezi olan tarihi binada, Ayasofya\u2019n\u0131n arkas\u0131ndan dola\u015fan So\u011fuk \u00c7e\u015fme soka\u011f\u0131nda hizmet vermektedir. \u0130stanbul Kitapl\u0131\u011f\u0131\u2019n\u0131n binas\u0131n\u0131n arkas\u0131nda Sur-u Humay\u00fbn ve Topkap\u0131 Saray\u0131 bah\u00e7eleri, \u00f6n\u00fcnde Ayasofya bulunmaktad\u0131r. Konum itibariyle ad\u0131 \u0130stanbul Kitapl\u0131\u011f\u0131 olan k\u00fct\u00fcphane \u0130stanbul ile b\u00fct\u00fcnle\u015fmi\u015f bir fiziki mekanda kurulmu\u015ftur. Bu bina T\u00fcrkiye Turing ve Otomobil Kurumu\u2019nun \u00c7elik G\u00fclersoy Vakf\u0131\u2019na \u0130stanbul Kitapl\u0131\u011f\u0131 kurulmas\u0131, k\u00fclt\u00fcr hizmeti verilmesi i\u00e7in ba\u011f\u0131\u015flanm\u0131\u015f. Vakf\u0131n ve K\u00fct\u00fcphanenin kurucusu \u00c7elik G\u00fclersoy \u0130stanbul Kitapl\u0131\u011f\u0131\u2019n\u0131n a\u00e7\u0131l\u0131\u015f konu\u015fmas\u0131nda; \u201cBu ulusal kurulu\u015fumuzu olu\u015fturan de\u011ferli ki\u015filer, en b\u00fcy\u00fck bina yerini, para getirecek bir otele de\u011fil, bir k\u00fclt\u00fcr yuvas\u0131na ay\u0131rmakta teredd\u00fct etmediler. Hayatta paradan \u00e7ok daha \u00f6nemli \u015feyler oldu\u011funu bilen bu kadroya, te\u015fekk\u00fcr bor\u00e7luyum.\u201d diyerek T\u00fcrkiye Turing ve Otomobil Kurumu\u2019nun deste\u011finin \u00f6nemine de\u011finmi\u015ftir.<\/p>\n<p style=\"text-align: justify;\">\u00c7elik G\u00fclersoy Vakf\u0131\u2019n\u0131n ve \u0130stanbul Kitapl\u0131\u011f\u0131\u2019n\u0131n kurucusu \u00c7elik G\u00fclersoy\u2019un 2 Nisan 1985 tarihinde noter huzurunda yazd\u0131rd\u0131\u011f\u0131 vasiyetinin 2. Maddesinde \u201c\u00c7elik G\u00fclersoy Vakf\u0131\u2019n\u0131n birinci amac\u0131 olan So\u011fuk\u00e7e\u015fme soka\u011f\u0131nda ana binas\u0131 haz\u0131rlanan \u201c\u0130stanbul Kitapl\u0131\u011f\u0131\u201d ad\u0131ndaki \u015fehir k\u00fct\u00fcphanesi ve ar\u015fivinin kurulmas\u0131na ve ya\u015fat\u0131lmas\u0131na tahsis edilmesi arzumdur. Kitapl\u0131\u011f\u0131n sa\u011fl\u0131mda ger\u00e7ekle\u015ftirilmesi halinde, bu malvarl\u0131\u011f\u0131 kitapl\u0131\u011f\u0131n ya\u015fat\u0131lmas\u0131nda kullan\u0131lacakt\u0131r.\u201d diyerek t\u00fcm varl\u0131\u011f\u0131n\u0131 \u201c\u0130stanbul Kitapl\u0131\u011f\u0131\u201dn\u0131n ya\u015fat\u0131lmas\u0131na b\u0131rakm\u0131\u015ft\u0131r.<\/p>\n<p style=\"text-align: justify;\">6 Temmuz 2003 tarihinde kanser hastal\u0131\u011f\u0131ndan vefat eden, vakf\u0131n kurucusu \u00c7elik G\u00fclersoy; Vakf\u0131n ilk amac\u0131 olarak k\u00fct\u00fcphane kurulmas\u0131 ve ya\u015fat\u0131lmas\u0131 olarak belirtmi\u015f ve t\u00fcm malvarl\u0131\u011f\u0131n\u0131 bu k\u00fct\u00fcphanenin ya\u015famas\u0131na b\u0131rakm\u0131\u015f olmas\u0131 bug\u00fcn vak\u0131f y\u00f6netim kurulu \u00fcyelerince hi\u00e7e say\u0131l\u0131yor. \u00c7elik G\u00fclersoy vakf\u0131, G\u00fclersoy\u2019un vefat\u0131ndan sonra G\u00fclersoy\u2019un kendisinin belirledi\u011fi 3 ki\u015filik m\u00fctevelli heyeti ve Y\u00f6netim Kurulu \u00fcyeleri; Dr. Arhan Apak (\u00dcye), Deniz Yalav (\u00dcye), Dr. U\u011fur \u0130brahimhakk\u0131o\u011flu (Ba\u015fkan) taraf\u0131ndan y\u00f6netilmektedir.<\/p>\n<p style=\"text-align: justify;\">\u00c7elik G\u00fclersoy\u2019un vefat\u0131 sonras\u0131nda 15 A\u011fustos 2003 tarihinde vak\u0131f y\u00f6netim kurulu taraf\u0131ndan merhum \u00c7elik G\u00fclersoy An\u0131s\u0131na &#8220;\u0130stanbul Vasiyeti&#8221; haz\u0131rlanm\u0131\u015f bu vasiyetin en ba\u015f\u0131nda; \u201cSultanahmet So\u011fuk\u00e7e\u015fme&#8217;deki e\u015fsiz eserlere sahip &#8220;\u0130stanbul K\u00fct\u00fcphanesi&#8221; halka a\u00e7\u0131k hale getirilsin\u201d maddesi konmu\u015ftur. An\u0131 Vasiyeti haz\u0131rlay\u0131p alt\u0131na imza atan y\u00f6netim kurulu \u00fcyeleri att\u0131klar\u0131 imzaya sahip \u00e7\u0131kmal\u0131d\u0131r.<\/p>\n<p style=\"text-align: justify;\">K\u00fct\u00fcphaneyi ya\u015fatmak, nitelikli k\u00fct\u00fcphane hizmeti vermek ve gelece\u011fe ta\u015f\u0131makta sorumlu olan vakf\u0131n y\u00f6netim kurulu \u00fcyelerinde iki \u00fcye (bir y\u00f6netim kurulu \u00fcyesinin \u015ferhine ra\u011fmen) vakf\u0131n ve k\u00fct\u00fcphanenin merkezi binas\u0131n\u0131 defalarca satma giri\u015fiminde bulunulmu\u015f, yasal nedenlerle satamayacaklar\u0131n\u0131 anlay\u0131nca 49 y\u0131ll\u0131\u011f\u0131na kiralamak i\u00e7in kurulu karar\u0131 al\u0131nm\u0131\u015ft\u0131r. Bu karar do\u011frultusunda emlak kiralayan sitelerden birinde \u201cOtel, Butik Otel, Restoran ve Cafe olarak kullanilabilir ibaresi ile 49 y\u0131ll\u0131\u011f\u0131na kiralanabilece\u011fi\u201d ilan edilmi\u015ftir.<\/p>\n<p style=\"text-align: justify;\">\u00c7elik G\u00fclersoy Vakf\u0131\u2019n\u0131n y\u00f6neticileri, vakf\u0131n ve kitapl\u0131\u011f\u0131n kurucusu \u0130stanbul ve K\u00fct\u00fcphane sevdal\u0131s\u0131 \u00c7elik G\u00fclersoy\u2019un miras\u0131n\u0131 ve emeklerini hi\u00e7e saymaktad\u0131r. Vak\u0131f ve kitapl\u0131k \u0130stanbullular\u0131n ortak miras\u0131d\u0131r. Birinci amac\u0131 \u0130stanbul Kitapl\u0131\u011f\u0131\u2019n\u0131 ya\u015fatmak olan vakf\u0131n y\u00f6neticileri k\u00fct\u00fcphanenin nitelikli bir \u015fekilde hizmetlerini yerine getirmek yerine k\u00fct\u00fcphanenin binas\u0131n\u0131 kiralayarak ne yapacakt\u0131r? Vakf\u0131n k\u00fct\u00fcphane d\u0131\u015f\u0131nda hi\u00e7bir faaliyeti bulunmazken binay\u0131 kiralama giri\u015fiminin amac\u0131 nedir?<\/p>\n<p style=\"text-align: justify;\">K\u00fct\u00fcphanenin yenilenmesi ve \u0130stanbullulara kaliteli hizmet vermesi i\u00e7in uzun y\u0131llard\u0131r hi\u00e7bir giri\u015fimde bulunmayan vak\u0131f y\u00f6neticilerinin k\u00fct\u00fcphaneyi kapatmaya y\u00f6nelik giri\u015fimi i\u00e7in gerek\u00e7eler nelerdir?<\/p>\n<p style=\"text-align: justify;\">Bina kiraland\u0131ktan sonra vak\u0131f ve kitapl\u0131k nerede hizmete devam edecektir?<\/p>\n<p style=\"text-align: justify;\">Bizler Vakf\u0131n ekonomik olarak kitapl\u0131k binas\u0131n\u0131 kiralamay\u0131 gerektirecek bir s\u0131k\u0131nt\u0131 nedeni olmad\u0131\u011f\u0131n\u0131 merhum \u00c7elik G\u00fclersoy\u2019un miras\u0131n\u0131n t\u00fcm\u00fcn\u00fcn vak\u0131fa b\u0131rakmas\u0131ndan dolay\u0131 bilmekteyiz.<\/p>\n<p style=\"text-align: justify;\">T\u00fcrk K\u00fct\u00fcphaneciler Derne\u011fi, \u0130stanbul\u2019da ya\u015fayan k\u00fct\u00fcphaneciler, k\u00fct\u00fcphane severler, k\u00fct\u00fcphane dostlar\u0131 ve istanbullu yurtta\u015flar olarak \u0130stanbul Kitapl\u0131\u011f\u0131\u2019n\u0131n mevcut yerinde hizmet vermesinin s\u00fcrmesini, k\u00fct\u00fcphanenin \u0130stanbullulara kaliteli hizmet vermesi i\u00e7in modernle\u015ftirilmesini ve personel say\u0131s\u0131n\u0131n artt\u0131r\u0131lmas\u0131n\u0131 istiyoruz.<\/p>\n<p style=\"text-align: justify;\">\u0130stanbul\u2019un, \u0130stanbullular\u0131n ortak miras\u0131 olan \u201c\u00c7elik G\u00fclersoy Vakf\u0131 \u0130stanbul Kitapl\u0131\u011f\u0131\u201dn\u0131n kapat\u0131lmamas\u0131 ve nitelikli bir hizmet vermesi i\u00e7in gerekli giri\u015fimlerde bulunaca\u011f\u0131z. T\u00fczel ki\u015filikler ve yurtta\u015flar olarak s\u00fcrecin hukuksal a\u00e7\u0131dan incelemeleri ve giri\u015fimleri ba\u015flat\u0131yoruz. K\u00fct\u00fcphanenin ya\u015fat\u0131lmas\u0131 i\u00e7in takip\u00e7i olaca\u011f\u0131z. \u0130stanbul\u2019un \u00f6nemli bir k\u00fclt\u00fcr kurumu olan \u201c\u0130stanbul Kitapl\u0131\u011f\u0131\u201d na sahip \u00e7\u0131kmak i\u00e7in t\u00fcm \u0130stanbullular\u0131, kitap ve k\u00fct\u00fcphane dostlar\u0131n\u0131, yay\u0131nc\u0131lar\u0131, yazarlar\u0131, okurlar\u0131 ve t\u00fcm de\u011ferli kamuoyunu duyarl\u0131 olmaya \u0130stanbul\u2019umuzun k\u00fclt\u00fcrel miraslar\u0131na sahip \u00e7\u0131kmaya \u00e7a\u011f\u0131r\u0131yoruz.&#8221;<\/p>\n<p style=\"text-align: justify;\"><em>T\u00fcrk K\u00fct\u00fcphaneciler Derne\u011fi<\/em><\/p>\n","protected":false},"excerpt":{"rendered":"<p>TKD Genel Merkezi, resmi facebook sayfas\u0131ndan \u0130stanbul Kitapl\u0131\u011f\u0131&#8217;n\u0131n kapat\u0131lmas\u0131na y\u00f6nelik bir a\u00e7\u0131klama yay\u0131nlad\u0131. A\u00e7\u0131klama metni \u015f\u00f6yledir: &#8220;\u0130stanbul Kitapl\u0131\u011f\u0131, \u00c7elik G\u00fclersoy taraf\u0131ndan 1986 y\u0131l\u0131nda \u0130stanbulla ilgili eserleri ve g\u00f6rsel malzemeyi toplamay\u0131 ama\u00e7layarak kurulmu\u015ftur. Kurulu\u015f ama\u00e7lar\u0131 ve i\u00e7inde toplan\u0131lan yaz\u0131l\u0131 ve g\u00f6rsel koleksiyon \u0130stanbul ve t\u00fcm T\u00fcrkiye i\u00e7in \u00f6nemli bir k\u00fct\u00fcphane ve ar\u015fiv koleksiyonu olma \u00f6zelli\u011fine sahiptir. [&hellip;]<\/p>\n","protected":false},"author":1,"featured_media":0,"comment_status":"open","ping_status":"open","sticky":false,"template":"","format":"standard","meta":{"footnotes":""},"categories":[1],"tags":[],"class_list":["post-16584","post","type-post","status-publish","format-standard","hentry","category-genel"],"_links":{"self":[{"href":"https:\/\/www.bbyhaber.com\/bby\/wp-json\/wp\/v2\/posts\/16584"}],"collection":[{"href":"https:\/\/www.bbyhaber.com\/bby\/wp-json\/wp\/v2\/posts"}],"about":[{"href":"https:\/\/www.bbyhaber.com\/bby\/wp-json\/wp\/v2\/types\/post"}],"author":[{"embeddable":true,"href":"https:\/\/www.bbyhaber.com\/bby\/wp-json\/wp\/v2\/users\/1"}],"replies":[{"embeddable":true,"href":"https:\/\/www.bbyhaber.com\/bby\/wp-json\/wp\/v2\/comments?post=16584"}],"version-history":[{"count":0,"href":"https:\/\/www.bbyhaber.com\/bby\/wp-json\/wp\/v2\/posts\/16584\/revisions"}],"wp:attachment":[{"href":"https:\/\/www.bbyhaber.com\/bby\/wp-json\/wp\/v2\/media?parent=16584"}],"wp:term":[{"taxonomy":"category","embeddable":true,"href":"https:\/\/www.bbyhaber.com\/bby\/wp-json\/wp\/v2\/categories?post=16584"},{"taxonomy":"post_tag","embeddable":true,"href":"https:\/\/www.bbyhaber.com\/bby\/wp-json\/wp\/v2\/tags?post=16584"}],"curies":[{"name":"wp","href":"https:\/\/api.w.org\/{rel}","templated":true}]}}