{"id":1657,"date":"2008-04-01T20:06:51","date_gmt":"2008-04-01T20:06:51","guid":{"rendered":"http:\/\/www.bbyhaber.com\/bby\/?p=1657"},"modified":"2012-03-19T11:05:08","modified_gmt":"2012-03-19T11:05:08","slug":"internet-kutuphaneleri-vurdu","status":"publish","type":"post","link":"https:\/\/www.bbyhaber.com\/bby\/2008\/04\/01\/internet-kutuphaneleri-vurdu","title":{"rendered":"\u0130nternet, k\u00fct\u00fcphaneleri vurdu"},"content":{"rendered":"<p style=\"text-align: justify;\">\u0130nternetin h\u0131zla yayg\u0131nla\u015fmas\u0131 k\u00fct\u00fcphanelerden faydalanma oran\u0131n\u0131 h\u0131zla d\u00fc\u015f\u00fcrd\u00fc. K\u00fct\u00fcphane Haftas\u0131 Ardahan&#8217;da d\u00fczenlenen bir programla kutland\u0131. Halk E\u011fitim Merkezi&#8217;nde d\u00fczenlenen programa ba\u015fta Vali Murat Y\u0131ld\u0131r\u0131m olmak \u00fczere, \u00e7ok say\u0131da daire amiri, \u00f6\u011frenci ve \u00f6\u011fretmen kat\u0131ld\u0131. Sayg\u0131 duru\u015fu ve \u0130stiklal Mar\u015f\u0131&#8217;n\u0131n okunmas\u0131n\u0131n ard\u0131ndan konu\u015fan \u0130l K\u00fclt\u00fcr ve Turizm M\u00fcd\u00fcr\u00fc O\u011fuz Akbaba\u00f6z, geli\u015fen teknoloji ile birlikte kitaplar\u0131n unutuldu\u011funu belirterek, &#8220;Maalesef internet kitap okuman\u0131n \u00f6n\u00fcne ge\u00e7mi\u015f durumda.&#8221; dedi. Ardahan&#8217;da kitap okunmas\u0131n\u0131 yayg\u0131nla\u015ft\u0131rmak i\u00e7in kitap okuma kampanyas\u0131 ba\u015flatt\u0131klar\u0131n\u0131 dile getiren Vali Murat Y\u0131ld\u0131r\u0131m ise, &#8220;Millet olarak fazla okuyan bir toplum de\u011filiz. G\u00fcndemi de\u011ferlendirme ve olaylar\u0131 iyi bir \u015fekilde analiz etmek i\u00e7in \u00e7ok kitap okumam\u0131z laz\u0131m. Ba\u015flatt\u0131\u011f\u0131m\u0131z kitap kampanyas\u0131nda kitap s\u0131k\u0131nt\u0131m\u0131z yok. En \u00fccra k\u00f6ylerin okullar\u0131na bile kitap g\u00f6nderdik. Burada okul m\u00fcd\u00fcrlerine \u00e7ok i\u015f d\u00fc\u015f\u00fcyor. \u00d6\u011frencileri daha fazla kitap okumaya te\u015fvik etmeliler. Bunun i\u00e7in disiplin sa\u011flanmas\u0131 gerekir. Her g\u00fcn planl\u0131 bir \u015fekilde \u00f6\u011frencilerin kitap okuma saatlerinde okul m\u00fcd\u00fcrleri ve g\u00f6revli arkada\u015flar\u0131n i\u015flerini titizlikle yapmas\u0131 laz\u0131m.&#8221; dedi. \u015eiir ve kompozisyon dallar\u0131nda birinci olan \u00f6\u011frencilere \u00f6d\u00fcllerinin verilmesinin ard\u0131ndan program il k\u00fct\u00fcphanesinde a\u00e7\u0131lan resim ve kitap sergisiyle devam etti. Vali Murat Y\u0131ld\u0131r\u0131m burada sergiyi dola\u015farak k\u00fct\u00fcphane hakk\u0131nda yetkililerden bilgiler ald\u0131.<\/p>\n<p style=\"text-align: justify;\">Kaynak: http:\/\/www.dunyabulteni.net\/<\/p>\n","protected":false},"excerpt":{"rendered":"<p>\u0130nternetin h\u0131zla yayg\u0131nla\u015fmas\u0131 k\u00fct\u00fcphanelerden faydalanma oran\u0131n\u0131 h\u0131zla d\u00fc\u015f\u00fcrd\u00fc. K\u00fct\u00fcphane Haftas\u0131 Ardahan&#8217;da d\u00fczenlenen bir programla kutland\u0131. Halk E\u011fitim Merkezi&#8217;nde d\u00fczenlenen programa ba\u015fta Vali Murat Y\u0131ld\u0131r\u0131m olmak \u00fczere, \u00e7ok say\u0131da daire amiri, \u00f6\u011frenci ve \u00f6\u011fretmen kat\u0131ld\u0131. Sayg\u0131 duru\u015fu ve \u0130stiklal Mar\u015f\u0131&#8217;n\u0131n okunmas\u0131n\u0131n ard\u0131ndan konu\u015fan \u0130l K\u00fclt\u00fcr ve Turizm M\u00fcd\u00fcr\u00fc O\u011fuz Akbaba\u00f6z, geli\u015fen teknoloji ile birlikte kitaplar\u0131n unutuldu\u011funu [&hellip;]<\/p>\n","protected":false},"author":1,"featured_media":0,"comment_status":"open","ping_status":"open","sticky":false,"template":"","format":"standard","meta":{"footnotes":""},"categories":[1],"tags":[],"class_list":["post-1657","post","type-post","status-publish","format-standard","hentry","category-genel"],"_links":{"self":[{"href":"https:\/\/www.bbyhaber.com\/bby\/wp-json\/wp\/v2\/posts\/1657"}],"collection":[{"href":"https:\/\/www.bbyhaber.com\/bby\/wp-json\/wp\/v2\/posts"}],"about":[{"href":"https:\/\/www.bbyhaber.com\/bby\/wp-json\/wp\/v2\/types\/post"}],"author":[{"embeddable":true,"href":"https:\/\/www.bbyhaber.com\/bby\/wp-json\/wp\/v2\/users\/1"}],"replies":[{"embeddable":true,"href":"https:\/\/www.bbyhaber.com\/bby\/wp-json\/wp\/v2\/comments?post=1657"}],"version-history":[{"count":0,"href":"https:\/\/www.bbyhaber.com\/bby\/wp-json\/wp\/v2\/posts\/1657\/revisions"}],"wp:attachment":[{"href":"https:\/\/www.bbyhaber.com\/bby\/wp-json\/wp\/v2\/media?parent=1657"}],"wp:term":[{"taxonomy":"category","embeddable":true,"href":"https:\/\/www.bbyhaber.com\/bby\/wp-json\/wp\/v2\/categories?post=1657"},{"taxonomy":"post_tag","embeddable":true,"href":"https:\/\/www.bbyhaber.com\/bby\/wp-json\/wp\/v2\/tags?post=1657"}],"curies":[{"name":"wp","href":"https:\/\/api.w.org\/{rel}","templated":true}]}}