{"id":16569,"date":"2015-04-14T19:02:15","date_gmt":"2015-04-14T16:02:15","guid":{"rendered":"http:\/\/www.bbyhaber.com\/bby\/?p=16569"},"modified":"2016-03-28T20:23:23","modified_gmt":"2016-03-28T17:23:23","slug":"sira-disi-okurlar-belgeseli","status":"publish","type":"post","link":"https:\/\/www.bbyhaber.com\/bby\/2015\/04\/14\/sira-disi-okurlar-belgeseli","title":{"rendered":"S\u0131rad\u0131\u015f\u0131 Okurlar Belgeseli 2015"},"content":{"rendered":"<p style=\"text-align: justify;\"><img loading=\"lazy\" decoding=\"async\" class=\"alignleft\" src=\"http:\/\/www.bbyhaber.com\/bby\/wp-content\/uploads\/2015\/04\/siradisi-okurlar-belgeseli.jpg\" alt=\"S\u0131rad\u0131\u015f\u0131 Okurlar\" width=\"295\" height=\"166\" \/>K\u00fclt\u00fcr ve Turizm Bakanl\u0131\u011f\u0131 K\u00fct\u00fcphaneler ve Yay\u0131mlar Genel M\u00fcd\u00fcrl\u00fc\u011f\u00fc ve T\u00fcrk K\u00fct\u00fcphaneciler Derne\u011fi\u2019nin i\u015fbirli\u011fi ile haz\u0131rlanan ve T\u00fcrkiye\u2019nin farkl\u0131 \u015fehirlerinde ya\u015fayan s\u0131ra d\u0131\u015f\u0131 halk k\u00fct\u00fcphanesi kullan\u0131c\u0131lar\u0131n\u0131 anlatan belgesel filmlerinin be\u015fincisi a\u015fa\u011f\u0131dad\u0131r.<!--more--><\/p>\n<p style=\"text-align: justify;\">Ayr\u0131ca konuyla ilgili olarak, 2010 y\u0131l\u0131nda T\u00fcrk K\u00fct\u00fcphanecili\u011fi Dergisi&#8217;nin &#8220;Okuyucu Mektuplar\u0131&#8221; b\u00f6l\u00fcm\u00fcnde \u0130smail Aray\u0131c\u0131 taraf\u0131ndan kaleme al\u0131nm\u0131\u015f &#8220;<a title=\"S\u0131ra D\u0131\u015f\u0131 Okurlar: Bir Belgeselin \u00d6yk\u00fcs\u00fc\" href=\"http:\/\/www.tk.org.tr\/index.php\/TK\/article\/view\/638\/635\" target=\"_blank\">S\u0131ra D\u0131\u015f\u0131 Okurlar: Bir Belgeselin \u00d6yk\u00fcs\u00fc<\/a>&#8221; isimli yaz\u0131ya da g\u00f6z atabilirsiniz.<\/p>\n<p>&nbsp;<\/p>\n<p><iframe loading=\"lazy\" src=\"https:\/\/www.youtube.com\/embed\/rpAP6ivMhsQ\" frameborder=\"0\" width=\"560\" height=\"315\"><\/iframe><\/p>\n","protected":false},"excerpt":{"rendered":"<p>K\u00fclt\u00fcr ve Turizm Bakanl\u0131\u011f\u0131 K\u00fct\u00fcphaneler ve Yay\u0131mlar Genel M\u00fcd\u00fcrl\u00fc\u011f\u00fc ve T\u00fcrk K\u00fct\u00fcphaneciler Derne\u011fi\u2019nin i\u015fbirli\u011fi ile haz\u0131rlanan ve T\u00fcrkiye\u2019nin farkl\u0131 \u015fehirlerinde ya\u015fayan s\u0131ra d\u0131\u015f\u0131 halk k\u00fct\u00fcphanesi kullan\u0131c\u0131lar\u0131n\u0131 anlatan belgesel filmlerinin be\u015fincisi a\u015fa\u011f\u0131dad\u0131r.<\/p>\n","protected":false},"author":129,"featured_media":0,"comment_status":"open","ping_status":"open","sticky":false,"template":"","format":"standard","meta":{"footnotes":""},"categories":[1],"tags":[1461,835],"class_list":["post-16569","post","type-post","status-publish","format-standard","hentry","category-genel","tag-kutuphane-haftasi","tag-sira-disi-okurlar"],"_links":{"self":[{"href":"https:\/\/www.bbyhaber.com\/bby\/wp-json\/wp\/v2\/posts\/16569"}],"collection":[{"href":"https:\/\/www.bbyhaber.com\/bby\/wp-json\/wp\/v2\/posts"}],"about":[{"href":"https:\/\/www.bbyhaber.com\/bby\/wp-json\/wp\/v2\/types\/post"}],"author":[{"embeddable":true,"href":"https:\/\/www.bbyhaber.com\/bby\/wp-json\/wp\/v2\/users\/129"}],"replies":[{"embeddable":true,"href":"https:\/\/www.bbyhaber.com\/bby\/wp-json\/wp\/v2\/comments?post=16569"}],"version-history":[{"count":0,"href":"https:\/\/www.bbyhaber.com\/bby\/wp-json\/wp\/v2\/posts\/16569\/revisions"}],"wp:attachment":[{"href":"https:\/\/www.bbyhaber.com\/bby\/wp-json\/wp\/v2\/media?parent=16569"}],"wp:term":[{"taxonomy":"category","embeddable":true,"href":"https:\/\/www.bbyhaber.com\/bby\/wp-json\/wp\/v2\/categories?post=16569"},{"taxonomy":"post_tag","embeddable":true,"href":"https:\/\/www.bbyhaber.com\/bby\/wp-json\/wp\/v2\/tags?post=16569"}],"curies":[{"name":"wp","href":"https:\/\/api.w.org\/{rel}","templated":true}]}}