{"id":16537,"date":"2015-04-22T09:24:11","date_gmt":"2015-04-22T06:24:11","guid":{"rendered":"http:\/\/www.bbyhaber.com\/bby\/?p=16537"},"modified":"2015-07-07T09:25:57","modified_gmt":"2015-07-07T06:25:57","slug":"turk-kutuphaneciligi-cilt-29-sayi-1-2015","status":"publish","type":"post","link":"https:\/\/www.bbyhaber.com\/bby\/2015\/04\/22\/turk-kutuphaneciligi-cilt-29-sayi-1-2015","title":{"rendered":"T\u00fcrk K\u00fct\u00fcphanecili\u011fi: Cilt 29, Say\u0131 1 (2015)"},"content":{"rendered":"<p style=\"text-align: justify;\"><img loading=\"lazy\" decoding=\"async\" class=\"alignleft\" src=\"http:\/\/www.bbyhaber.com\/bby\/wp-content\/uploads\/2014\/03\/tk-logo.jpg\" alt=\"\" width=\"245\" height=\"129\" \/>T\u00fcrk K\u00fct\u00fcphanecili\u011fi Dergisi &#8220;<a href=\"http:\/\/www.tk.org.tr\/index.php\/TK\/issue\/current\" target=\"_blank\">Cilt 29, Say\u0131 1 (2015)<\/a>&#8221; yay\u0131nland\u0131. Yeni say\u0131da yer alan b\u00f6l\u00fcmler ve i\u00e7erikleri a\u015fa\u011f\u0131daki gibidir.<\/p>\n<p style=\"text-align: justify;\">Yeni say\u0131y\u0131 okumak i\u00e7in <strong><a href=\"http:\/\/www.tk.org.tr\/index.php\/TK\/issue\/current\" target=\"_blank\"><span style=\"color: #0000ff;\">l\u00fctfen t\u0131klay\u0131n\u0131z.<\/span><\/a><\/strong><!--more--><\/p>\n<p style=\"text-align: justify;\"><strong>Edit\u00f6rden\/Editorial<\/strong><\/p>\n<p style=\"text-align: justify;\">S\u00fcreyya \u00c7ank\u0131r\u0131,\u00a0 &#8220;K\u00fct\u00fcphanelerin Ya\u015famsall\u0131\u011f\u0131&#8221;<\/p>\n<p style=\"text-align: justify;\"><strong>Ba\u015fkan\u0131n Mesaj\u0131 \/ Message from Chair<\/strong><\/p>\n<p style=\"text-align: justify;\"><strong>Hakemli Yaz\u0131lar \/ Refereed Papers<\/strong><\/p>\n<p style=\"text-align: justify;\">Mehmet Ali Akkaya, &#8220;Bilgi Kayna\u011f\u0131 Olarak M\u00fczik Notalar\u0131 ve T\u00fcrkiye\u2019deki Eri\u015fim Tercihlerine \u0130li\u015fkin Genel Bir Bak\u0131\u015f&#8221; \/ The Musical Notes as an Information Source and a General Outlook on Access Preferences in Turkey<\/p>\n<p style=\"text-align: justify;\"><strong>K\u00fct\u00fcphanecili\u011fimize Kanat Gerenler \/ Pioneers of Modern Turkish Librarianship<\/strong><\/p>\n<p style=\"text-align: justify;\">\u00d6zer Soysal, &#8220;T\u00fcrk K\u00fct\u00fcphanecili\u011fi\u2019nde D\u00fc\u015f\u00fcnsel Yap\u0131lanma Sorunu&#8221;<\/p>\n<p style=\"text-align: justify;\">Hilmi \u00c7elik, &#8220;Milli K\u00fct\u00fcphane \u00d6yk\u00fcs\u00fc&#8221;<\/p>\n<p style=\"text-align: justify;\"><strong>G\u00f6r\u00fc\u015fler \/ Opinion Papers<\/strong><\/p>\n<p style=\"text-align: justify;\">Ya\u015far Tonta ve Umut Al, &#8220;Ara\u015ft\u0131rma Verilerinin Y\u00f6netimi&#8221; \/ Research Data Management<\/p>\n<p style=\"text-align: justify;\">Ay\u015fe Y\u00fcksel Durukan, &#8220;Neden K\u00fct\u00fcphane \u00d6\u011fretmenine \u0130htiyac\u0131m\u0131z Var?&#8221; \/ Why Do We Need Library Teachers?<\/p>\n<p style=\"text-align: justify;\">Mandana Mir Moftakhari, &#8220;Avustralya\u2019da Halk K\u00fct\u00fcphaneleri ve E\u011fitim \u0130li\u015fkisi: 1996-2011&#8221; \/ Relationship of Public Libraries and Education in Australia: 1996-2011<\/p>\n<p style=\"text-align: justify;\">M. Tayfun G\u00fclle, &#8220;T\u00fcrkiye Bilgi Toplumu Olabilir mi?&#8221; \/ Is It Possible for Turkey to Be An Information Society?<\/p>\n<p style=\"text-align: justify;\"><strong>Okuyucu Mektuplar\u0131 \/ Reader Letters<\/strong><\/p>\n<p style=\"text-align: justify;\">Enes \u00c7elik ve N. Gizay \u00d6zt\u00fcrk, &#8220;Bir Gen\u00e7lik Projesi Deneyimi: Hayat Boyu \u00d6\u011frenme\/ Media Sapiens \u2013 Medya Arac\u0131l\u0131\u011f\u0131yla Gelir Art\u0131rma Projesi E\u011fitimi&#8221; \/ An Experience of a Youth Project: Lifelong Learning\/ Media Sapiens \u2013 Fundraising through Media Training<\/p>\n<p style=\"text-align: justify;\">Sel\u00e7uk H\u00fcnerli, &#8220;Canland\u0131rman\u0131n Dayan\u0131lmaz Pazarlamas\u0131&#8221; \/ Unbearable Marketing of Animating<\/p>\n<p style=\"text-align: justify;\">\u00dcst\u00fcn Y\u0131ld\u0131r\u0131m, &#8220;K\u00fct\u00fcphanecilerin 50. Y\u0131l Bulu\u015fmas\u0131&#8221; \/ Golden Jubilee of the Librarians<\/p>\n<p style=\"text-align: justify;\">T\u00fcrk K\u00fct\u00fcphaneciler Derne\u011fi, &#8220;T\u00fcrk K\u00fct\u00fcphaneciler Derne\u011fi Genel Merkez Y\u00f6netim Kurulu Ekim 2012 \u2013 Ekim 2014 Faaliyet Raporu&#8221; \/ Annual Report of Turkish Librarians\u2019 Association General Headquarters October 2012 \u2013 October 2014<\/p>\n<p style=\"text-align: justify;\"><strong>\u00c7eviri Yaz\u0131lar \/ Translations<\/strong><\/p>\n<p style=\"text-align: justify;\">G\u00fcler Demir, &#8220;H\u00fck\u00fcml\u00fc ve Tutuklulara Y\u00f6nelik K\u00fct\u00fcphane Hizmetleri K\u0131lavuzu- 3. Bas\u0131m&#8221; \/ Guidelines for library services to prisoners &#8211; 3rd Edition<\/p>\n<p style=\"text-align: justify;\">Elsa Bitri ve Hasan S. Kesero\u011flu, &#8220;Uluslararas\u0131 Kataloglama \u0130lkeleri Bildirgesi&#8221; \/ Statement of International Cataloguing Principles<\/p>\n<p style=\"text-align: justify;\">Atakan Ayd\u0131n, &#8220;Dijital Vatanda\u015fl\u0131k&#8221; \/ Global Digital Citizenship<\/p>\n<p style=\"text-align: justify;\"><strong>Tan\u0131t\u0131m &#8211; De\u011ferlendirme \/ Reviews<\/strong><\/p>\n<p style=\"text-align: justify;\">Hasan S. Kesero\u011flu ve Elsa Bitri, &#8220;Anadolu K\u00fct\u00fcphaneleri&#8221;<\/p>\n<p style=\"text-align: justify;\">Ahmet U\u011fur \u00d6z\u00e7elik, \u015eaban Aksoy, Hakan Y\u00fccel, Mehmet K\u00fc\u00e7\u00fck, &#8220;Halk K\u00fct\u00fcphaneleri Platformu&#8221;<\/p>\n<p style=\"text-align: justify;\">Muhittin G\u00fcrb\u00fcz, &#8220;\u0130lk Kitab\u0131m ve Hazine Sand\u0131\u011f\u0131m Projesi ve T\u00fcrkiye \u0130\u00e7in \u00d6neriler&#8221;<\/p>\n<p style=\"text-align: justify;\"><strong>Haberler \/ News<\/strong><\/p>\n<p style=\"text-align: justify;\"><strong>Mesleki Toplant\u0131lar \/ Professional Meetings<\/strong><\/p>\n<p style=\"text-align: justify;\"><strong>Yay\u0131n Politikas\u0131 \/ Editorial Policy<\/strong><\/p>\n<p style=\"text-align: justify;\">Yeni say\u0131y\u0131 okumak i\u00e7in <span style=\"color: #0000ff;\"><strong><a href=\"http:\/\/www.tk.org.tr\/index.php\/TK\/issue\/current\" target=\"_blank\"><span style=\"color: #0000ff;\">l\u00fctfen t\u0131klay\u0131n\u0131z.<\/span><\/a><\/strong><\/span><\/p>\n","protected":false},"excerpt":{"rendered":"<p>T\u00fcrk K\u00fct\u00fcphanecili\u011fi Dergisi &#8220;Cilt 29, Say\u0131 1 (2015)&#8221; yay\u0131nland\u0131. Yeni say\u0131da yer alan b\u00f6l\u00fcmler ve i\u00e7erikleri a\u015fa\u011f\u0131daki gibidir. Yeni say\u0131y\u0131 okumak i\u00e7in l\u00fctfen t\u0131klay\u0131n\u0131z.<\/p>\n","protected":false},"author":1,"featured_media":0,"comment_status":"open","ping_status":"open","sticky":false,"template":"","format":"standard","meta":{"footnotes":""},"categories":[],"tags":[1414,1416],"class_list":["post-16537","post","type-post","status-publish","format-standard","hentry","tag-bby-dergiler","tag-turk-kutuphaneciligi"],"_links":{"self":[{"href":"https:\/\/www.bbyhaber.com\/bby\/wp-json\/wp\/v2\/posts\/16537"}],"collection":[{"href":"https:\/\/www.bbyhaber.com\/bby\/wp-json\/wp\/v2\/posts"}],"about":[{"href":"https:\/\/www.bbyhaber.com\/bby\/wp-json\/wp\/v2\/types\/post"}],"author":[{"embeddable":true,"href":"https:\/\/www.bbyhaber.com\/bby\/wp-json\/wp\/v2\/users\/1"}],"replies":[{"embeddable":true,"href":"https:\/\/www.bbyhaber.com\/bby\/wp-json\/wp\/v2\/comments?post=16537"}],"version-history":[{"count":0,"href":"https:\/\/www.bbyhaber.com\/bby\/wp-json\/wp\/v2\/posts\/16537\/revisions"}],"wp:attachment":[{"href":"https:\/\/www.bbyhaber.com\/bby\/wp-json\/wp\/v2\/media?parent=16537"}],"wp:term":[{"taxonomy":"category","embeddable":true,"href":"https:\/\/www.bbyhaber.com\/bby\/wp-json\/wp\/v2\/categories?post=16537"},{"taxonomy":"post_tag","embeddable":true,"href":"https:\/\/www.bbyhaber.com\/bby\/wp-json\/wp\/v2\/tags?post=16537"}],"curies":[{"name":"wp","href":"https:\/\/api.w.org\/{rel}","templated":true}]}}