{"id":16512,"date":"2015-04-06T10:30:21","date_gmt":"2015-04-06T07:30:21","guid":{"rendered":"http:\/\/www.bbyhaber.com\/bby\/?p=16512"},"modified":"2015-04-06T10:30:21","modified_gmt":"2015-04-06T07:30:21","slug":"kutuphaneler-ogrencilerin-ders-calisacagi-alanlar-degilmis","status":"publish","type":"post","link":"https:\/\/www.bbyhaber.com\/bby\/2015\/04\/06\/kutuphaneler-ogrencilerin-ders-calisacagi-alanlar-degilmis","title":{"rendered":"K\u00fct\u00fcphaneler \u00f6\u011frencilerin ders \u00e7al\u0131\u015faca\u011f\u0131 alanlar de\u011filmi\u015f!"},"content":{"rendered":"<p style=\"text-align: justify;\"><img loading=\"lazy\" decoding=\"async\" class=\"alignleft\" src=\"http:\/\/www.bbyhaber.com\/bby\/wp-content\/uploads\/2015\/04\/kutuphaneler-ogrencilerin-ders-calisacagi-alanlar-degilmis.jpg\" alt=\"\" width=\"280\" height=\"155\" \/>Van\u2019da 2011 y\u0131l\u0131nda meydana gelen iki b\u00fcy\u00fck depremin ard\u0131ndan k\u00fct\u00fcphane binas\u0131n\u0131n hasar g\u00f6rmesi ile k\u00fct\u00fcphane ge\u00e7ici olarak G\u00fczel Sanatlar Galeri Salonu\u2019na ta\u015f\u0131nm\u0131\u015ft\u0131. Yeni bir k\u00fct\u00fcphane yap\u0131lmad\u0131\u011f\u0131 ve eski bina da \u00e7\u00fcr\u00fcmeye terk edildi\u011fi i\u00e7in hala Galeri Salonu kullan\u0131l\u0131yor. 31 Mart-6 Nisan aras\u0131nda \u00fclkenin b\u00fct\u00fcn il ve il\u00e7elerinde K\u00fct\u00fcphane Haftas\u0131 kutlan\u0131rken, 1 milyon 100 bin n\u00fcfuslu Van\u2019\u0131n K\u00fct\u00fcphane binas\u0131 yok.<!--more--><\/p>\n<p style=\"text-align: justify;\"><strong>Hasar g\u00f6ren bina \u00e7\u00fcr\u00fcmeye terk edildi<\/strong><\/p>\n<p style=\"text-align: justify;\">Evrensel\u2019den Faz\u0131l Er\u00fc\u015f\u2019\u00fcn haberine g\u00f6re, kentte 23 Ekim ve 9 Kas\u0131m 2011 tarihlerinde meydana gelen depremlerde hasar g\u00f6ren fakat y\u0131k\u0131lmayan Van \u0130l Halk K\u00fct\u00fcphanesi binas\u0131 bir\u00e7ok kurum binas\u0131 gibi \u00e7\u00fcr\u00fcmeye terk edildi. 3 y\u0131l\u0131 a\u015fk\u0131n s\u00fcredir k\u00fct\u00fcphane binas\u0131n\u0131n kullan\u0131lmamas\u0131 nedeniyle kente yeni ve modern bir k\u00fct\u00fcphane yap\u0131lmas\u0131 beklenirken, Van K\u00fclt\u00fcr Merkezi\u2019nin 2015 yat\u0131r\u0131m program\u0131n\u0131n i\u00e7erisine al\u0131n\u0131p al\u0131nmad\u0131\u011f\u0131 bile bilinmiyor.<\/p>\n<p style=\"text-align: justify;\"><strong>\u201cK\u00fct\u00fcphaneler \u00f6\u011frencilerin ders \u00e7al\u0131\u015faca\u011f\u0131 alanlar de\u011fildir\u201d<\/strong><\/p>\n<p style=\"text-align: justify;\">Ge\u00e7ici olarak Galeri\u2019ye ta\u015f\u0131nan Van \u0130l Halk K\u00fct\u00fcphanesi\u2019nde 27 bin kitap oldu\u011fu biliniyor. \u00d6te yandan Van G\u00fczel Sanatlar Galeri Salonu\u2019nda hizmet veren k\u00fct\u00fcphanede \u00f6\u011frencilerin ders \u00e7al\u0131\u015faca\u011f\u0131 bir yer yok. Konuyla ilgili Evrensel\u2019in g\u00f6r\u00fc\u015ft\u00fc\u011f\u00fc Van \u0130l K\u00fclt\u00fcr ve Turizm M\u00fcd\u00fcr\u00fc Muzaffer Aktu\u011f, \u201c<strong>K\u00fct\u00fcphaneler \u00f6\u011frencilerin ders \u00e7al\u0131\u015faca\u011f\u0131 alanlar de\u011fildir. Buralar \u00f6\u011frencilerin kitap okuyabilece\u011fi, \u00f6d\u00fcn\u00e7 kitap alabilece\u011fi ve ara\u015ft\u0131rma yapabilece\u011fi yerlerdir. Bu k\u00fct\u00fcphanemiz de bu i\u015flevi g\u00f6r\u00fcyor<\/strong>\u201d dedi.<\/p>\n<p style=\"text-align: justify;\">Van K\u00fclt\u00fcr Merkezi\u2019nin 2015 Kalk\u0131nma Program\u0131 i\u00e7ine al\u0131nd\u0131\u011f\u0131 s\u00f6ylentileri oldu\u011funu ancak buna ili\u015fkin kendilerine \u015fimdiye kadar net bilgi verilmedi\u011fini belirten Aktu\u011f, \u201cK\u00fct\u00fcphanenin 2015 yat\u0131r\u0131m program\u0131na al\u0131n\u0131p al\u0131nmamas\u0131 hakk\u0131nda bilgi sahibi de\u011filim. Ama k\u00fct\u00fcphanemiz t\u00fcm i\u015flevlerini yerine getiriyor. Sadece \u00f6\u011frenciler gelip burada ders \u00e7al\u0131\u015fam\u0131yor. Ama istedikleri zaman gelip burada ara\u015ft\u0131rma yap\u0131p \u00f6d\u00fcn\u00e7 kitap alabiliyor. K\u00fct\u00fcphanemizde \u015fuan 27 bin kitap var. 3 ay i\u00e7inde \u00f6d\u00fcn\u00e7 kitap almak i\u00e7in 57 \u00f6\u011frenci k\u00fct\u00fcphaneye kay\u0131t oldu. Y\u0131l sonuna kadar da 2 bin \u00f6\u011frencinin kay\u0131t yapmas\u0131n\u0131 bekliyoruz\u201d \u015feklinde konu\u015ftu.<\/p>\n<p style=\"text-align: justify;\">Kaynak: http:\/\/gencgazete.org\/<\/p>\n<p style=\"text-align: justify;\"><em>&#8220;Van \u0130l K\u00fclt\u00fcr ve Turizm M\u00fcd\u00fcr\u00fc Muzaffer Aktu\u011f&#8217;un belirtti\u011fi konu do\u011frudur ve t\u00fcm k\u00fct\u00fcphanelerimizde olmas\u0131 gereken de budur; fakat \u00e7o\u011fu k\u00fct\u00fcphanelerde bu durumun tersi ya\u015fanmaktad\u0131r. \u00d6\u011frencilere ders \u00e7al\u0131\u015fma alanlar\u0131 olu\u015fturulmal\u0131 ve k\u00fct\u00fcphaneler derslik ortam\u0131ndan ar\u0131nd\u0131r\u0131lmal\u0131d\u0131r @bbyhaber&#8221;<\/em><\/p>\n","protected":false},"excerpt":{"rendered":"<p>Van\u2019da 2011 y\u0131l\u0131nda meydana gelen iki b\u00fcy\u00fck depremin ard\u0131ndan k\u00fct\u00fcphane binas\u0131n\u0131n hasar g\u00f6rmesi ile k\u00fct\u00fcphane ge\u00e7ici olarak G\u00fczel Sanatlar Galeri Salonu\u2019na ta\u015f\u0131nm\u0131\u015ft\u0131. Yeni bir k\u00fct\u00fcphane yap\u0131lmad\u0131\u011f\u0131 ve eski bina da \u00e7\u00fcr\u00fcmeye terk edildi\u011fi i\u00e7in hala Galeri Salonu kullan\u0131l\u0131yor. 31 Mart-6 Nisan aras\u0131nda \u00fclkenin b\u00fct\u00fcn il ve il\u00e7elerinde K\u00fct\u00fcphane Haftas\u0131 kutlan\u0131rken, 1 milyon 100 bin n\u00fcfuslu [&hellip;]<\/p>\n","protected":false},"author":1,"featured_media":0,"comment_status":"open","ping_status":"open","sticky":false,"template":"","format":"standard","meta":{"footnotes":""},"categories":[1],"tags":[],"class_list":["post-16512","post","type-post","status-publish","format-standard","hentry","category-genel"],"_links":{"self":[{"href":"https:\/\/www.bbyhaber.com\/bby\/wp-json\/wp\/v2\/posts\/16512"}],"collection":[{"href":"https:\/\/www.bbyhaber.com\/bby\/wp-json\/wp\/v2\/posts"}],"about":[{"href":"https:\/\/www.bbyhaber.com\/bby\/wp-json\/wp\/v2\/types\/post"}],"author":[{"embeddable":true,"href":"https:\/\/www.bbyhaber.com\/bby\/wp-json\/wp\/v2\/users\/1"}],"replies":[{"embeddable":true,"href":"https:\/\/www.bbyhaber.com\/bby\/wp-json\/wp\/v2\/comments?post=16512"}],"version-history":[{"count":0,"href":"https:\/\/www.bbyhaber.com\/bby\/wp-json\/wp\/v2\/posts\/16512\/revisions"}],"wp:attachment":[{"href":"https:\/\/www.bbyhaber.com\/bby\/wp-json\/wp\/v2\/media?parent=16512"}],"wp:term":[{"taxonomy":"category","embeddable":true,"href":"https:\/\/www.bbyhaber.com\/bby\/wp-json\/wp\/v2\/categories?post=16512"},{"taxonomy":"post_tag","embeddable":true,"href":"https:\/\/www.bbyhaber.com\/bby\/wp-json\/wp\/v2\/tags?post=16512"}],"curies":[{"name":"wp","href":"https:\/\/api.w.org\/{rel}","templated":true}]}}