{"id":1648,"date":"2008-07-13T20:01:06","date_gmt":"2008-07-13T20:01:06","guid":{"rendered":"http:\/\/www.bbyhaber.com\/bby\/?p=1648"},"modified":"2012-04-16T13:58:32","modified_gmt":"2012-04-16T13:58:32","slug":"serafettin-kocamankitap-medeniyeti-kurmus-bir-milletiz","status":"publish","type":"post","link":"https:\/\/www.bbyhaber.com\/bby\/2008\/07\/13\/serafettin-kocamankitap-medeniyeti-kurmus-bir-milletiz","title":{"rendered":"\u015eerafettin Kocaman:Kitap medeniyeti kurmu\u015f bir milletiz"},"content":{"rendered":"<p style=\"text-align: justify;\">\u0130stanbulda&#8217;daki Beyaz\u0131t Devlet K\u00fct\u00fcphanesi, T\u00fcrkiye`nin en \u00f6nemli, en k\u00f6kl\u00fc, en zengin ve en de\u011ferli k\u00fct\u00fcphanelerinden biridir. \u0130stanbul`un merkezinde olu\u015fu, Sahaflar \u00c7ar\u015f\u0131s\u0131`n\u0131n biti\u015fi\u011finde bulunu\u015fu ve \u0130stanbul \u00dcniversitesi`ne yak\u0131nl\u0131\u011f\u0131 dolay\u0131s\u0131yla en s\u0131k ziyaret edilen mek\u00e2nlardand\u0131r k\u00fct\u00fcphanemiz.<!--more--> Muhte\u015fem bir mazisi olan k\u00fct\u00fcphanede, mimarisiyle de g\u00f6z doldurmakta, g\u00f6n\u00fcl ok\u015famaktad\u0131r. Bu k\u00fct\u00fcphanede irfan\u0131m\u0131za, k\u00fclt\u00fcr\u00fcm\u00fcze, sanat\u0131m\u0131za ve edebiyat\u0131m\u0131za b\u00fcy\u00fck hizmetler edilmi\u015ftir. Eski m\u00fcd\u00fcrlerinden \u0130smail Saip Sencer`den itibaren bu k\u00fct\u00fcphane ilim d\u00fcnyam\u0131z\u0131n \u00e2deta merkez noktas\u0131 olmu\u015ftur. Benim hat\u0131rlad\u0131\u011f\u0131m eski m\u00fcd\u00fcrlerinden Muzaffer G\u00f6kman da de\u011ferli bir k\u00fclt\u00fcr adam\u0131yd\u0131 ve k\u00fct\u00fcphanecilik hayat\u0131n\u0131 kitapla\u015ft\u0131rm\u0131\u015ft\u0131. Bug\u00fcn k\u00fct\u00fcphanenin ba\u015f\u0131nda bulunan \u015eerafettin Kocaman ile Beyaz\u0131t Devlet K\u00fct\u00fcphanesi eksenli bir konu\u015fma yapt\u0131k. Kitapseverlerin ilgiyle okuyaca\u011f\u0131n\u0131 tahmin ederken, b\u00fct\u00fcn \u015fehirlerimizde, il\u00e7elerimizde, beldelerimizde ve k\u00f6ylerimizde k\u00fct\u00fcphanelere daha \u00e7ok de\u011fer verilece\u011fi inanc\u0131n\u0131 ta\u015f\u0131yoruz.<\/p>\n<p style=\"text-align: justify;\">YARDIM:<br \/>\nBeyaz\u0131t Devlet K\u00fct\u00fcphanesinin tarih\u00e7esini sizden \u00f6\u011frenebilir miyiz? Bina da \u00e7ok g\u00fczel. Bu binan\u0131n ilk in\u015fa tarihinden de s\u00f6z eder misiniz?<\/p>\n<p style=\"text-align: justify;\">KOCAMAN:<br \/>\nBeyaz\u0131t Devlet K\u00fct\u00fcphanesi; tarihte benzerine \u00e7ok az rastlanabilecek bir kitap medeniyetini kurup, as\u0131rlar boyunca ya\u015fatan ve d\u00fcnyan\u0131n her taraf\u0131na ilim, k\u00fclt\u00fcr ve sanat alan\u0131nda eserler b\u0131rakan T\u00fcrk Milleti`nin, yine tarihinin aynas\u0131 durumundaki \u0130stanbul`da, tarih\u00ee bir mek\u00e2n olan Beyaz\u0131t Meydan\u0131nda, \u0130stanbul \u00dcniversitesi, Beyaz\u0131t Camii ve Sahaflar aras\u0131nda. Beyaz\u0131t Meydan\u0131na bakan iki tarihi binada ilim, k\u00fclt\u00fcr, sanat ara\u015ft\u0131rmac\u0131lar\u0131yla ilgilenen herkese hizmet vermektedir.<\/p>\n<p style=\"text-align: justify;\">K\u00fct\u00fcphanecilik literat\u00fcr\u00fcnde, Beyaz\u0131t Devlet K\u00fct\u00fcphanesi`nin amac\u0131; `2527 say\u0131l\u0131 Basma Yaz\u0131 ve Resimleri Derleme Kanunu uyar\u0131nca ve di\u011fer yollardan elde edilen fikir ve sanat \u00fcr\u00fcnlerini, teknik i\u015flemlerini tamamlayarak okuyucular\u0131n yarar\u0131na sunmak, elveri\u015fli ortamlarda saklayarak gelecek ku\u015faklara ula\u015ft\u0131rmak` olarak tan\u0131mlanmaktad\u0131r. Bunun yan\u0131nda kurulu\u015fundan bug\u00fcne kadar, imk\u00e2nlar\u0131 \u00f6l\u00e7\u00fcs\u00fcnde \u00e7e\u015fitli k\u00fclt\u00fcrel etkinliklerin yap\u0131ld\u0131\u011f\u0131 bir k\u00fclt\u00fcr merkezi g\u00f6revini de yerine getirmektedir.<\/p>\n<p style=\"text-align: justify;\">Beyaz\u0131t Devlet K\u00fct\u00fcphanesi, T\u00fcrkiye`nin devlet taraf\u0131ndan kurulan ilk k\u00fct\u00fcphanesidir. Daha \u00f6nce k\u00fct\u00fcphaneler hep vak\u0131flar taraf\u0131ndan kurulur ve i\u015fletilirdi. 1869`da k\u00fct\u00fcphaneler Vak\u0131flar nezaretinden al\u0131n\u0131p, Maarif Nezareti ba\u011flan\u0131nca, bu kurumlar Evkaf Nezareti`nden Maarif Nezareti`ne ge\u00e7mi\u015flerdi. Bunun \u00fczerine zaman\u0131n ayd\u0131nlar\u0131 bir genel kitapl\u0131k kurup, kitap okumak ara\u015ft\u0131rma yapmak isteyen b\u00fct\u00fcn Osmanl\u0131 ayd\u0131nlar\u0131 i\u00e7in bir genel kitapl\u0131k a\u00e7mak istemi\u015flerdi. Devrin Maarif Naz\u0131r\u0131 ile Sadrazam durumu Sultan ll. Abd\u00fclhamit`e bildirdiler. Bilindi\u011fi gibi ilme ve k\u00fclt\u00fcre \u00e7ok \u00f6nem veren ll. Abd\u00fclhamit de hemen r\u0131za g\u00f6sterdi.<\/p>\n<p style=\"text-align: justify;\">K\u00fct\u00fcphanenin kurulu\u015f gerek\u00e7esinde; `Baz\u0131 cami, t\u00fcrbe ve kenar mahallerde mahv ve telef olmakta bulunan kitaplar\u0131n zayiinin \u00f6nlenmesi, hem de ehil ve erbab\u0131n\u0131n istifadesine sunulmas\u0131` g\u00f6sterilmi\u015ftir. As\u0131l nedenin ise, Saray\u0131n \u0130stanbul`da bir `Milli K\u00fct\u00fcphane` kurma isteklerinin oldu\u011fudur. Bu ba\u011flamda, padi\u015fah olan \u0130kinci Abd\u00fclhamit`in k\u00fct\u00fcphanenin kurulu\u015fuyla bizzat ilgilendi\u011fi, imaretin onar\u0131m\u0131 i\u00e7in hazine-i hassa`s\u0131ndan (\u00d6zel b\u00fct\u00e7esi) para verdi\u011fi, hatta k\u00fct\u00fcphanenin taban parkelerini Paris`ten getirtti\u011fi de kaydedilmektedir.<\/p>\n<p style=\"text-align: justify;\">Devrin Sadrazam\u0131 Sait Pa\u015fa ile Maarif Naz\u0131r\u0131 Mustafa Pa\u015fa Saray`dan karar \u00e7\u0131kartarak, 1501 \u20131506 tarihleri aras\u0131nda in\u015fa edilen Beyaz\u0131t Camii K\u00fclliyesinin imaret k\u0131sm\u0131nda 27 Eyl\u00fcl 1882 tarihinde restorasyona ba\u015flanmas\u0131n\u0131 sa\u011flam\u0131\u015flard\u0131r. Restorasyonda; bug\u00fcn `Kitap Okuma Salonu` olarak kullan\u0131lan k\u00fct\u00fcphanenin ilk kuruldu\u011fu b\u00f6l\u00fcm, devrinin sanat anlay\u0131\u015f\u0131na uygun s\u00fcslemeleriyle bezenmi\u015ftir. Restorasyonun bitimi olan 24 Haziran 1884 tarihinde `K\u00fct\u00fcphane-i Umumi-i Osman\u00ee` ad\u0131yla hizmete a\u00e7\u0131lm\u0131\u015ft\u0131r. Ancak, k\u00fct\u00fcphane 1961`de toplanan VII. Milli E\u011fitim \u015euras\u0131`nda al\u0131nan karar uyar\u0131nca ve Bakanl\u0131\u011f\u0131n 21.6.1962 g\u00fcn ve 320\u2013637 say\u0131l\u0131 yaz\u0131lar\u0131yla `Beyaz\u0131t Devlet K\u00fct\u00fcphanesi` ad\u0131yla yeniden te\u015fkil\u00e2tland\u0131r\u0131lm\u0131\u015ft\u0131r.<\/p>\n<p style=\"text-align: justify;\">K\u00fct\u00fcphanenin ilk a\u00e7\u0131l\u0131\u015f\u0131ndaki t\u00f6ren s\u0131ras\u0131nda hen\u00fcz k\u00fct\u00fcphanede kitap bulunmad\u0131\u011f\u0131ndan Sahaflar`dan temin edilen bir tak\u0131m `N\u00e2ima Tarihi` bulunmu\u015f ve bo\u015f raflara serpi\u015ftirilmi\u015ftir. Sonra da Beyaz\u0131t Camiinden getirilen kitaplar, civar tekke ve zaviyelerden toplananlar, sat\u0131n al\u0131nan ve ba\u011f\u0131\u015f yoluyla k\u00fct\u00fcphaneye giren yay\u0131nlar ile k\u00fct\u00fcphanenin koleksiyonu zenginle\u015ftirilmi\u015ftir. Ancak, k\u00fct\u00fcphanenin \u00e7e\u015fitli yay\u0131n ve kitaplar a\u00e7\u0131s\u0131ndan esas zenginle\u015fme kayna\u011f\u0131; 1934 y\u0131l\u0131nda \u00e7\u0131kart\u0131lan 2527 say\u0131l\u0131 `Basma Yaz\u0131 ve Resimleri Derleme Kanunu` dur. Bu kanunun 8. maddesinde derleme n\u00fcshalar\u0131ndan yararlanacak 6 k\u00fct\u00fcphane aras\u0131nda Beyaz\u0131t Devlet K\u00fct\u00fcphanesi de kaydedilmi\u015ftir.<\/p>\n<p style=\"text-align: justify;\">1934`den itibaren k\u00fct\u00fcphanenin derleme n\u00fcshalar\u0131ndan yararlanmas\u0131 sonucu okuyucu say\u0131s\u0131 da artm\u0131\u015f ve tek bir salonda verilen hizmet alan\u0131n\u0131n geni\u015fletilmesi zorunlu hale gelmi\u015ftir. 1948 ve 1953 tarihlerinde iki ayr\u0131 Bakanlar Kurulu karar\u0131 ile k\u00fclliyenin di\u011fer b\u00f6l\u00fcmleri de k\u00fct\u00fcphaneye tahsis edilmi\u015ftir. Zamanla bu mekanlar da ihtiyac\u0131 kar\u015f\u0131layamaz hale gelince, K\u00fct\u00fcphanenin biti\u015fi\u011findeki Di\u015f\u00e7ilik Okulu, Zaman\u0131n\u0131n K\u00fct\u00fcphane M\u00fcd\u00fcr\u00fc Muzaffer G\u00f6kman`\u0131n \u00fcst\u00fcn gayretleriyle k\u00fct\u00fcphaneye kazand\u0131r\u0131lm\u0131\u015f ve 1979`da ba\u015flayan restorasyon 1 Nisan 1988 tarihinde tamamlanarak, t\u00f6renle hizmete a\u00e7\u0131lm\u0131\u015ft\u0131r. Modern depolar\u0131, okuma salonlar\u0131 ve di\u011fer hizmet alanlar\u0131 ile yeni bina, okuyucu ve ara\u015ft\u0131r\u0131c\u0131lara b\u00fcy\u00fck \u00f6l\u00e7\u00fcde kolayl\u0131k sa\u011flam\u0131\u015ft\u0131r.<\/p>\n<p style=\"text-align: justify;\">Okuyucu ve ara\u015ft\u0131r\u0131c\u0131lar, kitap ve di\u011fer ara\u015ft\u0131rma materyali i\u00e7in kartoteklerden ve 1988 tarihinden sonra \u00e7\u0131km\u0131\u015f kitaplar i\u00e7in bilgisayardan istedikleri bilgilere ula\u015ft\u0131ktan sonra, bu kaynaklara g\u00f6re 7 ayr\u0131 salonda \u00e7al\u0131\u015fma imk\u00e2nlar\u0131na sahiptirler. Bu salonlar: Nadir Eserler, Harita-Afi\u015f, G\u00f6rme Engelliler, Para-pul, Kartpostal, S\u00fcreli Yay\u0131nlar(Dergi), Kitap Okuma ve Gazete Okuma Salonlar\u0131d\u0131r. K\u00fct\u00fcphanedeki b\u00fct\u00fcn materyalin bibliyografik k\u00fcnyelerinin en k\u0131sa zamanda bilgisayar ortam\u0131na aktar\u0131larak, Internet vas\u0131tas\u0131yla hizmete sunulmas\u0131 gerekmektedir.<\/p>\n<p style=\"text-align: justify;\">K\u00fct\u00fcphaneden y\u0131lda ortalama 40.000 civar\u0131nda ara\u015ft\u0131rmac\u0131 yararlanmakta, bunun yan\u0131 s\u0131ra, yurti\u00e7i ve yurtd\u0131\u015f\u0131ndan, telefonla ya da yaz\u0131l\u0131 olarak ba\u015fvuran ara\u015ft\u0131r\u0131c\u0131lar\u0131n ihtiya\u00e7lar\u0131 da fotokopi veya CD yoluyla kar\u015f\u0131lanmaktad\u0131r. Nadir Eserler, Kitaplar, S\u00fcreli Yay\u0131nlar(Gazete-Dergi), Para-pul, foto\u011fraf, harita, afi\u015f, kartpostal ve g\u00f6rme engelliler b\u00f6l\u00fcm\u00fcnden yararlanmak isteyen okuyuculara son zamanlarda had safhaya varan personel s\u0131k\u0131nt\u0131s\u0131na ra\u011fmen g\u00fcn\u00fcn her saatinde yard\u0131mc\u0131 olunmaktad\u0131r.<\/p>\n<p style=\"text-align: justify;\">Kitap Teknik hizmetleri B\u00f6l\u00fcm\u00fc`nde; kitaplar\u0131n kontrol\u00fc, etiketlenmesi, damgalanmas\u0131, demirba\u015f kay\u0131tlar\u0131n\u0131n yap\u0131lmas\u0131, tasnif ve kataloglama i\u015flemleri ile bu bilgileri bilgisayara y\u00fckleme gibi g\u00f6revler yerine getirilmektedir. G\u00f6rme Engelliler, S\u00fcreli Yay\u0131nlar ve Nadir Eserler B\u00f6l\u00fcmlerinde de teknik hizmetler ayn\u0131 \u015fekilde y\u00fcr\u00fct\u00fclmektedir. Ayr\u0131ca, kitap, dergi ve gazetelerin ciltlendi\u011fi, onar\u0131mlar\u0131n\u0131n yap\u0131ld\u0131\u011f\u0131 bir de cilt at\u00f6lyesi bulunmaktad\u0131r.<\/p>\n<p style=\"text-align: justify;\">Okuyucular\u0131n ve k\u00fct\u00fcphane personelinin dinlenme ihtiyac\u0131n\u0131 kar\u015f\u0131lamak \u00fczere arka i\u00e7 bah\u00e7ede kurulan kolayl\u0131k tesisleri kantin ve yemekhane b\u00f6l\u00fcmleri ile de hizmet verilmeye \u00e7al\u0131\u015f\u0131lmaktad\u0131r.<\/p>\n<p style=\"text-align: justify;\">Beyaz\u0131t Devlet K\u00fct\u00fcphanesi`nde; konferans, panel, a\u00e7\u0131k oturum, konser, sergi, kurs ve video g\u00f6sterimi gibi k\u00fclt\u00fcrel ve bilimsel etkinlikler de d\u00fczenlenmekte; ayr\u0131ca isteyen ki\u015fi ve kurulu\u015flara ayn\u0131 ama\u00e7la `K\u00fct\u00fcphanelerde E\u011fitim ve K\u00fclt\u00fcrel Faaliyetler Y\u00f6netmeli\u011fi` \u00e7er\u00e7evesinde etkinlikler d\u00fczenleme imk\u00e2n\u0131 kar\u015f\u0131l\u0131ks\u0131z sa\u011flanmaktad\u0131r.<\/p>\n<p style=\"text-align: justify;\">K\u00fct\u00fcphanenin kitap teknik servisine kurulan bilgisayar sistemi ile 1988`den sonra yay\u0131nlanan kitaplar\u0131n bibliyografik k\u00fcnyeleri bilgisayar ortam\u0131na aktar\u0131lmakta, isteyen okuyucular\u0131n istifadesine sunulmaktad\u0131r. Bu sistem kendi imk\u00e2nlar\u0131m\u0131zla Dergi k\u0131sm\u0131nda da kurulmu\u015f, dergilerin yar\u0131s\u0131ndan fazlas\u0131n\u0131n bibliyografik k\u00fcnyeleri bilgisayar ortam\u0131na aktar\u0131lm\u0131\u015ft\u0131r. Gazete ve Nadir Eserler B\u00f6l\u00fcmlerinde de kurulmas\u0131 ve b\u00fct\u00fcn k\u00fct\u00fcphane materyalinin bilgilerinin bilgisayar ortam\u0131na aktar\u0131lmas\u0131 d\u00fc\u015f\u00fcn\u00fclmektedir. Ayn\u0131 zamanda bu bilgiler internet vas\u0131tas\u0131yla b\u00fct\u00fcn okuyuculara yak\u0131n zamanda sunulabilecektir.<\/p>\n<p style=\"text-align: justify;\">Beyaz\u0131t Devlet K\u00fct\u00fcphanesi`nde bug\u00fcn 650 bin civar\u0131nda kitap mevcuttur. Bunlar\u0131n; 11.120`si elyazmas\u0131, 50.000`i Cumhuriyet \u00f6ncesi eski matbu, 53.266 adedi yabanc\u0131 dillerde, kalan\u0131 da T\u00fcrk\u00e7e yeni bask\u0131 kitaplard\u0131r. Ayr\u0131ca k\u00fct\u00fcphaneye ba\u011f\u0131\u015f olarak verilmi\u015f 100 bine yak\u0131n ba\u011f\u0131\u015f kitab\u0131n personel yetersizli\u011finden kay\u0131tlar\u0131 yap\u0131lamam\u0131\u015ft\u0131r. Di\u011fer taraftan 26.000 \u00e7e\u015fit dergi (Osmanl\u0131 zaman\u0131nda yay\u0131nlanm\u0131\u015f dergiler de bunlar\u0131n i\u00e7indedir.) ve T\u00fcrkiye`de yay\u0131mlanan b\u00fct\u00fcn gazeteler, 1.909 pul, 32.990 kartpostal, 15.000 teyp kasetine okunmu\u015f ve CD`lere kaydedilmi\u015f 3500`\u00fcn \u00fczerinde sesli kitap (g\u00f6rme engelliler i\u00e7in) okuyucu ve ara\u015ft\u0131r\u0131c\u0131lar\u0131n hizmetinde bulunan materyallerdir. B\u00fct\u00fcn bunlar\u0131n d\u0131\u015f\u0131nda devrinin \u00f6nemli ayd\u0131nlar\u0131ndan gazeteci, yazar, ara\u015ft\u0131rmac\u0131 ve politikac\u0131 Hakk\u0131 Tar\u0131k Us`un vakfetmi\u015f oldu\u011fu k\u00fct\u00fcphane, Vakf\u0131n kapanmas\u0131 \u00fczerine Beyaz\u0131t Devlet K\u00fct\u00fcphanesi`ne devredilmi\u015ftir.<\/p>\n<p style=\"text-align: justify;\">1988`den 2004`e kadar kitaplar\u0131n bibliyografik k\u00fcnyeleri bilgisayara y\u00fcklenmi\u015ftir. Okuyucu ve ara\u015ft\u0131r\u0131c\u0131lar\u0131n kitap istekleri bilgisayardan kar\u015f\u0131lanmaktad\u0131r.<\/p>\n<p style=\"text-align: justify;\">Beyaz\u0131t Devlet K\u00fct\u00fcphanesi`nin Tarihi binas\u0131; 1999 Marmara Depreminde b\u00fcy\u00fck hasar g\u00f6rm\u00fc\u015f, Ayd\u0131n Do\u011fan Vakf\u0131 sponsorlu\u011funu \u00fcstlenerek binan\u0131n onar\u0131m\u0131 i\u00e7in Tabanl\u0131o\u011flu Mimarl\u0131k Grubu ile anla\u015farak, bir yenileme projesi yapt\u0131rtm\u0131\u015ft\u0131r. Proje tamamland\u0131ktan sonra \u0130stanbul \u00d6zel \u0130dare M\u00fcd\u00fcrl\u00fc\u011f\u00fc binan\u0131n onar\u0131m\u0131n\u0131 yapt\u0131racakt\u0131r.<\/p>\n<p style=\"text-align: justify;\">YARDIM:<br \/>\nK\u00fct\u00fcphane T\u00fcrkiye`nin ilim, k\u00fclt\u00fcr ve sanat d\u00fcnyas\u0131na hitap ediyor. Bug\u00fcne kadar san\u0131r\u0131m binlerce ilim adam\u0131 buradaki kaynaklardan istifade etmi\u015f ve halen etmeye devam ediyor. Acaba isim olarak belirtmenizi istesek, hem ge\u00e7mi\u015fte hem de bug\u00fcn k\u00fct\u00fcphaneye ba\u015fl\u0131ca kimler gelip gitti? Bug\u00fcn h\u00e2l\u00e2 k\u00fct\u00fcphaneden istifade edenler aras\u0131nda ilk anda hat\u0131rlad\u0131klar\u0131n\u0131z kimlerdir?<\/p>\n<p style=\"text-align: justify;\">KOCAMAN:<br \/>\nBeyaz\u0131t Devlet K\u00fct\u00fcphane`si 1884 y\u0131l\u0131ndan itibaren okuyucu ve ara\u015ft\u0131r\u0131c\u0131lar\u0131na 124 y\u0131ld\u0131r hizmet veren ve yak\u0131n tarihin \u00f6nemli bilgilerini muhafaza eden bir bilgi merkezidir. Burada \u00e7al\u0131\u015fan o bilgilere ula\u015fan onlar\u0131 bu g\u00fcn\u00fcn nesline kitap, dergi ve gazeteler vas\u0131tas\u0131yla ula\u015ft\u0131ran y\u00fczlerce ilim adam\u0131, ara\u015ft\u0131rmac\u0131, yazar gelip ge\u00e7mi\u015ftir. Biz akl\u0131m\u0131zda kalan bir ka\u00e7\u0131n\u0131n ismini buraya alarak, konunun \u00f6nemini belirtmi\u015f olal\u0131m.<\/p>\n<p style=\"text-align: justify;\">Cihat BABAN, Ziyad EBUZZ\u0130YA, Burhan FELEK, Oktay AKBAL, Akkan SUVER, Altan \u00d6YMEN, Mustafa G\u00d6KMEN, \u0130smail EREN, Etem Ruhi \u00dcNG\u00d6R, Re\u015fid G\u00dcRZAP(Tiyatro Sanat\u00e7\u0131s\u0131), Necmeddin Sahir SILAN, Prof. Dr. Sabahattin ZA\u0130M, Prof. Dr. Nihat KEKL\u0130K, Prof. Dr. Cavit Orhan T\u00dcTENG\u0130L, Prof. Dr. Abd\u00fclkadir KARAHAN, Prof. Dr. \u0130nci ENG\u0130N\u00dcN, Aziz NES\u0130N, Prof. Dr. H\u00fcseyin HATEM\u0130, Ferit Rag\u0131p TUNCOR, Haldun TANER, Seyfeddin \u00d6ZEGE, Taha TOROS, S\u00fcheyl \u00dcNVER, Abdulbaki G\u00d6LPINARLI, Do\u011fan HIZLAN, Mehmed Niyazi, Mehmet \u015eevket EYG\u0130, Be\u015fir AYVAZO\u011eLU, Ergun G\u00d6ZE ve daha sayamad\u0131\u011f\u0131m\u0131z binlerce okuyucu ve ara\u015ft\u0131r\u0131c\u0131\u2026<\/p>\n<p style=\"text-align: justify;\">YARDIM: Teknolojik geli\u015fmeler k\u00fct\u00fcphane \u00e7al\u0131\u015fmalar\u0131na nas\u0131l yans\u0131yor? Art\u0131k gazete ve mecmua ciltleri ile eski kitaplar\u0131n ciltlerinin filmleri k\u00fct\u00fcphane ortam\u0131nda \u00e7ekilebiliyor. Ba\u015fka ne gibi yenilikler var bu anlamda?<\/p>\n<p style=\"text-align: justify;\">KOCAMAN:<br \/>\nBeyaz\u0131t Devlet K\u00fct\u00fcphanesi \u00f6nemli k\u00fclt\u00fcr merkezidir. Elbette teknolojik geli\u015fmeleri takip etmektedir. Eskiden gazetelerden fotokopi \u00e7ekilmedi\u011fi i\u00e7in ara\u015ft\u0131rmac\u0131lar \u00e7ok emek veriyorlard\u0131. \u015eimdi dijital foto\u011fraflar\u0131n\u0131 \u00e7ekip bir CD olarak kendilerine vermekteyiz. Arap harfli matbu kitaplar, el yazmas\u0131 eserlerde ayn\u0131 \u015fekilde okuyucuya verilmektedir. Art\u0131k k\u00fct\u00fcphanemizde \u00e7ok yak\u0131nda internet sisteminde girecek ve bilgisayar ortam\u0131na ald\u0131\u011f\u0131m\u0131z b\u00fct\u00fcn bilgileri okuyucular\u0131m\u0131z internetten takip edebilecekler.<\/p>\n<p style=\"text-align: justify;\">2008 y\u0131l\u0131nda b\u00fct\u00fcn yazmalar dijital ortama ge\u00e7irilecek ara\u015ft\u0131rmac\u0131lar, ara\u015ft\u0131rmalar\u0131n\u0131 kitap olarak de\u011fil bilgisayarda okuyarak yapabilecekler. B\u00f6ylece el yazmas\u0131 eserlerimizde uzun y\u0131llar bozulmadan ara\u015ft\u0131rmac\u0131lar\u0131n, sanatk\u00e2rlar\u0131n istifadesine sunulmu\u015f olacakt\u0131r.<\/p>\n<p style=\"text-align: justify;\">YARDIM:<br \/>\nBeyaz\u0131t Devlet K\u00fct\u00fcphanesi`nde T\u00fcrkiye`de yay\u0131mlanm\u0131\u015f (Osmanl\u0131 d\u00f6nemi dahil) b\u00fct\u00fcn gazete, mecmua ve dergilerin tam koleksiyonu acaba var m\u0131?<\/p>\n<p style=\"text-align: justify;\">KOCAMAN:<br \/>\nBeyaz\u0131t Devlet K\u00fct\u00fcphanesi 1884 y\u0131l\u0131nda kuruldu ve hemen etraf\u0131ndaki cami, tekke zaviyelerde bulunan kitap, dergi ve gazeteler toplanmaya ba\u015fland\u0131, gelen ba\u011f\u0131\u015flar kabul edildi. Yay\u0131nlar sat\u0131n al\u0131nd\u0131 ve 1934 y\u0131l\u0131na kadar bu \u015fekilde devam edildi.<\/p>\n<p style=\"text-align: justify;\">1934 y\u0131l\u0131nda Atat\u00fcrk`\u00fcn emriyle `Basma Yaz\u0131 ve Resimleri Derleme Kanunu` \u00e7\u0131kt\u0131. Bu kanunla T\u00fcrkiye`de bas\u0131l\u0131 ne kadar malzeme varsa birer n\u00fcshas\u0131 Beyaz\u0131t Devlet K\u00fct\u00fcphanesine geldi. Bug\u00fcnk\u00fc zengin koleksiyonlar\u0131n olu\u015fmas\u0131na vesile oldu.<\/p>\n<p style=\"text-align: justify;\">Ancak b\u00fct\u00fcn dergi ve gazeteleri hi\u00e7 eksi\u011fi olmadan tak\u0131m olarak toplamak m\u00fcmk\u00fcn olmad\u0131\u011f\u0131 gibi, 1728\u20131928 d\u00f6neminde 40 bin adet bas\u0131lan kitaptan, gazete ve dergilerden de pek tabii eksiklerimiz vard\u0131r. Ancak k\u00fct\u00fcphanemiz ara\u015ft\u0131rmac\u0131lar\u0131n isteklerini \u00f6nemli \u00f6l\u00e7\u00fcde de kar\u015f\u0131lamaktad\u0131r.<\/p>\n<p style=\"text-align: justify;\">YARDIM:<br \/>\nK\u00fct\u00fcphanenin kadrosu yeterli mi? Hangi elemanlara ihtiya\u00e7 var. Gazete koleksiyonlar\u0131n\u0131 incelerken baz\u0131 ciltlerin y\u0131prand\u0131\u011f\u0131n\u0131 g\u00f6r\u00fcyoruz, acaba bunlar muntazaman ciltletiliyor mu?<\/p>\n<p style=\"text-align: justify;\">KOCAMAN:<br \/>\nK\u00fct\u00fcphanemiz 1,5 milyona yakla\u015fan materyali ile \u00e7ok geni\u015f alanlarda herkese hizmet g\u00f6t\u00fcrmeye \u00e7al\u0131\u015fan bir m\u00fcessesedir. Elbette ilim, k\u00fclt\u00fcr ve sanata dair kitap, dergi ve gazeteleri, harita, afi\u015f, kartpostallar\u0131 olan ve g\u00f6rme engellilere 3500`\u00fcn \u00fczerinde seslendirilmi\u015f kitapla hizmet veren bir k\u00fclt\u00fcr merkezinde 23 ki\u015fi ile tam ve kaliteli hizmet vermek m\u00fcmk\u00fcn olmaz. Ancak Bakanl\u0131\u011f\u0131m\u0131zda bunun fark\u0131nda oldu\u011fundan personelimizin say\u0131s\u0131n\u0131 artt\u0131rma gayreti i\u00e7indedir. K\u00fct\u00fcphanede k\u00fct\u00fcphaneci, g\u00fcvenlik g\u00f6revlisi, memur, cilt\u00e7i gibi her alanda \u00e7al\u0131\u015fan personelimizden eksikler vard\u0131r. En k\u0131sa zamanda bunlar\u0131n d\u00fczeltilmesi gerekmektedir.<\/p>\n<p style=\"text-align: justify;\">Pek tabii y\u0131rt\u0131lan, bozulan, eskiyen ciltler zamanla tamir edilmektedir. Ancak personel eksikli\u011fimiz cilt i\u00e7inde ge\u00e7erlidir. \u015eu anda cilt eleman\u0131 kalmad\u0131\u011f\u0131ndan ciltleri ihaleye vererek yapt\u0131r\u0131yoruz.<\/p>\n<p style=\"text-align: justify;\">YARDIM:<br \/>\nYeni b\u00fct\u00fcn kitaplar acaba k\u00fct\u00fcphaneye geliyor mu, san\u0131yorum kanunen g\u00f6nderilmesi gerekiyor. Ama yazar ve yay\u0131nc\u0131lar acaba buna riayet ediyor mu?<\/p>\n<p style=\"text-align: justify;\">KOCAMAN:<br \/>\n1934 y\u0131l\u0131nda \u00e7\u0131kar\u0131lan `Basma Yaz\u0131 ve Resimleri Derleme Kanunu` na g\u00f6re T\u00fcrkiye`de yay\u0131nlanan b\u00fct\u00fcn yay\u0131mlardan bir adedinin Beyaz\u0131t Devlet K\u00fct\u00fcphanesi`ne gelmesi gerekmektedir. Ancak bu kanunun da yenilenmesi gerekmektedir. Yay\u0131nlar pek tabi eksik geliyor. Bu i\u015flere bakan Derleme M\u00fcd\u00fcrl\u00fc\u011f\u00fc`n\u00fcn i\u015fleri takip edecek yeterli eleman\u0131 yok. Bu bak\u0131mdan kontrol\u00fc de tam yap\u0131lam\u0131yor.<\/p>\n<p style=\"text-align: justify;\">YARDIM:<br \/>\nSizin bir de g\u00f6rme \u00f6z\u00fcrl\u00fcler i\u00e7in kitap ve k\u00fct\u00fcphane hizmetiniz var, biraz da bundan s\u00f6z eder misiniz?<\/p>\n<p style=\"text-align: justify;\">KOCAMAN:<br \/>\nBeyaz\u0131t Devlet K\u00fct\u00fcphanesi G\u00f6rme Engelliler B\u00f6l\u00fcm\u00fc, 30.03.1992 tarihinde hizmete a\u00e7\u0131lm\u0131\u015ft\u0131r.<\/p>\n<p style=\"text-align: justify;\">Amac\u0131, \u00fclkemiz n\u00fcfusunun yakla\u015f\u0131k y\u00fczde ikisini te\u015fkil eden g\u00f6rme engelli bireylere, fikir ve sanat \u00fcr\u00fcnlerini izlemede e\u015fitlik sa\u011flamak, e\u011fitiminde destek olmak, her ya\u015f ve seviyedeki g\u00f6rme engelliye yine e\u015fit \u015fartlar i\u00e7erisinde bu hizmetleri \u00fccretsiz sunmaktad\u0131r.<\/p>\n<p style=\"text-align: justify;\">B\u00f6l\u00fcmde, g\u00f6n\u00fcll\u00fc okuyucular taraf\u0131ndan bilgisayar ortam\u0131nda seslendirilen kitaplar CD`lere aktar\u0131larak \u0130stanbul ve T\u00fcrkiye \u00e7ap\u0131nda ve yurtd\u0131\u015f\u0131ndaki g\u00f6rme engelli vatanda\u015flar\u0131m\u0131za hizmet verilmektedir.<\/p>\n<p style=\"text-align: justify;\">1992 y\u0131l\u0131nda 1 mikrofon 1 teyple hizmete ba\u015flayan b\u00f6l\u00fcmde ilk zamanlar imk\u00e2ns\u0131zl\u0131klar nedeniyle kasetler \u00f6d\u00fcn\u00e7 olarak verilir, bir kitap ayn\u0131 zamanda birka\u00e7 ki\u015fi taraf\u0131ndan okunamazd\u0131. Ses sanat\u00e7\u0131s\u0131 Hakan Peker`in 1998 y\u0131l\u0131nda verdi\u011fi konserin geliriyle kaset \u00e7o\u011faltma makinesi (dublikat\u00f6r) al\u0131nm\u0131\u015f, bundan sonra seslendirilen kitaplar an\u0131nda kopyalanarak verilmeye ba\u015flanm\u0131\u015ft\u0131r, \u015ei\u015fli ve Levent Soroptimist Kul\u00fcplerinin temin etti\u011fi kay\u0131t cihazlar\u0131yla kitaplar\u0131m\u0131z daha \u00e7ok g\u00f6n\u00fcll\u00fc okuyucu taraf\u0131ndan seslendirilme imk\u00e2n\u0131na kavu\u015fmu\u015ftur. As\u0131m Kocab\u0131y\u0131k E\u011fitim ve K\u00fclt\u00fcr Vakf\u0131`nca ba\u011f\u0131\u015flanan bilgisayar taray\u0131c\u0131, Braille yaz\u0131c\u0131 ve yaz\u0131l\u0131mlardan olu\u015fan d\u00fczenekle 2003 y\u0131l\u0131ndan itibaren kasetlere okunan kitaplar dijital ortama aktar\u0131larak mp3 format\u0131nda g\u00f6rme engellilerin kullan\u0131m\u0131na sunulmaya ba\u015flanm\u0131\u015ft\u0131r. Yazar G\u00fclten Day\u0131o\u011flu`nun ve Levent Soroptimist Kul\u00fcb\u00fc`n\u00fcn arma\u011fan etmi\u015f olduklar\u0131 bilgisayar donan\u0131mlar\u0131 B\u00f6l\u00fcm`de kay\u0131t ve kopyalama i\u015flemlerinin h\u0131zland\u0131r\u0131lmas\u0131n\u0131 sa\u011flam\u0131\u015ft\u0131r. B\u00f6l\u00fcm`e, Han\u0131mlar\u0131 E\u011fitim ve K\u00fclt\u00fcr Derne\u011fi, Lions T 118 Y\u00f6netim \u00c7evresi gibi di\u011fer sivil toplum kurulu\u015flar\u0131n\u0131n da \u00e7e\u015fitli katk\u0131lar\u0131 olmu\u015ftur.<\/p>\n<p style=\"text-align: justify;\">Kitaplar, \u015fu anda F\u0131nd\u0131kl\u0131 Rotary Kul\u00fcb\u00fc`n\u00fcn G\u00f6rme Engelliler B\u00f6l\u00fcm\u00fc`ne yapt\u0131rm\u0131\u015f oldu\u011fu 6 adet ses kay\u0131t odas\u0131nda g\u00f6n\u00fcll\u00fc okuyucular taraf\u0131ndan dijital kay\u0131t ayg\u0131tlar\u0131na okunmakta, okunan kitaplar CD lere aktar\u0131larak g\u00f6rme engellilere ula\u015ft\u0131r\u0131lmaktad\u0131r. `Braille embosser` makinesiyle g\u00f6rme engelli okurlara; kitaplar\u0131, makaleleri, ders notlar\u0131, istekleri do\u011frultusunda kabartma \u00e7\u0131kt\u0131 olarak verilmektedir. Ayr\u0131ca \u0130stanbul Devlet Tiyatrolar\u0131`n\u0131n ayl\u0131k programlar\u0131 g\u00f6rme engelliler i\u00e7in kabartma olarak bas\u0131lmaktad\u0131r.<\/p>\n<p style=\"text-align: justify;\">Koleksiyonumuzda ilk \u00f6nce T\u00fcrk ve bat\u0131 klasiklerinden \u00f6rnekler, ba\u015fvuru eserleri seslendirilmi\u015f, di\u011fer kitaplar genellikle okurlar\u0131n ihtiyac\u0131 ve iste\u011fi do\u011frultusunda seslendirilmektedir.<\/p>\n<p style=\"text-align: justify;\">Ayr\u0131ca scanner ve GVZ dosya okuma program\u0131yla kitaplar okunup sese d\u00f6n\u00fc\u015ft\u00fcr\u00fclmektedir.<\/p>\n<p style=\"text-align: justify;\">Bas\u0131n-Yay\u0131n organlar\u0131nca, G\u00f6rme Engelliler B\u00f6l\u00fcm\u00fc`nde y\u00fcr\u00fct\u00fclen \u00e7al\u0131\u015fmalar hakk\u0131nda yap\u0131lan haberler sonras\u0131nda g\u00f6n\u00fcll\u00fc ba\u015fvurular\u0131nda kayda de\u011fer art\u0131\u015f g\u00f6r\u00fclmektedir. Kitaplar\u0131n seslendirilmesinde bug\u00fcne kadar y\u00fczlerce g\u00f6n\u00fcll\u00fc okuyucunun katk\u0131s\u0131 olmu\u015ftur.<\/p>\n<p style=\"text-align: justify;\">1992 y\u0131l\u0131ndan beri G\u00f6rme Engellilere hizmet vermekte olan b\u00f6l\u00fcm\u00fcn, \u00e7e\u015fitli imk\u00e2ns\u0131zl\u0131klara ra\u011fmen, bug\u00fcnk\u00fc durumu sevindiricidir. \u00c7\u00fcnk\u00fc g\u00f6rme engelli okura ula\u015fabilmekte; g\u00f6rme engelli bireyin istedi\u011fi kitaplar, en k\u0131sa zamanda seslendirilerek ve CD`lere aktar\u0131lmakta ve hizmete sunulmaktad\u0131r.<\/p>\n<p style=\"text-align: justify;\">\u0130stanbul`da en son n\u00fcfus say\u0131m\u0131na g\u00f6re 350\u2013400 bin civar\u0131nda g\u00f6rme engelli ve az g\u00f6ren yurtta\u015flar\u0131m\u0131z bulunmaktad\u0131r.<\/p>\n<p style=\"text-align: justify;\">K\u00fct\u00fcphanemiz, \u0130stanbul`da ve yurt i\u00e7inde Bakanl\u0131\u011f\u0131m\u0131za ba\u011fl\u0131 halk k\u00fct\u00fcphanelerine, belediyelere, derneklere, halk e\u011fitim merkezlerine katk\u0131da bulunarak, g\u00f6rme engelliler k\u00fct\u00fcphanesi kurmalar\u0131na yard\u0131mc\u0131 olmu\u015ftur. Bireylerin kitaplara daha kolay ula\u015fabilmesi amac\u0131yla di\u011fer k\u00fct\u00fcphanelerle de ileti\u015fim kurularak kitap al\u0131\u015fveri\u015fi sa\u011flanmaktad\u0131r.<\/p>\n<p style=\"text-align: justify;\">K\u00fct\u00fcphaneye gelemeyen okuyucularla telefon, e-mail yoluyla haberle\u015filerek istekleri adreslerine g\u00f6nderilmektedir.<\/p>\n<p style=\"text-align: justify;\">K\u00fct\u00fcphanemizde her ay g\u00f6rme engellileri bilgilendirmek ve k\u00fct\u00fcphaneyi tan\u0131tmak-\u00f6\u011fretmek amac\u0131yla \u00e7e\u015fitli konularda toplant\u0131lar yap\u0131lmaktad\u0131r.<\/p>\n<p style=\"text-align: justify;\">Beyaz\u0131t Devlet K\u00fct\u00fcphanesi `G\u00f6rme Engelliler B\u00f6l\u00fcm\u00fc` devlet ve halk\u0131n el ele \u00e7ok g\u00fczel i\u015fler ba\u015farabilece\u011finin g\u00fczel bir \u00f6rne\u011fidir.<\/p>\n<p style=\"text-align: justify;\">Bakanl\u0131\u011f\u0131m\u0131zca \u0130stanbul`daki g\u00f6rme engellilere, seslendirilen kitaplar\u0131 dinlemeleri i\u00e7in 100 adet CD \u00e7alar da\u011f\u0131t\u0131lm\u0131\u015ft\u0131r. 2007 y\u0131l\u0131nda Bakanl\u0131\u011f\u0131m\u0131zca g\u00f6nderilen \u00f6denekle kurulu d\u00fczenekler daha geli\u015ftirilmi\u015ftir.<\/p>\n<p style=\"text-align: justify;\">G\u00fcn\u00fcm\u00fcz bilgi \u00e7a\u011f\u0131 olarak nitelendirilmektedir, G\u00f6rme engellilerin bilgiye eri\u015fiminde en kolay ve en yayg\u0131n ortam olan internetten yararlanabilmeleri, bilimsel ve akademik \u00e7al\u0131\u015fmalar\u0131n\u0131 ger\u00e7ekle\u015ftirebilmeleri i\u00e7in, kullan\u0131mlar\u0131na ayr\u0131lm\u0131\u015f bilgisayarl\u0131 d\u00fczeneklerin kurulmas\u0131 ama\u00e7lanmaktad\u0131r.<\/p>\n<p style=\"text-align: justify;\">K\u00fct\u00fcphanemizde seslendirilen kitaplar, Bakanl\u0131\u011f\u0131m\u0131z\u0131n(www.kultur.gov.tr) web sitesinde g\u00f6rme engellilerin hizmetine sunulmaktad\u0131r.<\/p>\n<p style=\"text-align: justify;\">YARDIM:<br \/>\n\u0130stanbul K\u00fclt\u00fcr ve Turizm \u0130l M\u00fcd\u00fcrl\u00fc\u011f\u00fc`n\u00fcn faaliyeti olarak y\u0131llardan beri her \u00c7ar\u015famba g\u00fcn\u00fc bir toplant\u0131 d\u00fczenliyorsunuz. Bu toplant\u0131lar\u0131 nas\u0131l belirliyorsunuz ve ka\u00e7 dalda d\u00fczenleniyor?<\/p>\n<p style=\"text-align: justify;\">KOCAMAN:<br \/>\nEvet, k\u00fct\u00fcphanemizde her \u00e7ar\u015famba bir konferans verilmektedir. \u0130l K\u00fclt\u00fcr ve Turizm M\u00fcd\u00fcrl\u00fc\u011f\u00fc ile birlikte yap\u0131lan bir k\u00fclt\u00fcrel etkinliktir. K\u00fclt\u00fcr ve Turizm M\u00fcd\u00fcrl\u00fc\u011f\u00fc`ne ba\u011fl\u0131 12 ayr\u0131 merkezde yap\u0131lmaktad\u0131r. Her ay bu programlar bas\u0131l\u0131p da\u011f\u0131t\u0131lmakta \u00f6nemli \u00f6l\u00e7\u00fcde dinleyici taraf\u0131ndan takip edilmektedir. Biz k\u00fct\u00fcphanemizde ay\u0131n ilk \u00e7ar\u015famba`s\u0131nda yazar\u0131n \u00e7\u0131kan son kitab\u0131ndan, son \u00e7ar\u015fambas\u0131 Beyaz\u0131t hat\u0131ralar\u0131 konulu konferanslar vermelerini istiyoruz. Di\u011fer iki \u00e7ar\u015famba da ise g\u00fcn\u00fcn mana ve ehemmiyetine konu tespit ediliyor ve konu\u015fmac\u0131n\u0131n bu konu ile ilgili konu\u015fma yapmas\u0131n\u0131 istiyoruz.<\/p>\n<p style=\"text-align: justify;\">YARDIM:<br \/>\nK\u00fct\u00fcphanenizdeki k\u00fclt\u00fcrel faaliyetler ne zamandan beri yap\u0131l\u0131yor, ge\u00e7mi\u015fte ne zaman ba\u015flad\u0131?<\/p>\n<p style=\"text-align: justify;\">KOCAMAN: K\u00fct\u00fcphanemizdeki bu k\u00fclt\u00fcrel etkinlerin ge\u00e7mi\u015fte ne zaman ba\u015flad\u0131\u011f\u0131n\u0131 soruyorsunuz. Zaman\u0131n\u0131 ben de bilemiyorum. Ama 1970`lerden itibaren bildi\u011fim Beyaz\u0131t Devlet K\u00fct\u00fcphanesi`nde hep bu \u015fekilde k\u00fclt\u00fcrel etkinlikler olmu\u015ftur \u015feklinde cevapland\u0131rmam m\u00fcmk\u00fcn. Belki ondan y\u0131llarca \u00f6nce de bu k\u00fct\u00fcphanede k\u00fclt\u00fcrel etkinlikler devam etmekteydi.<\/p>\n<p style=\"text-align: justify;\">YARDIM:<br \/>\nK\u00fct\u00fcphanenin giri\u015finde \u00e7ok g\u00fczel sergiler de d\u00fczenliyorsunuz. Bu sergiler ne zamandan beri devam ediyor?.<\/p>\n<p style=\"text-align: justify;\">KOCAMAN:<br \/>\nBeyaz\u0131t Devlet K\u00fct\u00fcphanesi bir k\u00fclt\u00fcr merkezidir. Burada b\u00fct\u00fcn k\u00fclt\u00fcrel etkinlikleri vatanda\u015flar\u0131m\u0131za sunabilmek en b\u00fcy\u00fck arzumuzdur. Bu bak\u0131mdan y\u0131l i\u00e7inde \u00f6nemli konularda konferanslar d\u00fczenlemek bizim \u00f6nemli g\u00f6revlerimizdendir. Ayr\u0131ca, a\u00e7\u0131k oturumlar, paneller, konserler, \u015fiir g\u00fcnleri de faaliyetlerimiz i\u00e7indedir. Bu arada bizim unutup ta de\u011ferli k\u00fclt\u00fcr adamlar\u0131n\u0131n hat\u0131rlad\u0131klar\u0131 her \u015feyi program\u0131m\u0131za al\u0131p yerine getirmeye \u00e7al\u0131\u015fmaktay\u0131z.<\/p>\n<p style=\"text-align: justify;\">YARDIM:<br \/>\nGelecekte neler yapmay\u0131 tasarl\u0131yorsunuz? Ne gibi yenilikler olacak k\u00fct\u00fcphanede?<\/p>\n<p style=\"text-align: justify;\">KOCAMAN:<br \/>\nBeyaz\u0131t Devlet K\u00fct\u00fcphanesi k\u00fclt\u00fcrel hizmetlerin tamam\u0131nda vatanda\u015f\u0131m\u0131za hizmet etmek gere\u011fini duymaktad\u0131r. Bunlar\u0131 herkesin memnun olabilece\u011fi memnuniyette verme d\u00fc\u015f\u00fcncesindeyiz. Ama bizi engelleyen tek \u015fey Beyaz\u0131t Devlet K\u00fct\u00fcphanesi gibi ilim, k\u00fclt\u00fcr ve sanat konusunda insanlar\u0131 uyarmay\u0131 bilgilendirmeyi, hatta yeti\u015ftirmeyi \u015fiar edinmi\u015f bir m\u00fcessesenin hizmet edecek personel eksikli\u011fidir.<\/p>\n<p style=\"text-align: justify;\">1934 y\u0131l\u0131nda \u00e7\u0131kar\u0131lan `Basma Yaz\u0131 ve Resimleri Derleme Kanunu` na g\u00f6re T\u00fcrkiye`de yay\u0131nlanan her yay\u0131mdan bir adedinin Beyaz\u0131t Devlet K\u00fct\u00fcphanesi`ne gelmesi zorunlu hale getirilmi\u015ftir. \u0130lk zamanlarda bu kanunun %90 tatbik edilirken zamanla azald\u0131 ve \u00e7\u0131kan yay\u0131nlar\u0131n %60`\u0131 ancak k\u00fct\u00fcphaneye gelebildi. Bu yanl\u0131\u015fl\u0131\u011f\u0131n giderilmesi i\u00e7in kanunun yenilenmesi gereklidir.<\/p>\n<p style=\"text-align: justify;\">YARDIM:<br \/>\nCilt sanat\u0131 kitapta \u00f6nemli.Ge\u00e7mi\u015fte Beyaz\u0131t Devlet k\u00fct\u00fcphanesi`nde cilt sanatk\u00e2rlar\u0131 varm\u0131\u015f, hatta iyi bir kadro bulunuyormu\u015f. Bug\u00fcn cilt uzman\u0131n\u0131z var m\u0131?<\/p>\n<p style=\"text-align: justify;\">KOCAMAN:<br \/>\nBeyaz\u0131t Devlet K\u00fct\u00fcphanesi`nde bug\u00fcne kadar hep cilt uzman\u0131 \u00e7al\u0131\u015fm\u0131\u015ft\u0131r. Her zaman da \u00e7al\u0131\u015fmas\u0131 gerekir. Ancak ayr\u0131lan ve emekli olanlar\u0131n yerlerini dolduramad\u0131\u011f\u0131m\u0131z i\u00e7in k\u00fct\u00fcphanemizde cilt\u00e7i kalmam\u0131\u015ft\u0131r. Bu sebeple art\u0131k ciltlerimiz ihale usul\u00fc birine yapt\u0131rmam\u0131z gerekti\u011finden bu ihtiyac\u0131m\u0131z\u0131 da bu \u015fekilde kar\u015f\u0131lamaktay\u0131z.<\/p>\n<p style=\"text-align: justify;\">YARDIM:<br \/>\nBeyaz\u0131t Devlet K\u00fct\u00fcphanesi`ni anlatan bir eser var m\u0131? Siz b\u00f6yle bir \u00e7al\u0131\u015fmay\u0131 yapmay\u0131 d\u00fc\u015f\u00fcn\u00fcyor musunuz?<\/p>\n<p style=\"text-align: justify;\">KOCAMAN:<br \/>\n\u0130\u015fi bilgi ve k\u00fclt\u00fcr olanlar, kap\u0131lar\u0131n\u0131 her zaman yeniliklere a\u00e7\u0131k tutmal\u0131d\u0131r. Tarihi binam\u0131z\u0131n onar\u0131m\u0131 bitti\u011fi zaman k\u00fct\u00fcphanedeki personel eksikli\u011fi de tamamlan\u0131rsa, en g\u00fczel hizmetler en iyi yeniliklerle birlikte verilir. K\u00fct\u00fcphane hakk\u0131nda \u00f6nceki m\u00fcd\u00fcrlerden Hasan Duman ve Muzaffer G\u00f6kman`\u0131n kitaplar\u0131 bulunmaktad\u0131r. \u0130n\u015fallah bundan sonra daha g\u00fczelleri okuyucular\u0131m\u0131z\u0131n hizmetine sunulacakt\u0131r. Sayg\u0131lar\u0131mla\u2026<\/p>\n<p style=\"text-align: justify;\">YARDIM:<br \/>\nBiz de size verdi\u011finiz cevaplar i\u00e7in te\u015fekk\u00fcr ediyor, ba\u015far\u0131lar\u0131n\u0131z\u0131n devam\u0131n\u0131 diliyoruz.<\/p>\n<p style=\"text-align: justify;\">(`Beyaz\u0131t Devlet K\u00fct\u00fcphanesi; Turan Emeksiz Sokak Numara 6, 34450 Beyaz\u0131t \u2013 \u0130STANBUL; Telefonlar: santral; (0212) 522 31 67 * m\u00fcd\u00fcr; 522 24 88. Md. Yard.; 519 38 83. Faks; (0212) 512 84 74. Pazar g\u00fcnlerinin d\u0131\u015f\u0131nda her g\u00fcn 08.30`dan 17.00`ye kadar a\u00e7\u0131kt\u0131r. (Saat 17.00`den sonra ve Cumartesi g\u00fcn\u00fc \u00e7al\u0131\u015fmak isteyenler, \u00e7al\u0131\u015fmak istedikleri yay\u0131nlar\u0131 g\u00fcn ve hafta i\u00e7inde ay\u0131rtmalar\u0131 gerekmektedir.)<\/p>\n<p style=\"text-align: justify;\">Kaynak: SanatAlemi.net<\/p>\n","protected":false},"excerpt":{"rendered":"<p>\u0130stanbulda&#8217;daki Beyaz\u0131t Devlet K\u00fct\u00fcphanesi, T\u00fcrkiye`nin en \u00f6nemli, en k\u00f6kl\u00fc, en zengin ve en de\u011ferli k\u00fct\u00fcphanelerinden biridir. \u0130stanbul`un merkezinde olu\u015fu, Sahaflar \u00c7ar\u015f\u0131s\u0131`n\u0131n biti\u015fi\u011finde bulunu\u015fu ve \u0130stanbul \u00dcniversitesi`ne yak\u0131nl\u0131\u011f\u0131 dolay\u0131s\u0131yla en s\u0131k ziyaret edilen mek\u00e2nlardand\u0131r k\u00fct\u00fcphanemiz.<\/p>\n","protected":false},"author":1,"featured_media":0,"comment_status":"open","ping_status":"open","sticky":false,"template":"","format":"standard","meta":{"footnotes":""},"categories":[1],"tags":[],"class_list":["post-1648","post","type-post","status-publish","format-standard","hentry","category-genel"],"_links":{"self":[{"href":"https:\/\/www.bbyhaber.com\/bby\/wp-json\/wp\/v2\/posts\/1648"}],"collection":[{"href":"https:\/\/www.bbyhaber.com\/bby\/wp-json\/wp\/v2\/posts"}],"about":[{"href":"https:\/\/www.bbyhaber.com\/bby\/wp-json\/wp\/v2\/types\/post"}],"author":[{"embeddable":true,"href":"https:\/\/www.bbyhaber.com\/bby\/wp-json\/wp\/v2\/users\/1"}],"replies":[{"embeddable":true,"href":"https:\/\/www.bbyhaber.com\/bby\/wp-json\/wp\/v2\/comments?post=1648"}],"version-history":[{"count":0,"href":"https:\/\/www.bbyhaber.com\/bby\/wp-json\/wp\/v2\/posts\/1648\/revisions"}],"wp:attachment":[{"href":"https:\/\/www.bbyhaber.com\/bby\/wp-json\/wp\/v2\/media?parent=1648"}],"wp:term":[{"taxonomy":"category","embeddable":true,"href":"https:\/\/www.bbyhaber.com\/bby\/wp-json\/wp\/v2\/categories?post=1648"},{"taxonomy":"post_tag","embeddable":true,"href":"https:\/\/www.bbyhaber.com\/bby\/wp-json\/wp\/v2\/tags?post=1648"}],"curies":[{"name":"wp","href":"https:\/\/api.w.org\/{rel}","templated":true}]}}