{"id":16453,"date":"2015-03-30T09:04:11","date_gmt":"2015-03-30T07:04:11","guid":{"rendered":"http:\/\/www.bbyhaber.com\/bby\/?p=16453"},"modified":"2016-03-23T15:19:41","modified_gmt":"2016-03-23T13:19:41","slug":"kutuphane-ve-kutuphaneci-yoksulu-bilgi-toplumu-turkiye","status":"publish","type":"post","link":"https:\/\/www.bbyhaber.com\/bby\/2015\/03\/30\/kutuphane-ve-kutuphaneci-yoksulu-bilgi-toplumu-turkiye","title":{"rendered":"K\u00fct\u00fcphane ve K\u00fct\u00fcphaneci Yoksulu &#8220;B\u0130LG\u0130 TOPLUMU&#8221; T\u00fcrkiye"},"content":{"rendered":"<p style=\"text-align: justify;\"><span style=\"font-family: verdana,sans-serif;\"><a href=\"http:\/\/www.bbyhaber.com\/bby\/wp-content\/uploads\/2015\/03\/aydin-ileri-mesaj.jpg\"><img loading=\"lazy\" decoding=\"async\" class=\"alignleft\" src=\"http:\/\/www.bbyhaber.com\/bby\/wp-content\/uploads\/2015\/03\/aydin-ileri-mesaj.jpg\" alt=\"\" width=\"294\" height=\"168\" \/><\/a>Y\u0131l 2015, K\u00fct\u00fcphane Haftas\u0131\u2019n\u0131n 51. sini kutluyoruz.\u00a0K\u00fct\u00fcphanelerde k\u00fct\u00fcphanecilerin \u00e7al\u0131\u015ft\u0131\u011f\u0131, okullar\u0131n k\u00fct\u00fcphanelerle donat\u0131ld\u0131\u011f\u0131,\u00a0k\u00fct\u00fcphanelerin okurlarla dolup ta\u015ft\u0131\u011f\u0131, K\u00fct\u00fcphanecinin\u00a0\u00e7al\u0131\u015fma ya\u015fam\u0131nda yerini aktif olarak ald\u0131\u011f\u0131, kitaplar\u0131n sans\u00fcrlenmedi\u011fi, yasaklanmad\u0131\u011f\u0131, bir hafta dilemeyi \u00e7ok\u00a0isterdim.<!--more--><\/span><\/p>\n<p style=\"text-align: justify;\"><strong><span style=\"font-family: verdana,sans-serif;\">\u00dclkemiz hala k\u00fct\u00fcphane yoksulu, mevcut k\u00fct\u00fcphanelerimiz personel ve materyal bak\u0131m\u0131ndan yetersiz.\u00a0<\/span><\/strong><\/p>\n<p style=\"text-align: justify;\"><span style=\"font-family: verdana,sans-serif;\"><strong>K\u00fct\u00fcphanecilerin bayram\u0131<\/strong>\u00a0olan bu haftalarda elli y\u0131l\u0131 a\u015fk\u0131n s\u00fcredir s\u00fcrekli ayn\u0131 g\u00fcndemleri konu\u015fuyoruz. \u201c<em>23 Kas\u0131m 1964 tarihinde kutlanan birinci \u201cK\u00fct\u00fcphane Haftas\u0131\u201dnda d\u00f6nemin T\u00fcrk K\u00fct\u00fcphaneciler Derne\u011fi Genel Ba\u015fkan\u0131 Abd\u00fclkadir Salg\u0131r taraf\u0131ndan \u201cK\u00fct\u00fcphaneler Kanunu\u201dnun gereklili\u011fi, a\u00e7\u0131k bir \u015fekilde ortaya koymu\u015ftu.\u201d<\/em><\/span><\/p>\n<p style=\"text-align: justify;\"><span style=\"font-family: verdana,sans-serif;\">51 y\u0131ld\u0131r de\u011fi\u015fen hi\u00e7bir \u015fey yok. 51 y\u0131ld\u0131r siyaset kurumunun k\u00fct\u00fcphanecili\u011fe bak\u0131\u015f a\u00e7\u0131s\u0131 ayn\u0131.<strong>K\u00fct\u00fcphanecili\u011fin\u00a0<\/strong><strong>bayram g\u00fcnleri olan K\u00fct\u00fcphane Haftalar\u0131\u2019n\u0131n 51 y\u0131ld\u0131r ana g\u00fcndemi meslek yasas\u0131, k\u00fct\u00fcphanelerin yetersizli\u011fi, k\u00fct\u00fcphanecilerin istihdam\u0131, \u00f6zl\u00fck haklar\u0131 vb. bu g\u00fcndem \u00fclkede uygulanan k\u00fclt\u00fcr politikalar\u0131\/politikas\u0131zl\u0131\u011f\u0131 nedeniyle s\u00fcr\u00fcp gidecek gibi.<\/strong><\/span><\/p>\n<p style=\"text-align: justify;\"><strong><span style=\"font-family: verdana,sans-serif;\">Yeni d\u00f6nemde bu s\u00fcreci de\u011fi\u015ftirecek olan biz k\u00fct\u00fcphanecileriz.<\/span><\/strong><\/p>\n<p style=\"text-align: justify;\"><span style=\"font-family: verdana,sans-serif;\"><strong><span style=\"color: #ff0000;\">K\u00fct\u00fcphanelerin<\/span><\/strong> <strong><span style=\"color: #ff0000;\">\u00f6rg\u00fctl\u00fc m\u00fccadelesi, birlikteli\u011fi \u201cTeknik Kadro\u201d s\u00fcrecinde nas\u0131l sonu\u00e7 ald\u0131ysa<\/span><\/strong>, devam\u0131n\u0131 getirmek k\u00fct\u00fcphanecilerin ellerinde.<\/span><\/p>\n<p style=\"text-align: justify;\"><strong><span style=\"font-family: verdana,sans-serif;\">\u00dc\u00e7 K\u00fct\u00fcphaneye Bir K\u00fct\u00fcphaneci D\u00fc\u015f\u00fcyor.<\/span><\/strong><\/p>\n<p style=\"text-align: justify;\"><span style=\"font-family: verdana,sans-serif;\">\u00dcniversite d\u00fczeyinde k\u00fct\u00fcphanecilik \u00a0e\u011fitiminin 60. y\u0131l\u0131n\u0131 geride b\u0131rakt\u0131\u011f\u0131m\u0131z g\u00fcnlerde (Bilgi ve Belge Y\u00f6netimi) b\u00f6l\u00fcmlerimiz,\u00a0 \u00fclke \u00e7ap\u0131nda; 9 Bilgi ve Belge Y\u00f6netimi B\u00f6l\u00fcm\u00fc, 580 \u00f6\u011frenci kontenjan\u0131 ile k\u00fct\u00fcphaneci yeti\u015ftiriyor. Her y\u0131l 500\u2019e yak\u0131n mezun veriyor.\u00a0 Mezun olan binlerce k\u00fct\u00fcphaneci aday\u0131 atanma umutlar\u0131 ile KPSS s\u0131navlar\u0131na giriyor. Umutlar\u0131n\u0131 ba\u011flad\u0131klar\u0131 atamalar\u0131n en sonuncusunda Kas\u0131m 2014\u2019te 4 k\u00fct\u00fcphaneci kadrosu a\u00e7\u0131klan\u0131nca k\u00fct\u00fcphaneciler olarak umutsuzlu\u011fa d\u00fc\u015ft\u00fck.<\/span><\/p>\n<p style=\"text-align: justify;\"><span style=\"font-family: verdana,sans-serif;\">K\u00fct\u00fcphaneciler \u00e7al\u0131\u015fma i\u00e7in kadro beklerken, K\u00fclt\u00fcr ve Turizm Bakanl\u0131\u011f\u0131\u2019na ba\u011fl\u0131, 122\u2019si kapal\u0131 olan,1.118\u00a0halk k\u00fct\u00fcphanesinde sadece 353\u00a0k\u00fct\u00fcphanecilik\/ bilgi ve belge y\u00f6netimi\u00a0b\u00f6l\u00fcm\u00fc mezunu personel \u00e7al\u0131\u015f\u0131yor.<\/span><\/p>\n<p style=\"text-align: justify;\"><span style=\"font-family: verdana,sans-serif;\">\u00dc\u00e7 k\u00fct\u00fcphaneye bir k\u00fct\u00fcphaneci, bir k\u00fct\u00fcphaneciye \u00fc\u00e7 k\u00fct\u00fcphane d\u00fc\u015f\u00fcyor. \u00c7al\u0131\u015fan k\u00fct\u00fcphanecilerin b\u00fcy\u00fck bir k\u0131sm\u0131 metropol \u015fehirlerde ve bakanl\u0131\u011f\u0131n merkezi te\u015fkilatlar\u0131nda \u00e7al\u0131\u015ft\u0131r\u0131l\u0131yor. Bir \u00e7ok ilimizde, bir k\u00fct\u00fcphaneci ile k\u00fct\u00fcphanecilik hizmeti veriliyor. \u00a0<\/span><\/p>\n<p style=\"text-align: justify;\"><strong><span style=\"font-family: verdana,sans-serif;\">B\u00fct\u00e7esiz, binas\u0131z, personelsiz \u00fcniversite k\u00fct\u00fcphaneleri<\/span><\/strong><\/p>\n<p style=\"text-align: justify;\"><span style=\"font-family: verdana,sans-serif;\">\u00dclkemizin \u00fcniversite k\u00fct\u00fcphanelerinde \u00e7al\u0131\u015fan personelin %18 k\u00fct\u00fcphaneci. Bir \u00e7ok k\u00fct\u00fcphanemizde bir k\u00fct\u00fcphaneci \u00e7al\u0131\u015f\u0131rken, k\u00fct\u00fcphaneci \u00e7al\u0131\u015ft\u0131rmayan vak\u0131f \u00fcniversiteleri bulunuyor.<\/span><\/p>\n<p style=\"text-align: justify;\"><strong><\/strong><span style=\"font-family: verdana,sans-serif;\"><strong>Milli E\u011fitimde\u00a0K\u00fct\u00fcphanecinin\u00a0Ad\u0131\u00a0<wbr>Yok.<\/wbr><\/strong><\/span><\/p>\n<p style=\"text-align: justify;\"><span style=\"font-family: verdana,sans-serif;\">Milli E\u011fitim Bakanl\u0131\u011f\u0131na ba\u011fl\u0131 e\u011fitim kurumlar\u0131nda \u00e7a\u011fda\u015f e\u011fitimin olmazsa olmaz\u0131 okul k\u00fct\u00fcphanesi 2013 T\u00dc\u0130K verilerine g\u00f6re say\u0131sal olarak 27.449 belirtilmekte, ger\u00e7eklikte okul k\u00fct\u00fcphanelerinin ad\u0131 var, kendisi yok denecek bir durumda.<\/span><\/p>\n<p style=\"text-align: justify;\"><span style=\"font-family: verdana,sans-serif;\">4+4+4 e\u011fitim modeline ge\u00e7ildi\u011fi s\u00fcre\u00e7te, oldu\u011fu iddia edilen k\u00fct\u00fcphanelerin \u00e7o\u011fu derslik yap\u0131lmak \u00fczere s\u0131n\u0131flara \u00e7evirildi. Sivil Toplum Kurulu\u015flar\u0131n\u0131n ve ba\u011f\u0131\u015f\u00e7\u0131lar\u0131n deste\u011fi ile yap\u0131lan, \u00fclke \u00e7ap\u0131nda say\u0131s\u0131 150\u2019yi ge\u00e7meyen Z-K\u00fct\u00fcphaneler ile Okul K\u00fct\u00fcphaneleri a\u00e7\u0131lsada bu \u00e7al\u0131\u015fmalar T\u00fcrkiye geneli okullar\u0131 i\u00e7in bir anlam ifade etmemektedir. \u00d6zel e\u011fitim kurumlar\u0131nda \u00e7al\u0131\u015fan k\u00fct\u00fcphanecileri saymazsak Milli E\u011fitim Bakanl\u0131\u011f\u0131\u00a0kadrosunda \u00e7al\u0131\u015fan k\u00fct\u00fcphaneci say\u0131s\u0131 s\u0131f\u0131rd\u0131r.<\/span><\/p>\n<p style=\"text-align: justify;\"><span style=\"font-family: verdana,sans-serif;\">Yeni d\u00f6nemde bakanl\u0131\u011f\u0131n giri\u015fimleri ile \u00a0bu alana dair olumlu geli\u015fmeler ya\u015fansada kal\u0131c\u0131 ve k\u00f6kl\u00fc \u00e7\u00f6z\u00fcmleri i\u00e7ermemektedir.<\/span><\/p>\n<p style=\"text-align: justify;\"><span style=\"font-family: verdana,sans-serif;\">\u00d6n\u00fcnde 2023 vizyonu olan h\u00fck\u00fcmet, k\u00fct\u00fcphane politikas\u0131 konusunda kendinden \u00f6nceki h\u00fck\u00fcmetlere benzer politikalar uygulamaktad\u0131r.<\/span><\/p>\n<p style=\"text-align: justify;\"><span style=\"font-family: verdana,sans-serif;\">Son yap\u0131lan \u201cMilli E\u011fitim \u015euras\u0131\u201dnda k\u00fct\u00fcphanelerden, kitaptan, okuma k\u00fclt\u00fcr\u00fcnden hi\u00e7 bahsedilmemi\u015ftir. 2015 y\u0131l\u0131nda \u00e7ocuklar k\u00fct\u00fcphanelerden, kitaptan, edebiyattan, sanattan yoksun yeti\u015fmekte. \u00c7ocu\u011fun aileden sonra kitapla ilk bulu\u015fma yeri olan \u00e7a\u011fda\u015f e\u011fitim kurumlar\u0131 k\u00fct\u00fcphanesiz, k\u00fct\u00fcphanecisiz.\u00a0Bilgi kaynaklar\u0131na \u00f6zg\u00fcrce eri\u015femeyen bir\u00a0nesil yeti\u015fmekte.<\/span><\/p>\n<p style=\"text-align: justify;\"><span style=\"font-family: verdana,sans-serif;\">Sevgili yazar\u0131m\u0131z Muzaffer \u0130zg\u00fc&#8217;n\u00fcn \u00e7ok g\u00fczel bir s\u00f6z\u00fc burada devreye girmeli\u00a0<strong><em>&#8220;\u00c7ocuk okuru olmayan bir toplumun yeti\u015fkin okuru olmaz&#8221;<\/em><\/strong><strong><em>.<\/em><\/strong><\/span><\/p>\n<p style=\"text-align: justify;\"><span style=\"font-family: verdana,sans-serif;\">Olmayan okul k\u00fct\u00fcphanelerinin y\u00fck\u00fc halk k\u00fct\u00fcphanelerine binmektedir. Halk k\u00fct\u00fcphanelerinin g\u00fcncel durumu, personel, bina, b\u00fct\u00e7e ve koleksiyon a\u00e7\u0131s\u0131ndan yetersiz. K\u00fct\u00fcphanelerin mevcut \u00e7al\u0131\u015fma saatleride k\u00fct\u00fcphanelerin kullan\u0131m\u0131 olumsuz etkilemekte.<\/span><\/p>\n<p style=\"text-align: justify;\"><span style=\"font-family: verdana,sans-serif;\">Yeni d\u00f6nemde yerel y\u00f6netimlerin k\u00fclt\u00fcr hizmetlerine verdi\u011fi \u00f6nem artsada bu geli\u015fmeler \u00fclke geneline yay\u0131lacak kadar \u00f6nemli bir geli\u015fme kaydetmemektedir. \u0130yi \u00f6rneklerin oldu\u011fu belediyelerde, belediye ba\u015fkanlar\u0131n\u0131 ve belediyelerin k\u00fclt\u00fcr m\u00fcd\u00fcrlerinin vizyonlar\u0131yla s\u0131n\u0131rl\u0131d\u0131r.<\/span><\/p>\n<p style=\"text-align: justify;\"><span style=\"font-family: verdana,sans-serif;\"><strong><em>EBLIDA (K\u00fct\u00fcphane, Enformasyon ve Dok\u00fcmantasyon Dernekleri Avrupa B\u00fcrosu)<\/em><\/strong><em>\u00a0istatistiklerine g\u00f6re; Almanya\u2019da halk k\u00fct\u00fcphanesi say\u0131s\u0131\u00a0<strong>9550<\/strong>, Fransa\u2019da\u00a0<strong>9400<\/strong>\u00a0T\u00fcrkiye\u2019de bu say\u0131\u00a0<strong>1.118\u2019dir<\/strong>. K\u00fct\u00fcphanelere kay\u0131tl\u0131 kullan\u0131c\u0131 say\u0131s\u0131 bak\u0131m\u0131ndan da T\u00fcrkiye Avrupa ortalamas\u0131n\u0131n \u00e7ok gerisindedir. Fransa\u2019da kay\u0131tl\u0131 kullan\u0131c\u0131 say\u0131s\u0131 11.3 milyon, \u0130ngiltere\u2019de ise 11.4 milyon iken, T\u00fcrkiye\u2019de halk k\u00fct\u00fcphanelerinde kay\u0131tl\u0131 kullan\u0131c\u0131 say\u0131s\u0131 sadece 1 milyondur.<\/em><\/span><\/p>\n<p style=\"text-align: justify;\"><strong><span style=\"font-family: verdana,sans-serif;\">Rakamlar\u0131n dili T\u00fcrkiye\u2019de k\u00fct\u00fcphanelere ve kitaplara verilen de\u011feri g\u00f6stermektedir.<\/span><\/strong><\/p>\n<p style=\"text-align: justify;\"><span style=\"font-family: verdana,sans-serif;\">\u0130nsanl\u0131k tarihi ile ba\u015fat bir kurum olan, u\u011fruna sava\u015flar yap\u0131lan k\u00fct\u00fcphane, toplumsal ilerlemenin, ayd\u0131nlanman\u0131n ve uygarl\u0131\u011f\u0131n sembol\u00fc olmaya devam ediyor.<\/span><\/p>\n<p style=\"text-align: justify;\"><span style=\"font-family: verdana,sans-serif;\">K\u00fct\u00fcphanelerin kamuya para kazand\u0131rmayan kurumlar olmas\u0131, k\u00fct\u00fcphanelerin y\u00f6neticiler taraf\u0131ndan bir y\u00fck gibi alg\u0131lanmas\u0131 nedeniyle k\u00fct\u00fcphanecilik mesle\u011finin \u00f6z\u00fc \u0131skalan\u0131yor. Toplumun ayd\u0131nlanmas\u0131, bilgiye, edebiyata, sanat eserlerine yurtta\u015flar\u0131n e\u015fit ve \u00fccretsiz eri\u015fmesi,\u00a0<strong>\u201cya\u015fam boyu e\u011fitim\u201d<\/strong>\u00a0hizmetinin kamusal yarar\u0131, k\u00fct\u00fcphanelerin toplumsal bir dinamik kurum olmas\u0131 \u00f6teleniyor.<\/span><\/p>\n<p style=\"text-align: justify;\"><span style=\"font-family: verdana,sans-serif;\">Asgari bir \u00fccret politikas\u0131 y\u00fcz\u00fcnden yoksulluk s\u0131n\u0131r\u0131 alt\u0131nda ya\u015fayan, yoksullukla m\u00fccadele eden milyonlarca insan\u0131n oldu\u011fu \u00fclkemizde bilginin, belgenin, teknolojinin bir toplum hizmeti olarak imkanlar dahilinde e\u015fit olarak, toplumun her kesiminden, her ya\u015ftan insan\u0131na hizmet veren demokratik ve \u00e7o\u011fulcu kurum olan<strong>\u201ck\u00fct\u00fcphane kurumu\u201d yok say\u0131l\u0131yor.<\/strong><\/span><\/p>\n<p style=\"text-align: justify;\"><span style=\"font-family: verdana,sans-serif;\">Bu sorunun \u00e7\u00f6z\u00fcm\u00fc k\u00fclt\u00fcr ve bilgi ve k\u00fct\u00fcphane politikas\u0131ndan ge\u00e7mektedir.<\/span><\/p>\n<p style=\"text-align: justify;\"><span style=\"font-family: verdana,sans-serif;\">\u00dclkemizin h\u00e2l\u00e2\u00a0<strong>bir \u201ck\u00fct\u00fcphane yasas\u0131\u201d<\/strong>,\u00a0\u00a0<strong>\u201ck\u00fct\u00fcphane politikas\u0131\u201d,<\/strong>\u00a0<strong>\u201ck\u00fct\u00fcphane meslek tan\u0131m\u0131\u201d\u00a0<\/strong>yok. Yaz\u0131n\u0131n ba\u015f\u0131nda verilen rakamlar\u0131n t\u00fcm\u00fcn\u00fcn \u00f6z\u00fcnde yatan sorunun temel kaynaklar\u0131na buradan bakt\u0131\u011f\u0131m\u0131zda her \u015fey daha a\u00e7\u0131k ve net.<\/span><\/p>\n<p style=\"text-align: justify;\"><strong><span style=\"font-family: verdana,sans-serif;\">YIL 2015 K\u00dcT\u00dcPHANEC\u0130LER\u0130N TALEPLER\u0130 Y\u0130NE AYNI&#8230;<\/span><\/strong><\/p>\n<p style=\"text-align: justify;\"><span style=\"font-family: verdana,sans-serif;\">-Demokratik toplum yap\u0131s\u0131na uygun t\u00fcm yurtta\u015flara hizmet sunacak zenginlikte, nitelikte\u00a0halk k\u00fct\u00fcphanesi hizmeti. Halk k\u00fct\u00fcphanelerinde k\u00fct\u00fcphaneci istihdam\u0131.<\/span><\/p>\n<p style=\"text-align: justify;\"><span style=\"font-family: verdana,sans-serif;\">-Nitelikli Bilimsel \u00dcniversite K\u00fct\u00fcphaneleri<\/span><\/p>\n<p style=\"text-align: justify;\"><span style=\"font-family: verdana,sans-serif;\">-\u00c7ocuklar\u0131n uluslararas\u0131 s\u00f6zle\u015fmelerle garanti alt\u0131na al\u0131na k\u00fct\u00fcphane ve bilgiye e\u015fit ve serbest eri\u015fim hakk\u0131 olan\u00a0\u00e7ocuk k\u00fct\u00fcphaneleri, gezici k\u00fct\u00fcphaneler.<\/span><\/p>\n<p style=\"text-align: justify;\"><span style=\"font-family: verdana,sans-serif;\">-\u00c7a\u011fda\u015f e\u011fitimin temeli; okul k\u00fct\u00fcphaneleri. Okul k\u00fct\u00fcphanelerine k\u00fct\u00fcphaneci istihdam\u0131.<\/span><\/p>\n<p style=\"text-align: justify;\"><span style=\"font-family: verdana,sans-serif;\">-Engelliler i\u00e7in Engelsiz K\u00fct\u00fcphaneler\/Engelsiz Bilgiye Eri\u015fim Merkezleri.<\/span><\/p>\n<p style=\"text-align: justify;\"><span style=\"font-family: verdana,sans-serif;\">-K\u00fct\u00fcphanelerde k\u00fct\u00fcphanecilik\/ar\u015fivcilik ve bilgi ve belge y\u00f6netimi b\u00f6l\u00fcm\u00fc mezunlar\u0131n\u0131n ya\u015fanabilir \u00fccret politikalar\u0131yla istihdam edilmesi.<\/span><\/p>\n<p style=\"text-align: justify;\"><span style=\"font-family: verdana,sans-serif;\">-G\u00fcvenceli \u00e7al\u0131\u015fma ya\u015fam\u0131.<\/span><\/p>\n<p style=\"text-align: justify;\"><span style=\"font-family: verdana,sans-serif;\">-E\u015fit i\u015fe e\u015fit \u00fccret ve insanca ya\u015fan\u0131labilir bir \u00fccret politikas\u0131.\u00a0<\/span><\/p>\n<p style=\"text-align: justify;\"><span style=\"font-family: verdana,sans-serif;\">-Mobbingsiz i\u015f ya\u015fam\u0131.<\/span><\/p>\n<p style=\"text-align: justify;\"><span style=\"font-family: verdana,sans-serif;\">-Kitaplar\u0131n yasaklanmad\u0131\u011f\u0131, sans\u00fcrlenmedi\u011fi, k\u00fct\u00fcphanelerin yak\u0131lmad\u0131\u011f\u0131, d\u00fc\u015f\u00fcncenin ve bilgiye eri\u015fimin her yurtta\u015fa e\u015fit ve \u00f6zg\u00fcr oldu\u011fu demokratik bir \u00fclke.<\/span><\/p>\n<p style=\"text-align: justify;\"><span style=\"font-family: verdana,sans-serif;\">\u00a0<\/span><strong><span style=\"font-family: verdana,sans-serif;\">K\u00dcT\u00dcPHANEC\u0130LER\u0130N BAYRAMI: 51. K\u00fct\u00fcphane Haftas\u0131 Kutlu Olsun&#8230;<\/span><\/strong><\/p>\n<p style=\"text-align: justify;\"><strong><span style=\"font-family: verdana,sans-serif;\">30 Mart 2015<\/span><\/strong><\/p>\n<p style=\"text-align: justify;\"><em><strong><span style=\"font-family: verdana,sans-serif;\">\u00a0Ayd\u0131n \u0130leri<\/span><\/strong><\/em><\/p>\n","protected":false},"excerpt":{"rendered":"<p>Y\u0131l 2015, K\u00fct\u00fcphane Haftas\u0131\u2019n\u0131n 51. sini kutluyoruz.\u00a0K\u00fct\u00fcphanelerde k\u00fct\u00fcphanecilerin \u00e7al\u0131\u015ft\u0131\u011f\u0131, okullar\u0131n k\u00fct\u00fcphanelerle donat\u0131ld\u0131\u011f\u0131,\u00a0k\u00fct\u00fcphanelerin okurlarla dolup ta\u015ft\u0131\u011f\u0131, K\u00fct\u00fcphanecinin\u00a0\u00e7al\u0131\u015fma ya\u015fam\u0131nda yerini aktif olarak ald\u0131\u011f\u0131, kitaplar\u0131n sans\u00fcrlenmedi\u011fi, yasaklanmad\u0131\u011f\u0131, bir hafta dilemeyi \u00e7ok\u00a0isterdim.<\/p>\n","protected":false},"author":1,"featured_media":0,"comment_status":"open","ping_status":"open","sticky":false,"template":"","format":"standard","meta":{"footnotes":""},"categories":[1522,1476],"tags":[1461],"class_list":["post-16453","post","type-post","status-publish","format-standard","hentry","category-51-kutuphane-haftasi","category-aydin-ileri","tag-kutuphane-haftasi"],"_links":{"self":[{"href":"https:\/\/www.bbyhaber.com\/bby\/wp-json\/wp\/v2\/posts\/16453"}],"collection":[{"href":"https:\/\/www.bbyhaber.com\/bby\/wp-json\/wp\/v2\/posts"}],"about":[{"href":"https:\/\/www.bbyhaber.com\/bby\/wp-json\/wp\/v2\/types\/post"}],"author":[{"embeddable":true,"href":"https:\/\/www.bbyhaber.com\/bby\/wp-json\/wp\/v2\/users\/1"}],"replies":[{"embeddable":true,"href":"https:\/\/www.bbyhaber.com\/bby\/wp-json\/wp\/v2\/comments?post=16453"}],"version-history":[{"count":0,"href":"https:\/\/www.bbyhaber.com\/bby\/wp-json\/wp\/v2\/posts\/16453\/revisions"}],"wp:attachment":[{"href":"https:\/\/www.bbyhaber.com\/bby\/wp-json\/wp\/v2\/media?parent=16453"}],"wp:term":[{"taxonomy":"category","embeddable":true,"href":"https:\/\/www.bbyhaber.com\/bby\/wp-json\/wp\/v2\/categories?post=16453"},{"taxonomy":"post_tag","embeddable":true,"href":"https:\/\/www.bbyhaber.com\/bby\/wp-json\/wp\/v2\/tags?post=16453"}],"curies":[{"name":"wp","href":"https:\/\/api.w.org\/{rel}","templated":true}]}}