{"id":16443,"date":"2015-03-28T16:39:23","date_gmt":"2015-03-28T14:39:23","guid":{"rendered":"http:\/\/www.bbyhaber.com\/bby\/?p=16443"},"modified":"2015-03-28T16:48:52","modified_gmt":"2015-03-28T14:48:52","slug":"ilk-modern-kutuphane-yikiliyor","status":"publish","type":"post","link":"https:\/\/www.bbyhaber.com\/bby\/2015\/03\/28\/ilk-modern-kutuphane-yikiliyor","title":{"rendered":"\u0130lk modern k\u00fct\u00fcphane y\u0131k\u0131l\u0131yor!"},"content":{"rendered":"<p style=\"text-align: justify;\"><img loading=\"lazy\" decoding=\"async\" class=\"alignleft\" src=\"http:\/\/www.bbyhaber.com\/bby\/wp-content\/uploads\/2015\/03\/iu-kutuphane.jpg\" alt=\"\" width=\"254\" height=\"141\" \/>\u0130stanbul \u00dcniversitesi (\u0130\u00dc) Merkez K\u00fct\u00fcphanesi\u2019ni y\u0131kacak projeye 4 No\u2019lu Kurul\u2019dan onay \u00e7\u0131kt\u0131. Mimarlar Odas\u0131\u2019n\u0131n binan\u0131n modern mimarl\u0131k miras\u0131 \u00f6rne\u011fi olmas\u0131 nedeniyle yapt\u0131\u011f\u0131 <a href=\"http:\/\/www.mimarist.org\/images\/pdfler\/iumerkezkutuphanedocomomo1806.pdf\" target=\"_blank\"><span style=\"color: #0000ff;\">tescil ba\u015fvurusu<\/span><\/a> reddedildi. T\u00fcrkiye\u2019nin ilk modern \u00fcniversite k\u00fct\u00fcphanesi olan \u0130\u00dc Merkez K\u00fct\u00fcphanesi \u2018daha modern\u2019 olaca\u011f\u0131 \u00f6ne s\u00fcr\u00fclen bir proje i\u00e7in y\u0131k\u0131l\u0131yor. <!--more-->Beyaz\u0131t Meydan\u0131\u2019nda otuz y\u0131ld\u0131r hizmet veren k\u00fct\u00fcphane binas\u0131n\u0131 y\u0131kacak avan projeye 4 No\u2019lu Koruma Kurulu\u2019ndan onay \u00e7\u0131kt\u0131.\u00a0 Mimarlar Odas\u0131 ile modern mimarl\u0131k \u00f6rneklerinin belgelenmesi ve korunmas\u0131 i\u00e7in \u00e7al\u0131\u015fan <span style=\"color: #0000ff;\"><a href=\"http:\/\/dergi.mo.org.tr\/dergiler\/4\/556\/8335.pdf\" target=\"_blank\"><span style=\"color: #0000ff;\">DOCOMOMO<\/span><\/a><\/span> (Modern mimarl\u0131k ak\u0131m\u0131n\u0131n kentsel \u00f6l\u00e7ekli ya da tekil \u00f6rneklerinin belgelenmesi ve korunmas\u0131 ba\u015fl\u0131\u011f\u0131n\u0131n yerine ge\u00e7en bir k\u0131saltma: &#8220;<strong>DO<\/strong>cumentation and <strong>CO<\/strong>nservation of buildings, sites and neighbourhoods of the <strong>M<\/strong>Odern <strong>MO<\/strong>vement&#8221;)) T\u00fcrkiye \u00c7al\u0131\u015fma Grubu\u2019nun k\u00fct\u00fcphane binas\u0131n\u0131n k\u00fclt\u00fcr varl\u0131\u011f\u0131 olarak tescillenmesi i\u00e7in 4 No\u2019lu Kurula sundu\u011fu <a href=\"http:\/\/www.mimarist.org\/images\/pdfler\/iumerkezkutuphanedocomomo1806.pdf\" target=\"_blank\"><span style=\"color: #0000ff;\">rapor<\/span><\/a> dikkate al\u0131nmayarak tescil talebi reddedildi.<\/p>\n<p style=\"text-align: justify;\">\u0130stanbul \u00dcniversitesi Merkez K\u00fct\u00fcphanesi\u2019nin projesi 1964 y\u0131l\u0131nda d\u00fczenlenen ulusal yar\u0131\u015fma ile mimar \u015eandor Hadi ve H\u00fcseyin Ba\u015f\u00e7etin\u00e7elik taraf\u0131ndan tasarland\u0131. 1970\u2019te yap\u0131m\u0131na ba\u015flanan bina 1985 y\u0131l\u0131nda tamamlanarak hizmet vermeye ba\u015flad\u0131. Merkez K\u00fct\u00fcphane\u2019nin nadir eserler b\u00f6l\u00fcm\u00fcnde T\u00fcrk\u00e7e, Arap\u00e7a, Fars\u00e7a, Latince ve di\u011fer dillerde 38 bin basma eser, harita, nota ve 800 alb\u00fcm ile II. Abd\u00fclhamit d\u00f6nemine ait 33 bin foto\u011fraf yer al\u0131yor. Mimarlar Odas\u0131\u2019n\u0131n haz\u0131rlad\u0131\u011f\u0131 raporda k\u00fct\u00fcphanenin T\u00fcrkiye\u2019nin en eski ve kapasitesi en b\u00fcy\u00fck \u00fcniversite k\u00fct\u00fcphanesi olma \u00f6zelli\u011fi ta\u015f\u0131d\u0131\u011f\u0131, Beyaz\u0131t Meydan\u0131\u2019n\u0131n bir par\u00e7as\u0131 oldu\u011fu ve yap\u0131ld\u0131\u011f\u0131 d\u00f6nemin tasar\u0131m, mimari ve teknoloji anlay\u0131\u015f\u0131n\u0131 yans\u0131tt\u0131\u011f\u0131 vurgulan\u0131yor.<\/p>\n<p style=\"text-align: justify;\">\u2018BU YIKIM BARBARLIKTIR&#8217;<br \/>\nMimarlar Odas\u0131 \u0130stanbul \u015eube Ba\u015fkan\u0131 Sami Y\u0131lmazt\u00fcrk, Merkez K\u00fct\u00fcphane\u2019nin yerine daha modern bir bina yap\u0131laca\u011f\u0131 gerek\u00e7esiyle y\u0131k\u0131lmas\u0131n\u0131 \u2018barbarl\u0131k\u2019 olarak niteledi. Y\u0131lmazt\u00fcrk, \u201c\u0130stanbul \u00dcniversitesi Merkez K\u00fct\u00fcphanesi, Cumhuriyetin en \u00f6nemli yap\u0131lar\u0131ndan biri olan, i\u00e7inde 500 y\u0131ll\u0131k eserlerin oldu\u011fu ve bug\u00fcne kadar ihtiyac\u0131 g\u00f6ren bir yap\u0131. K\u00fclt\u00fcr varl\u0131\u011f\u0131 niteli\u011finde bir yap\u0131y\u0131 y\u0131karak yerine yeni yap\u0131 yapmak mimarl\u0131k de\u011fil, barbarl\u0131kt\u0131r. Merkez K\u00fct\u00fcphane T\u00fcrkiye mimarl\u0131\u011f\u0131 a\u00e7\u0131s\u0131ndan \u00e7ok de\u011fer verilen, erken kaybetti\u011fimiz \u015eandor Hadi\u2019nin birlikte \u00e7al\u0131\u015ft\u0131\u011f\u0131 H\u00fcseyin Ba\u015f\u00e7etin\u00e7elik ile tasarlad\u0131\u011f\u0131 bir projedir. Hadi\u2019nin say\u0131l\u0131 eserlerinin bug\u00fcn mimarl\u0131k tarihi i\u00e7in bir de\u011feri var ve bu yap\u0131n\u0131n s\u0131rf mimar\u0131ndan dolay\u0131 dahi korunmas\u0131 gerekti\u011fini d\u00fc\u015f\u00fcn\u00fcyoruz\u201d dedi.<\/p>\n<p style=\"text-align: justify;\">\u0130LK \u00dcN\u0130VERS\u0130TE K\u00dcT\u00dcPHANES\u0130<br \/>\nT\u00fcrkiye\u2019nin ilk \u00fcniversite k\u00fct\u00fcphanesi olan binan\u0131n 1970\u2019lerde k\u00fct\u00fcphane ihtiyac\u0131n\u0131 kar\u015f\u0131layan tasar\u0131m de\u011feri nedeniyle T\u00fcrkiye mimarl\u0131\u011f\u0131na katk\u0131s\u0131 oldu\u011funu belirten Y\u0131lmazt\u00fcrk, \u201cMimarlar Odas\u0131 olarak yap\u0131n\u0131n tescillenmesi i\u00e7in Koruma Kurulu\u2019na g\u00f6nderdi\u011fimiz rapor ve DOCOMOMO\u2019nun g\u00f6r\u00fc\u015f\u00fc kurul taraf\u0131ndan de\u011ferlendirilmeye bile al\u0131nmad\u0131. Bug\u00fcn kurullarda ne yaz\u0131k ki bu raporumuzu de\u011ferlendirebilecek yeterlikte bir kurul \u00fcyesi de yoktur. \u00d6nlerine gelen projeyi onaylayan ka\u015feci kurul \u00fcyeleri var. Tarihi Yar\u0131mada kentsel ve tarihi sit alan\u0131nda ve arkeolojik a\u00e7\u0131dan son derece \u00f6nemli bir b\u00f6lgede, zemin alt\u0131 arkeolojik de\u011ferlerimizin tespiti yap\u0131lmadan \u00e7ivi \u00e7ak\u0131lmas\u0131na dahi izin verilmemesi gerekirken, bu projeye bu \u015fekilde onay verilmesi korumac\u0131l\u0131k a\u00e7\u0131s\u0131ndan kabul edilemez\u201d dedi.<\/p>\n<p style=\"text-align: justify;\">Kayak: http:\/\/www.birgun.net\/<\/p>\n","protected":false},"excerpt":{"rendered":"<p>\u0130stanbul \u00dcniversitesi (\u0130\u00dc) Merkez K\u00fct\u00fcphanesi\u2019ni y\u0131kacak projeye 4 No\u2019lu Kurul\u2019dan onay \u00e7\u0131kt\u0131. Mimarlar Odas\u0131\u2019n\u0131n binan\u0131n modern mimarl\u0131k miras\u0131 \u00f6rne\u011fi olmas\u0131 nedeniyle yapt\u0131\u011f\u0131 tescil ba\u015fvurusu reddedildi. T\u00fcrkiye\u2019nin ilk modern \u00fcniversite k\u00fct\u00fcphanesi olan \u0130\u00dc Merkez K\u00fct\u00fcphanesi \u2018daha modern\u2019 olaca\u011f\u0131 \u00f6ne s\u00fcr\u00fclen bir proje i\u00e7in y\u0131k\u0131l\u0131yor.<\/p>\n","protected":false},"author":1,"featured_media":0,"comment_status":"open","ping_status":"open","sticky":false,"template":"","format":"standard","meta":{"footnotes":""},"categories":[1],"tags":[1437],"class_list":["post-16443","post","type-post","status-publish","format-standard","hentry","category-genel","tag-univ-arastirma-kutuphaneleri"],"_links":{"self":[{"href":"https:\/\/www.bbyhaber.com\/bby\/wp-json\/wp\/v2\/posts\/16443"}],"collection":[{"href":"https:\/\/www.bbyhaber.com\/bby\/wp-json\/wp\/v2\/posts"}],"about":[{"href":"https:\/\/www.bbyhaber.com\/bby\/wp-json\/wp\/v2\/types\/post"}],"author":[{"embeddable":true,"href":"https:\/\/www.bbyhaber.com\/bby\/wp-json\/wp\/v2\/users\/1"}],"replies":[{"embeddable":true,"href":"https:\/\/www.bbyhaber.com\/bby\/wp-json\/wp\/v2\/comments?post=16443"}],"version-history":[{"count":0,"href":"https:\/\/www.bbyhaber.com\/bby\/wp-json\/wp\/v2\/posts\/16443\/revisions"}],"wp:attachment":[{"href":"https:\/\/www.bbyhaber.com\/bby\/wp-json\/wp\/v2\/media?parent=16443"}],"wp:term":[{"taxonomy":"category","embeddable":true,"href":"https:\/\/www.bbyhaber.com\/bby\/wp-json\/wp\/v2\/categories?post=16443"},{"taxonomy":"post_tag","embeddable":true,"href":"https:\/\/www.bbyhaber.com\/bby\/wp-json\/wp\/v2\/tags?post=16443"}],"curies":[{"name":"wp","href":"https:\/\/api.w.org\/{rel}","templated":true}]}}