{"id":16429,"date":"2015-03-26T10:37:40","date_gmt":"2015-03-26T08:37:40","guid":{"rendered":"http:\/\/www.bbyhaber.com\/bby\/?p=16429"},"modified":"2015-03-26T10:48:09","modified_gmt":"2015-03-26T08:48:09","slug":"o-minibus-kutuphane-olacak","status":"publish","type":"post","link":"https:\/\/www.bbyhaber.com\/bby\/2015\/03\/26\/o-minibus-kutuphane-olacak","title":{"rendered":"O minib\u00fcs k\u00fct\u00fcphane olacak"},"content":{"rendered":"<p style=\"text-align: justify;\"><img loading=\"lazy\" decoding=\"async\" class=\"alignleft\" src=\"http:\/\/www.bbyhaber.com\/bby\/wp-content\/uploads\/2015\/03\/ozgecan-kutuphane.jpg\" alt=\"\" width=\"262\" height=\"145\" \/>Mersin\u2019de \u00dcniversite \u00f6\u011frencisi \u00d6zgecan Aslan\u2019\u0131n \u00f6ld\u00fcr\u00fcld\u00fc\u011f\u00fc minib\u00fcs, K\u00fct\u00fcphane olacak. Arac\u0131 sat\u0131n alan Hatayl\u0131 \u0130\u015f Adam\u0131 Ayhan Kara, arac\u0131 \u00f6nce yakmak istedi.\u00a0 \u00d6zgecan Aslan\u2019\u0131n ailesi ile g\u00f6r\u00fc\u015fen \u0130\u015f adam\u0131 \u201c\u00c7ocuklar Okusun \u00d6zgecanlar Yanmas\u0131n\u201d slogan\u0131 ile o arac\u0131 \u00d6zgecan Aslan Gezici \u00c7ocuk K\u00fct\u00fcphanesine d\u00f6n\u00fc\u015ft\u00fcrme karar\u0131 ald\u0131.Konuyu sosyal payla\u015f\u0131m sitesi \u00fczerinden duyuran \u0130\u015f Adam\u0131 Ayhan Kara,<!--more--> \u201c\u00d6zgecan Aslan&#8217;\u0131n i\u00e7inde katledildi\u011fi dolmu\u015f bu, izini s\u00fcrd\u00fck, bulduk ve sat\u0131n ald\u0131k. Ailesiyle yapt\u0131\u011f\u0131m g\u00f6r\u00fc\u015fmede \u201cKaranl\u0131\u011fa Karanl\u0131kla\u201d, \u201cAte\u015fe Ate\u015fle\u201d\u00a0 kar\u015f\u0131l\u0131k vermememiz gerekti\u011fi kan\u0131s\u0131 has\u0131l oldu ve arac\u0131 tamamen yakma fikrinden vazge\u00e7tik. Bu arac\u0131n i\u00e7indeki koltuklar ve d\u00f6\u015femeler ibretlik bir \u015fekilde yak\u0131lacak ve i\u00e7erisi gezici bir &#8220;\u00c7ocuk K\u00fct\u00fcphanesi&#8221; olarak dizayn edildikten sonra Ayhan Kara Vakf\u0131&#8217;n\u0131n \u00e7at\u0131s\u0131 alt\u0131nda T\u00fcrkiye&#8217;nin \u00e7e\u015fitli \u015fehirlerinde \u00e7ocuk okurlara hizmet verecek\u201d dedi.<\/p>\n<p style=\"text-align: justify;\">Kaynak: http:\/\/www.sabah.com.tr\/<\/p>\n","protected":false},"excerpt":{"rendered":"<p>Mersin\u2019de \u00dcniversite \u00f6\u011frencisi \u00d6zgecan Aslan\u2019\u0131n \u00f6ld\u00fcr\u00fcld\u00fc\u011f\u00fc minib\u00fcs, K\u00fct\u00fcphane olacak. Arac\u0131 sat\u0131n alan Hatayl\u0131 \u0130\u015f Adam\u0131 Ayhan Kara, arac\u0131 \u00f6nce yakmak istedi.\u00a0 \u00d6zgecan Aslan\u2019\u0131n ailesi ile g\u00f6r\u00fc\u015fen \u0130\u015f adam\u0131 \u201c\u00c7ocuklar Okusun \u00d6zgecanlar Yanmas\u0131n\u201d slogan\u0131 ile o arac\u0131 \u00d6zgecan Aslan Gezici \u00c7ocuk K\u00fct\u00fcphanesine d\u00f6n\u00fc\u015ft\u00fcrme karar\u0131 ald\u0131.Konuyu sosyal payla\u015f\u0131m sitesi \u00fczerinden duyuran \u0130\u015f Adam\u0131 Ayhan Kara,<\/p>\n","protected":false},"author":1,"featured_media":0,"comment_status":"open","ping_status":"open","sticky":false,"template":"","format":"standard","meta":{"footnotes":""},"categories":[1],"tags":[1440,707],"class_list":["post-16429","post","type-post","status-publish","format-standard","hentry","category-genel","tag-gezici-kutuphaneler","tag-ozgecan-aslan-kutuphanesi"],"_links":{"self":[{"href":"https:\/\/www.bbyhaber.com\/bby\/wp-json\/wp\/v2\/posts\/16429"}],"collection":[{"href":"https:\/\/www.bbyhaber.com\/bby\/wp-json\/wp\/v2\/posts"}],"about":[{"href":"https:\/\/www.bbyhaber.com\/bby\/wp-json\/wp\/v2\/types\/post"}],"author":[{"embeddable":true,"href":"https:\/\/www.bbyhaber.com\/bby\/wp-json\/wp\/v2\/users\/1"}],"replies":[{"embeddable":true,"href":"https:\/\/www.bbyhaber.com\/bby\/wp-json\/wp\/v2\/comments?post=16429"}],"version-history":[{"count":0,"href":"https:\/\/www.bbyhaber.com\/bby\/wp-json\/wp\/v2\/posts\/16429\/revisions"}],"wp:attachment":[{"href":"https:\/\/www.bbyhaber.com\/bby\/wp-json\/wp\/v2\/media?parent=16429"}],"wp:term":[{"taxonomy":"category","embeddable":true,"href":"https:\/\/www.bbyhaber.com\/bby\/wp-json\/wp\/v2\/categories?post=16429"},{"taxonomy":"post_tag","embeddable":true,"href":"https:\/\/www.bbyhaber.com\/bby\/wp-json\/wp\/v2\/tags?post=16429"}],"curies":[{"name":"wp","href":"https:\/\/api.w.org\/{rel}","templated":true}]}}