{"id":1640,"date":"2008-10-06T19:56:50","date_gmt":"2008-10-06T19:56:50","guid":{"rendered":"http:\/\/www.bbyhaber.com\/bby\/?p=1640"},"modified":"2011-12-11T19:57:32","modified_gmt":"2011-12-11T19:57:32","slug":"mahkumlar-icin-oss-kutuphanesi","status":"publish","type":"post","link":"https:\/\/www.bbyhaber.com\/bby\/2008\/10\/06\/mahkumlar-icin-oss-kutuphanesi","title":{"rendered":"Mahkumlar i\u00e7in \u00d6SS k\u00fct\u00fcphanesi"},"content":{"rendered":"<p>T\u00fcrkiye G\u00f6n\u00fcll\u00fc E\u011fitimciler Derne\u011fi, \u00fcniversiteli olmak isteyen mahkumlar i\u00e7in \u00f6zel \u00d6SS k\u00fct\u00fcphanesi kuracak.<\/p>\n<p>T\u00fcrkiye G\u00f6n\u00fcll\u00fc E\u011fitimciler Derne\u011fi, \u00d6SS&#8217;ye haz\u0131rlanan tutuklu ve h\u00fck\u00fcml\u00fc gen\u00e7ler i\u00e7in Ankara \u00c7ocuk ve Gen\u00e7lik Kapal\u0131 Ceza \u0130nfaz Kurumu&#8217;nda &#8220;\u00d6SS K\u00fct\u00fcphanesi&#8221; kuracak.<\/p>\n<p>Dernek Ba\u015fkan\u0131 \u0130brahim Erdo\u011fan, Ankara \u00c7ocuk ve Gen\u00e7lik Kapal\u0131 Ceza \u0130nfaz Kurumu M\u00fcd\u00fcr\u00fcn\u00fcn kurumda yeterli miktarda test kitab\u0131 bulunmad\u0131\u011f\u0131n\u0131 s\u00f6ylemesi \u00fczerine kuruma, 20 farkl\u0131 dershanenin yay\u0131mlad\u0131\u011f\u0131, yeni \u00d6SS sistemine g\u00f6re d\u00fczenlenmi\u015f bine yak\u0131n test kitab\u0131 ve dergi g\u00f6nderdiklerini bildirdi.<\/p>\n<p>Tutuklu ve h\u00fck\u00fcml\u00fcler aras\u0131nda a\u00e7\u0131k lisede okuyup \u00fcniversite s\u0131nav\u0131na haz\u0131rlananlar bulundu\u011funu anlatan Erdo\u011fan, &#8220;Su\u00e7 i\u015flemi\u015f olsalar da bu \u00e7ocuklar bizim \u00e7ocuklar\u0131m\u0131z. Bu \u00e7ocuklar\u0131n topluma kazand\u0131r\u0131lmas\u0131 laz\u0131m. \u00dcniversiteye girmeleri de bu a\u00e7\u0131dan \u00f6nemli&#8221; diye konu\u015ftu.<\/p>\n<p>Bu gen\u00e7lerin dershaneye gitme imkanlar\u0131 bulunmad\u0131\u011f\u0131 i\u00e7in \u00fcniversiteye haz\u0131rlanmakta zorland\u0131klar\u0131na i\u015faret eden Erdo\u011fan, \u015f\u00f6yle devam etti:<\/p>\n<p>&#8220;\u00c7ocuklar e\u011fitim g\u00f6r\u00fcp, okuduklar\u0131 zaman su\u00e7lara daha az meyil edeceklerdir diye d\u00fc\u015f\u00fcn\u00fcyorum. Ayr\u0131ca \u00fcniversiteyi okurlarsa, cezalar\u0131 bitti\u011fi zaman i\u015f bulma imkanlar\u0131 da artacak. B\u00f6ylece su\u00e7tan da ar\u0131nd\u0131r\u0131lm\u0131\u015f olacaklard\u0131r. Okul ve e\u011fitimin onlar\u0131 farkl\u0131la\u015ft\u0131raca\u011f\u0131na inan\u0131yorum. Toplumda su\u00e7 oranlar\u0131na bakarsak genellikle e\u011fitim d\u00fczeyleri daha d\u00fc\u015f\u00fck ki\u015filer su\u00e7 i\u015flemeye daha yatk\u0131n oluyorlar. Cezaevlerine ziyarete gitti\u011fimizde de orada pek \u00e7ok su\u00e7lunun okuma yazma kurslar\u0131 ald\u0131\u011f\u0131n\u0131 g\u00f6zlemledik. Bu nedenle buradaki \u00e7ocuklar\u0131n e\u011fitimine \u00e7ok \u00f6nem veriyoruz.&#8221;<\/p>\n<p>Erdo\u011fan, Ankara \u00c7ocuk ve Gen\u00e7lik Kapal\u0131 Ceza \u0130nfaz Kurumunda kurulacak &#8220;\u00d6SS K\u00fct\u00fcphanesi&#8221;nin yan\u0131s\u0131ra, talep gelmesi halinde di\u011fer cezaevlerine de test kitaplar\u0131 g\u00f6nderebileceklerini, yeni d\u00f6nemde gerekli izinleri alarak cezaevlerine g\u00f6n\u00fcll\u00fc \u00f6\u011fretmenler g\u00f6ndermeyi planlad\u0131klar\u0131n\u0131 bildirdi.<\/p>\n<p>Kaynak: http:\/\/www.dunyabulteni.net\/<\/p>\n","protected":false},"excerpt":{"rendered":"<p>T\u00fcrkiye G\u00f6n\u00fcll\u00fc E\u011fitimciler Derne\u011fi, \u00fcniversiteli olmak isteyen mahkumlar i\u00e7in \u00f6zel \u00d6SS k\u00fct\u00fcphanesi kuracak. T\u00fcrkiye G\u00f6n\u00fcll\u00fc E\u011fitimciler Derne\u011fi, \u00d6SS&#8217;ye haz\u0131rlanan tutuklu ve h\u00fck\u00fcml\u00fc gen\u00e7ler i\u00e7in Ankara \u00c7ocuk ve Gen\u00e7lik Kapal\u0131 Ceza \u0130nfaz Kurumu&#8217;nda &#8220;\u00d6SS K\u00fct\u00fcphanesi&#8221; kuracak. Dernek Ba\u015fkan\u0131 \u0130brahim Erdo\u011fan, Ankara \u00c7ocuk ve Gen\u00e7lik Kapal\u0131 Ceza \u0130nfaz Kurumu M\u00fcd\u00fcr\u00fcn\u00fcn kurumda yeterli miktarda test kitab\u0131 bulunmad\u0131\u011f\u0131n\u0131 s\u00f6ylemesi [&hellip;]<\/p>\n","protected":false},"author":1,"featured_media":0,"comment_status":"open","ping_status":"open","sticky":false,"template":"","format":"standard","meta":{"footnotes":""},"categories":[1],"tags":[114],"class_list":["post-1640","post","type-post","status-publish","format-standard","hentry","category-genel","tag-cezaevi-kutuphane"],"_links":{"self":[{"href":"https:\/\/www.bbyhaber.com\/bby\/wp-json\/wp\/v2\/posts\/1640"}],"collection":[{"href":"https:\/\/www.bbyhaber.com\/bby\/wp-json\/wp\/v2\/posts"}],"about":[{"href":"https:\/\/www.bbyhaber.com\/bby\/wp-json\/wp\/v2\/types\/post"}],"author":[{"embeddable":true,"href":"https:\/\/www.bbyhaber.com\/bby\/wp-json\/wp\/v2\/users\/1"}],"replies":[{"embeddable":true,"href":"https:\/\/www.bbyhaber.com\/bby\/wp-json\/wp\/v2\/comments?post=1640"}],"version-history":[{"count":0,"href":"https:\/\/www.bbyhaber.com\/bby\/wp-json\/wp\/v2\/posts\/1640\/revisions"}],"wp:attachment":[{"href":"https:\/\/www.bbyhaber.com\/bby\/wp-json\/wp\/v2\/media?parent=1640"}],"wp:term":[{"taxonomy":"category","embeddable":true,"href":"https:\/\/www.bbyhaber.com\/bby\/wp-json\/wp\/v2\/categories?post=1640"},{"taxonomy":"post_tag","embeddable":true,"href":"https:\/\/www.bbyhaber.com\/bby\/wp-json\/wp\/v2\/tags?post=1640"}],"curies":[{"name":"wp","href":"https:\/\/api.w.org\/{rel}","templated":true}]}}