{"id":16391,"date":"2015-03-23T09:23:34","date_gmt":"2015-03-23T07:23:34","guid":{"rendered":"http:\/\/www.bbyhaber.com\/bby\/?p=16391"},"modified":"2015-03-23T09:27:44","modified_gmt":"2015-03-23T07:27:44","slug":"kitaptan-kutuphaneden-bahsedildi-kutuphanecinin-adi-bile-gecmedi","status":"publish","type":"post","link":"https:\/\/www.bbyhaber.com\/bby\/2015\/03\/23\/kitaptan-kutuphaneden-bahsedildi-kutuphanecinin-adi-bile-gecmedi","title":{"rendered":"Kitaptan, k\u00fct\u00fcphaneden bahsedildi; K\u00fct\u00fcphaneci&#8217;nin ad\u0131 bile ge\u00e7medi!"},"content":{"rendered":"<p style=\"text-align: justify;\"><img loading=\"lazy\" decoding=\"async\" class=\"alignleft\" src=\"http:\/\/www.bbyhaber.com\/bby\/wp-content\/uploads\/2015\/03\/kitap-kutuphane-surasi.jpg\" alt=\"G\u00f6m\u00fcl\u00fc resim i\u00e7in kal\u0131c\u0131 ba\u011flant\u0131\" width=\"215\" height=\"127\" \/>4.Sosyal Bilimler Te\u015fvik \u00d6d\u00fcl T\u00f6reni ve Kitab\u0131n Medeniyeti ve K\u00fct\u00fcphaneler \u015euras\u0131&#8217;nda &#8220;K\u00fct\u00fcphaneler&#8221; hakk\u0131nda konu\u015fulan AK Parti Genel Ba\u015fkan\u0131 ve Ba\u015fbakan Ahmet Davuto\u011flu \u015funlar\u0131 s\u00f6yledi: &#8220;Modern k\u00fct\u00fcphanecilik sistemleri aras\u0131nda yer alan radyo frekansl\u0131 tan\u0131mlama sistemini T\u00fcrkiye\u2019de ilk kullanan k\u00fct\u00fcphane niteli\u011fi ta\u015f\u0131d\u0131k. Yay\u0131nc\u0131 sertifikas\u0131na sahip olan partiden biriyiz. 2011&#8217;den beri T\u00fcrkiye Toplu Katalo\u011fu (TO-KAT) \u00fcyesiyiz. <!--more-->Bu niteli\u011fiyle de 4 y\u0131l \u00f6nce Sosyal Bilimler Te\u015fvik \u00d6d\u00fcl\u00fc ba\u015flatarak hem k\u00fct\u00fcphane sahibi olan hem de bilimsel \u00f6d\u00fcl\u00fc ilk defa g\u00fcndeme getiren bir parti olma niteli\u011fiyle T\u00fcrk siyasi hayat\u0131nda \u00f6zel ve m\u00fctena bir yere sahip olduk. Davuto\u011flu, 2002&#8217;de 1 milyon 900 bin kitap bar\u0131nd\u0131ran Milli K\u00fct\u00fcphane\u2019nin \u015fu anda 3 milyon 400 bin kitaba sahip oldu\u011funa dikkati \u00e7ekerek, \u201c2004&#8217;te dijital koleksiyona ge\u00e7en Milli K\u00fct\u00fcphane\u2019de bug\u00fcn toplam 6 milyon 700 bin dijital i\u00e7erik var. 330 el yazmas\u0131 ve matbu nadir eser, 140 bin eski harfli, Osmanl\u0131ca bir anda yabanc\u0131 dil gibi d\u00fc\u015f\u00fcnenlere s\u00f6yl\u00fcyorum, g\u00fczel T\u00fcrk\u00e7emizin tarihi versiyonu gazeteyi ve 753 farkl\u0131 t\u00fcrde kayna\u011f\u0131 koruma alt\u0131na ald\u0131k\u201d ifadelerini kulland\u0131.<\/p>\n<p style=\"text-align: justify;\">-Yeni k\u00fct\u00fcphaneler a\u00e7\u0131lacak<\/p>\n<p style=\"text-align: justify;\">T\u00fcrkiye\u2019de bin 124 halk k\u00fct\u00fcphanesi bulundu\u011funu s\u00f6yleyen Davuto\u011flu, \u201c\u0130n\u015fallah bu sene i\u00e7inde de 10 k\u00fct\u00fcphane a\u00e7aca\u011f\u0131z. Mu\u015f, Burdur, U\u015fak, Siirt, \u00c7anakkale, \u0130zmir, Denizli ve Ankara\u2019da\u201d dedi. K\u00fct\u00fcphanlerin halk taraf\u0131ndan en iyi \u015fekilde de\u011ferlendirilmesini \u00fcmit ve rica etti\u011fini dile getiren Davuto\u011flu, \u201cK\u00fct\u00fcphanelerimizin sadece devlet yetkililerinin ya da \u00f6zel g\u00fcnlerde \u00f6\u011frencilerin ziyaret etti\u011fi yer olmaktan \u00e7\u0131kmal\u0131. Tarihi k\u00fct\u00fcphaneleri mutlaka ziyaret etmeliyiz. \u0130stanbul\u2019da K\u00f6pr\u00fcl\u00fc K\u00fct\u00fcphanesi\u2019nde lisedeyken saatlerimi ge\u00e7irirdim. Oraya oturdu\u011fum zaman, o g\u00fczel ortamda, zihniniz a\u00e7\u0131l\u0131r, feyziniz a\u00e7\u0131l\u0131r. Ders \u00e7al\u0131\u015f\u0131rken dahi hazlar\u0131n en b\u00fcy\u00fc\u011f\u00fcn\u00fc al\u0131rs\u0131n\u0131z. Belki s\u0131n\u0131fta bazen s\u0131k\u0131c\u0131 gelebilecek dersler, o ortamda ba\u015fka g\u00fczel gelir\u201d \u015feklinde konu\u015ftu. Davuto\u011flu, ayr\u0131ca 12 y\u0131lda 12 gezici k\u00fct\u00fcphaneyi hizmete ald\u0131klar\u0131n\u0131, 15 gezici k\u00fct\u00fcphanenin ise gelecek y\u0131l hizmet vermeye ba\u015flayaca\u011f\u0131n\u0131 bildirdi.<\/p>\n<p style=\"text-align: justify;\">-Yazma eserler<\/p>\n<p style=\"text-align: justify;\">T\u00fcrk k\u00fclt\u00fcr\u00fcn\u00fcn di\u011fer k\u00fclt\u00fcr ve medeniyetlerden farklar\u0131ndan birinin de yazma eserler oldu\u011funu belirten Davuto\u011flu, \u015funlar\u0131 kaydetti: \u201cK\u00fct\u00fcphaneler bu anlamda \u00f6nemli mekanlar hepimiz i\u00e7in. S\u0131k s\u0131k kurguluyorum. Kitap ayn\u0131 zamanda estetiktir. \u015eehrin esteti\u011fi mimaridir, insan\u0131n esteti\u011fi ahlakt\u0131r, evin esteti\u011fi kitapt\u0131r, kalemin esteti\u011fi hatt\u0131r. K\u00fct\u00fcphaneler var diye, evimizi kitaplardan aman yoksun b\u0131rakmayal\u0131m. Bir ev kitaptan yoksun diye kitaplar bir \u015fey kaybetmez ama o evin sahibi, \u00e7ocuklar\u0131, atmosferi esas kaybeden olur. Bu anlamda 2010&#8217;da T\u00fcrkiye Yazma Eserler Ba\u015fkanl\u0131\u011f\u0131n\u0131 kurduk. 17 yazma eser k\u00fct\u00fcphanesi ki, \u0130stanbul, Bursa, Diyarbak\u0131r, Edirne, Kayseri, Konya, Sivas ba\u015fta olmak \u00fczere toplam bug\u00fcn 428 bin yazma eser bulunmaktad\u0131r.\u201d<\/p>\n<p style=\"text-align: justify;\">-\u201dKitaba ve k\u00fct\u00fcphaneye \u00f6nem veren bir partiyiz\u201d<\/p>\n<p style=\"text-align: justify;\">AK Parti Genel Ba\u015fkan Yard\u0131mc\u0131s\u0131 ve Ar-Ge Ba\u015fkan\u0131 Ekrem Erdem, parti olarak \u00fcniversitelere tez ve makalelere \u00f6d\u00fcl verdiklerini s\u00f6yledi. Geleneksel hale gelen AK Parti 4. Sosyal Bilimler Te\u015fvik \u00d6d\u00fclleri T\u00f6reni\u2019nin Mart ay\u0131ndaki K\u00fct\u00fcphane Haftas\u0131 ile birle\u015ftirildi\u011fine i\u015faret eden Erdem, b\u00f6ylece t\u00f6renin daha anlaml\u0131 yap\u0131ld\u0131\u011f\u0131n\u0131 d\u00fc\u015f\u00fcnd\u00fcklerini anlatt\u0131. Erdem, haz\u0131rlanan b\u00fct\u00fcn tezler ve makalelerin de\u011ferli ve sayg\u0131ya lay\u0131k oldu\u011funu vurgulayarak, programda \u00fc\u00e7 makale ve tezin \u00f6d\u00fcl alaca\u011f\u0131n\u0131 kaydetti.<\/p>\n<p style=\"text-align: justify;\">Kitaba ve k\u00fct\u00fcphaneye \u00f6nem veren bir parti olduklar\u0131n\u0131 ifade eden Erdem, Cumhurba\u015fkan\u0131 Recep Tayyip Erdo\u011fan\u2019\u0131n talimat\u0131 do\u011frultusunda AK Parti Genel Merkezi\u2019ndeki k\u00fct\u00fcphanenin hem te\u015fkilata hem halka hizmet verdi\u011fini belirtti.<\/p>\n<p style=\"text-align: justify;\"><span style=\"color: #ff0000;\"><strong>&#8220;Kitaba ve k\u00fct\u00fcphaneye de\u011fer veren bir h\u00fck\u00fcmet ve parti, en son al\u0131mlarda (<a href=\"http:\/\/www.bbyhaber.com\/bby\/2014\/12\/01\/bby-2014-2-kpss-yerlestirme-min-max-puanlari\/\" target=\"_blank\">t\u0131kla ve g\u00f6r<\/a>) ne kadar \u00f6nem verdi\u011fini herkese g\u00f6sterdi ve \u00f6yle bir g\u00f6steri\u015fti ki bu, <span style=\"text-decoration: underline;\">t\u00fcm meslekta\u015flar\u0131m\u0131z ma\u011fdur oldu<\/span>. Nicelik olarak bahsedilenler belki do\u011fru olabilir; fakat a\u00e7\u0131lacak olan k\u00fct\u00fcphanelere &#8220;<span style=\"text-decoration: underline;\">nitelikli k\u00fct\u00fcphaneci<\/span>&#8221; al\u0131nmad\u0131ktan sonra isterseniz milyonlarca k\u00fct\u00fcphane a\u00e7\u0131ls\u0131n, milyonlarca kitap gelsin!!! Buralar\u0131 &#8220;<span style=\"text-decoration: underline;\">modern k\u00fct\u00fcphane<\/span>&#8221; yapacak ki\u015filer &#8220;<span style=\"text-decoration: underline;\">meslekta\u015flar\u0131m\u0131zd\u0131r<\/span>&#8220;, oradan buradan s\u00fcrg\u00fcn g\u00f6nderilip k\u00fct\u00fcphanelerin kadrolar\u0131n\u0131 dolduran ki\u015filer de\u011fil!!! <span style=\"text-decoration: underline;\">K\u00fct\u00fcphanelere &#8220;K\u00fct\u00fcphaneci<\/span>&#8221; gerek Say\u0131n Ba\u015fbakan!!!@bbyhaber&#8221;<\/strong><\/span><\/p>\n<p>&nbsp;<\/p>\n","protected":false},"excerpt":{"rendered":"<p>4.Sosyal Bilimler Te\u015fvik \u00d6d\u00fcl T\u00f6reni ve Kitab\u0131n Medeniyeti ve K\u00fct\u00fcphaneler \u015euras\u0131&#8217;nda &#8220;K\u00fct\u00fcphaneler&#8221; hakk\u0131nda konu\u015fulan AK Parti Genel Ba\u015fkan\u0131 ve Ba\u015fbakan Ahmet Davuto\u011flu \u015funlar\u0131 s\u00f6yledi: &#8220;Modern k\u00fct\u00fcphanecilik sistemleri aras\u0131nda yer alan radyo frekansl\u0131 tan\u0131mlama sistemini T\u00fcrkiye\u2019de ilk kullanan k\u00fct\u00fcphane niteli\u011fi ta\u015f\u0131d\u0131k. Yay\u0131nc\u0131 sertifikas\u0131na sahip olan partiden biriyiz. 2011&#8217;den beri T\u00fcrkiye Toplu Katalo\u011fu (TO-KAT) \u00fcyesiyiz.<\/p>\n","protected":false},"author":129,"featured_media":0,"comment_status":"open","ping_status":"open","sticky":false,"template":"","format":"standard","meta":{"footnotes":""},"categories":[1],"tags":[],"class_list":["post-16391","post","type-post","status-publish","format-standard","hentry","category-genel"],"_links":{"self":[{"href":"https:\/\/www.bbyhaber.com\/bby\/wp-json\/wp\/v2\/posts\/16391"}],"collection":[{"href":"https:\/\/www.bbyhaber.com\/bby\/wp-json\/wp\/v2\/posts"}],"about":[{"href":"https:\/\/www.bbyhaber.com\/bby\/wp-json\/wp\/v2\/types\/post"}],"author":[{"embeddable":true,"href":"https:\/\/www.bbyhaber.com\/bby\/wp-json\/wp\/v2\/users\/129"}],"replies":[{"embeddable":true,"href":"https:\/\/www.bbyhaber.com\/bby\/wp-json\/wp\/v2\/comments?post=16391"}],"version-history":[{"count":0,"href":"https:\/\/www.bbyhaber.com\/bby\/wp-json\/wp\/v2\/posts\/16391\/revisions"}],"wp:attachment":[{"href":"https:\/\/www.bbyhaber.com\/bby\/wp-json\/wp\/v2\/media?parent=16391"}],"wp:term":[{"taxonomy":"category","embeddable":true,"href":"https:\/\/www.bbyhaber.com\/bby\/wp-json\/wp\/v2\/categories?post=16391"},{"taxonomy":"post_tag","embeddable":true,"href":"https:\/\/www.bbyhaber.com\/bby\/wp-json\/wp\/v2\/tags?post=16391"}],"curies":[{"name":"wp","href":"https:\/\/api.w.org\/{rel}","templated":true}]}}