{"id":16386,"date":"2015-03-20T10:51:37","date_gmt":"2015-03-20T08:51:37","guid":{"rendered":"http:\/\/www.bbyhaber.com\/bby\/?p=16386"},"modified":"2015-03-20T11:45:35","modified_gmt":"2015-03-20T09:45:35","slug":"bilgi-toplumu-stratejisi-ve-eylem-plani-2015-2018","status":"publish","type":"post","link":"https:\/\/www.bbyhaber.com\/bby\/2015\/03\/20\/bilgi-toplumu-stratejisi-ve-eylem-plani-2015-2018","title":{"rendered":"Bilgi Toplumu Stratejisi ve Eylem Plan\u0131 (2015-2018)"},"content":{"rendered":"<p style=\"text-align: justify;\"><img loading=\"lazy\" decoding=\"async\" class=\"alignleft\" src=\"http:\/\/www.bbyhaber.com\/bby\/wp-content\/uploads\/2015\/03\/bt-eylem-plani.jpg\" alt=\"\" width=\"245\" height=\"136\" \/>Kalk\u0131nma Bakanl\u0131\u011f\u0131 koordinat\u00f6rl\u00fc\u011f\u00fcnde, ilgili kamu kurum ve kurulu\u015flar\u0131, sivil toplum kurulu\u015flar\u0131, \u00f6zel kesim kurulu\u015flar\u0131 ile ki\u015filerden al\u0131nan g\u00f6r\u00fc\u015fler do\u011frultusunda haz\u0131rlanan 2015-2018 Bilgi Toplumu Stratejisi ve Eylem Plan\u0131, Y\u00fcksek Planlama Kurulu taraf\u0131ndan kabul edilerek 6 Mart 2015 tarihli Resmi Gazete\u2019nin M\u00fckerrer say\u0131s\u0131nda yay\u0131mlanm\u0131\u015ft\u0131r. 2015-2018 Bilgi Toplumu Stratejisi ve Eylem Plan\u0131 b\u00fcy\u00fcme ve istihdam oda\u011f\u0131nda haz\u0131rlanm\u0131\u015ft\u0131r.<!--more--> Odak ve kapsam\u0131n belirlenmesinde, Onuncu Kalk\u0131nma Plan\u0131nda tan\u0131mlanan bilgi toplumu politikalar\u0131 ve hedefler ba\u015fta olmak \u00fczere ulusal, tematik ve b\u00f6lgesel politika belgeler ve Avrupa Birli\u011fi\u2019nin Avrupa \u0130\u00e7in Say\u0131sal G\u00fcndem giri\u015fimi belirleyici olmu\u015ftur.<\/p>\n<p>2015-2018 Bilgi Toplumu Stratejisi ve Eylem Plan\u0131, 8 ana eksenden olu\u015fmaktad\u0131r:<\/p>\n<p>1) Bilgi Teknolojileri Sekt\u00f6r\u00fc<br \/>\n2) Geni\u015fbant Altyap\u0131s\u0131 ve Sekt\u00f6rel Rekabet<br \/>\n3) Nitelikli \u0130nsan Kayna\u011f\u0131 ve \u0130stihdam<br \/>\n4) Bilgi ve \u0130leti\u015fim Teknolojilerinin Topluma N\u00fcfuzu<br \/>\n5) Bilgi G\u00fcvenli\u011fi ve Kullan\u0131c\u0131 G\u00fcveni<br \/>\n6) Bilgi ve \u0130leti\u015fim Teknolojileri Destekli Yenilik\u00e7i \u00c7\u00f6z\u00fcmler<br \/>\n7) \u0130nternet Giri\u015fimcili\u011fi ve e-Ticaret<br \/>\n8- Kamu Hizmetlerinde Kullan\u0131c\u0131 Odakl\u0131l\u0131k ve Etkinlik<\/p>\n<p style=\"text-align: justify;\"><a href=\"http:\/\/www.kalkinma.gov.tr\/Lists\/Duyuru%20ve%20Haberler\/Attachments\/681\/20152018_bilgi_toplumu_stratejisi_ve_eylem_plani.pdf\" target=\"_blank\"><span style=\"color: #0000ff;\"><strong>Bilgi Toplumu Stratejisi ve Eylem Plan\u0131 (2015-2018)&#8217;n\u0131 okumak i\u00e7in t\u0131klay\u0131n\u0131z.<\/strong><\/span><\/a><\/p>\n","protected":false},"excerpt":{"rendered":"<p>Kalk\u0131nma Bakanl\u0131\u011f\u0131 koordinat\u00f6rl\u00fc\u011f\u00fcnde, ilgili kamu kurum ve kurulu\u015flar\u0131, sivil toplum kurulu\u015flar\u0131, \u00f6zel kesim kurulu\u015flar\u0131 ile ki\u015filerden al\u0131nan g\u00f6r\u00fc\u015fler do\u011frultusunda haz\u0131rlanan 2015-2018 Bilgi Toplumu Stratejisi ve Eylem Plan\u0131, Y\u00fcksek Planlama Kurulu taraf\u0131ndan kabul edilerek 6 Mart 2015 tarihli Resmi Gazete\u2019nin M\u00fckerrer say\u0131s\u0131nda yay\u0131mlanm\u0131\u015ft\u0131r. 2015-2018 Bilgi Toplumu Stratejisi ve Eylem Plan\u0131 b\u00fcy\u00fcme ve istihdam oda\u011f\u0131nda haz\u0131rlanm\u0131\u015ft\u0131r.<\/p>\n","protected":false},"author":1,"featured_media":0,"comment_status":"open","ping_status":"open","sticky":false,"template":"","format":"standard","meta":{"footnotes":""},"categories":[1],"tags":[],"class_list":["post-16386","post","type-post","status-publish","format-standard","hentry","category-genel"],"_links":{"self":[{"href":"https:\/\/www.bbyhaber.com\/bby\/wp-json\/wp\/v2\/posts\/16386"}],"collection":[{"href":"https:\/\/www.bbyhaber.com\/bby\/wp-json\/wp\/v2\/posts"}],"about":[{"href":"https:\/\/www.bbyhaber.com\/bby\/wp-json\/wp\/v2\/types\/post"}],"author":[{"embeddable":true,"href":"https:\/\/www.bbyhaber.com\/bby\/wp-json\/wp\/v2\/users\/1"}],"replies":[{"embeddable":true,"href":"https:\/\/www.bbyhaber.com\/bby\/wp-json\/wp\/v2\/comments?post=16386"}],"version-history":[{"count":0,"href":"https:\/\/www.bbyhaber.com\/bby\/wp-json\/wp\/v2\/posts\/16386\/revisions"}],"wp:attachment":[{"href":"https:\/\/www.bbyhaber.com\/bby\/wp-json\/wp\/v2\/media?parent=16386"}],"wp:term":[{"taxonomy":"category","embeddable":true,"href":"https:\/\/www.bbyhaber.com\/bby\/wp-json\/wp\/v2\/categories?post=16386"},{"taxonomy":"post_tag","embeddable":true,"href":"https:\/\/www.bbyhaber.com\/bby\/wp-json\/wp\/v2\/tags?post=16386"}],"curies":[{"name":"wp","href":"https:\/\/api.w.org\/{rel}","templated":true}]}}